{"id":15824,"date":"2023-03-10T08:17:55","date_gmt":"2023-03-10T11:17:55","guid":{"rendered":"http:\/\/www.sinprofaz.org.br\/?p=15824"},"modified":"2023-03-13T09:43:04","modified_gmt":"2023-03-13T12:43:04","slug":"sinprofaz-participa-da-solenidade-de-posse-da-diretoria-da-anauni","status":"publish","type":"post","link":"https:\/\/sinprofaz.org.br\/2024\/noticias\/sinprofaz-participa-da-solenidade-de-posse-da-diretoria-da-anauni\/","title":{"rendered":"SINPROFAZ PARTICIPA DA SOLENIDADE DE POSSE DA DIRETORIA DA ANAUNI"},"content":{"rendered":"<p>O SINPROFAZ, representado pelo presidente Achilles Frias, pela vice-presidente Iolanda Guindani e pelo diretor Roberto Rodrigues, compareceu \u00e0 cerim\u00f4nia de posse da Diretoria da Associa\u00e7\u00e3o Nacional dos Advogados da Uni\u00e3o &#8211; ANAUNI. Realizada em Bras\u00edlia\/DF, a solenidade contou com a presen\u00e7a dos filiados Jorge Messias, advogado-geral da Uni\u00e3o; Jos\u00e9 Levi Mello, ex-advogado-geral da Uni\u00e3o e atual secret\u00e1rio-geral da Presid\u00eancia do TSE; Tadeu Alencar, secret\u00e1rio nacional de Seguran\u00e7a P\u00fablica; Claudia Trindade, assessora especial de Diversidade e Inclus\u00e3o da AGU; e Maria Dionne Felipe, presidente da Comiss\u00e3o Nacional de Advocacia P\u00fablica do CFOAB.<\/p>\n<p>Convidado pela ANAUNI para discursar na qualidade de presidente do F\u00f3rum Nacional da Advocacia P\u00fablica Federal, Achilles Frias lembrou a excel\u00eancia do trabalho conjunto empreendido h\u00e1 anos pelas entidades parceiras, al\u00e9m das ricas contribui\u00e7\u00f5es de ex-presidentes da Associa\u00e7\u00e3o Nacional dos Advogados da Uni\u00e3o, como Bruno Fortes e M\u00e1rcia David. Segundo Achilles Frias, a exitosa administra\u00e7\u00e3o realizada no bi\u00eanio 2021-2023 por Cl\u00f3vis Andrade credenciou o empossado a assumir o segundo mandato na presid\u00eancia da Associa\u00e7\u00e3o.<\/p>\n<p>&#8220;\u00c9 uma honra estar novamente na posse da Diretoria da ANAUNI. O presidente Dr. Cl\u00f3vis fez uma brilhante gest\u00e3o, inclusive \u00e0 frente do FORVM, quando pela primeira vez a Associa\u00e7\u00e3o assumiu a presid\u00eancia da entidade. Considero que o F\u00f3rum Nacional da Advocacia P\u00fablica Federal tem muito a contribuir, especialmente se contar com a for\u00e7a de todas as entidades representativas das carreiras da AGU. Aos membros da Diretoria hoje empossada, meus parab\u00e9ns e desejos de muito sucesso. Seguiremos juntos em benef\u00edcio das advogadas e dos advogados p\u00fablicos federais&#8221;, concluiu o presidente do SINPROFAZ.<\/p>\n\n\t\t<style type=\"text\/css\">\n\t\t\t#gallery-1 {\n\t\t\t\tmargin: auto;\n\t\t\t}\n\t\t\t#gallery-1 .gallery-item {\n\t\t\t\tfloat: left;\n\t\t\t\tmargin-top: 10px;\n\t\t\t\ttext-align: center;\n\t\t\t\twidth: 33%;\n\t\t\t}\n\t\t\t#gallery-1 img {\n\t\t\t\tborder: 2px solid #cfcfcf;\n\t\t\t}\n\t\t\t#gallery-1 .gallery-caption {\n\t\t\t\tmargin-left: 0;\n\t\t\t}\n\t\t\t\/* see gallery_shortcode() in wp-includes\/media.php *\/\n\t\t<\/style>\n\t\t<div id='gallery-1' class='gallery galleryid-15824 gallery-columns-3 gallery-size-thumbnail'><dl class='gallery-item'>\n\t\t\t<dt class='gallery-icon landscape'>\n\t\t\t\t<a href='https:\/\/sinprofaz.org.br\/2024\/wp-content\/uploads\/2023\/03\/posse-anauni-2.png'><img loading=\"lazy\" decoding=\"async\" width=\"150\" height=\"150\" src=\"https:\/\/sinprofaz.org.br\/2024\/wp-content\/uploads\/2023\/03\/posse-anauni-2-150x150.png\" class=\"attachment-thumbnail size-thumbnail\" alt=\"\" \/><\/a>\n\t\t\t<\/dt><\/dl><dl class='gallery-item'>\n\t\t\t<dt class='gallery-icon landscape'>\n\t\t\t\t<a href='https:\/\/sinprofaz.org.br\/2024\/wp-content\/uploads\/2023\/03\/posse-anauni-3.png'><img loading=\"lazy\" decoding=\"async\" width=\"150\" height=\"150\" src=\"https:\/\/sinprofaz.org.br\/2024\/wp-content\/uploads\/2023\/03\/posse-anauni-3-150x150.png\" class=\"attachment-thumbnail size-thumbnail\" alt=\"\" \/><\/a>\n\t\t\t<\/dt><\/dl><dl class='gallery-item'>\n\t\t\t<dt class='gallery-icon landscape'>\n\t\t\t\t<a href='https:\/\/sinprofaz.org.br\/2024\/wp-content\/uploads\/2023\/03\/posse-anauni-4.png'><img loading=\"lazy\" decoding=\"async\" width=\"150\" height=\"150\" src=\"https:\/\/sinprofaz.org.br\/2024\/wp-content\/uploads\/2023\/03\/posse-anauni-4-150x150.png\" class=\"attachment-thumbnail size-thumbnail\" alt=\"\" \/><\/a>\n\t\t\t<\/dt><\/dl><br style=\"clear: both\" \/><dl class='gallery-item'>\n\t\t\t<dt class='gallery-icon landscape'>\n\t\t\t\t<a href='https:\/\/sinprofaz.org.br\/2024\/wp-content\/uploads\/2023\/03\/posse-anauni-5.png'><img loading=\"lazy\" decoding=\"async\" width=\"150\" height=\"150\" src=\"https:\/\/sinprofaz.org.br\/2024\/wp-content\/uploads\/2023\/03\/posse-anauni-5-150x150.png\" class=\"attachment-thumbnail size-thumbnail\" alt=\"\" \/><\/a>\n\t\t\t<\/dt><\/dl><dl class='gallery-item'>\n\t\t\t<dt class='gallery-icon landscape'>\n\t\t\t\t<a href='https:\/\/sinprofaz.org.br\/2024\/wp-content\/uploads\/2023\/03\/posse-anauni-6.png'><img loading=\"lazy\" decoding=\"async\" width=\"150\" height=\"150\" src=\"https:\/\/sinprofaz.org.br\/2024\/wp-content\/uploads\/2023\/03\/posse-anauni-6-150x150.png\" class=\"attachment-thumbnail size-thumbnail\" alt=\"\" \/><\/a>\n\t\t\t<\/dt><\/dl><dl class='gallery-item'>\n\t\t\t<dt class='gallery-icon landscape'>\n\t\t\t\t<a href='https:\/\/sinprofaz.org.br\/2024\/wp-content\/uploads\/2023\/03\/posse-anauni-7.png'><img loading=\"lazy\" decoding=\"async\" width=\"150\" height=\"150\" src=\"https:\/\/sinprofaz.org.br\/2024\/wp-content\/uploads\/2023\/03\/posse-anauni-7-150x150.png\" class=\"attachment-thumbnail size-thumbnail\" alt=\"\" \/><\/a>\n\t\t\t<\/dt><\/dl><br style=\"clear: both\" \/>\n\t\t<\/div>\n\n","protected":false},"excerpt":{"rendered":"<p>O SINPROFAZ, representado pelo presidente Achilles Frias, pela vice-presidente Iolanda Guindani e pelo diretor Roberto Rodrigues, compareceu \u00e0 cerim\u00f4nia de posse da Diretoria da Associa\u00e7\u00e3o Nacional dos Advogados da Uni\u00e3o &#8211; ANAUNI. A solenidade foi realizada em Bras\u00edlia\/DF.<\/p>\n","protected":false},"author":2,"featured_media":15825,"comment_status":"open","ping_status":"open","sticky":false,"template":"","format":"standard","meta":{"footnotes":""},"categories":[8],"tags":[34,137,25],"featured_image_url":"https:\/\/sinprofaz.org.br\/2024\/wp-content\/uploads\/2023\/03\/posse-anauni-1.png","character_count":1126,"formatted_date":"10\/03\/2023 - 08:17","contentNovo":"O SINPROFAZ, representado pelo presidente Achilles Frias, pela vice-presidente Iolanda Guindani e pelo diretor Roberto Rodrigues, compareceu \u00e0 cerim\u00f4nia de posse da Diretoria da Associa\u00e7\u00e3o Nacional dos Advogados da Uni\u00e3o - ANAUNI. Realizada em Bras\u00edlia\/DF, a solenidade contou com a presen\u00e7a dos filiados Jorge Messias, advogado-geral da Uni\u00e3o; Jos\u00e9 Levi Mello, ex-advogado-geral da Uni\u00e3o e atual secret\u00e1rio-geral da Presid\u00eancia do TSE; Tadeu Alencar, secret\u00e1rio nacional de Seguran\u00e7a P\u00fablica; Claudia Trindade, assessora especial de Diversidade e Inclus\u00e3o da AGU; e Maria Dionne Felipe, presidente da Comiss\u00e3o Nacional de Advocacia P\u00fablica do CFOAB.\r\n\r\nConvidado pela ANAUNI para discursar na qualidade de presidente do F\u00f3rum Nacional da Advocacia P\u00fablica Federal, Achilles Frias lembrou a excel\u00eancia do trabalho conjunto empreendido h\u00e1 anos pelas entidades parceiras, al\u00e9m das ricas contribui\u00e7\u00f5es de ex-presidentes da Associa\u00e7\u00e3o Nacional dos Advogados da Uni\u00e3o, como Bruno Fortes e M\u00e1rcia David. Segundo Achilles Frias, a exitosa administra\u00e7\u00e3o realizada no bi\u00eanio 2021-2023 por Cl\u00f3vis Andrade credenciou o empossado a assumir o segundo mandato na presid\u00eancia da Associa\u00e7\u00e3o.\r\n\r\n\"\u00c9 uma honra estar novamente na posse da Diretoria da ANAUNI. O presidente Dr. Cl\u00f3vis fez uma brilhante gest\u00e3o, inclusive \u00e0 frente do FORVM, quando pela primeira vez a Associa\u00e7\u00e3o assumiu a presid\u00eancia da entidade. Considero que o F\u00f3rum Nacional da Advocacia P\u00fablica Federal tem muito a contribuir, especialmente se contar com a for\u00e7a de todas as entidades representativas das carreiras da AGU. Aos membros da Diretoria hoje empossada, meus parab\u00e9ns e desejos de muito sucesso. Seguiremos juntos em benef\u00edcio das advogadas e dos advogados p\u00fablicos federais\", concluiu o presidente do SINPROFAZ.\r\n\r\n[gallery link=\"file\" ids=\"15826,15827,15828,15829,15830,15831\"]","_links":{"self":[{"href":"https:\/\/sinprofaz.org.br\/2024\/wp-json\/wp\/v2\/posts\/15824"}],"collection":[{"href":"https:\/\/sinprofaz.org.br\/2024\/wp-json\/wp\/v2\/posts"}],"about":[{"href":"https:\/\/sinprofaz.org.br\/2024\/wp-json\/wp\/v2\/types\/post"}],"author":[{"embeddable":true,"href":"https:\/\/sinprofaz.org.br\/2024\/wp-json\/wp\/v2\/users\/2"}],"replies":[{"embeddable":true,"href":"https:\/\/sinprofaz.org.br\/2024\/wp-json\/wp\/v2\/comments?post=15824"}],"version-history":[{"count":3,"href":"https:\/\/sinprofaz.org.br\/2024\/wp-json\/wp\/v2\/posts\/15824\/revisions"}],"predecessor-version":[{"id":15842,"href":"https:\/\/sinprofaz.org.br\/2024\/wp-json\/wp\/v2\/posts\/15824\/revisions\/15842"}],"wp:featuredmedia":[{"embeddable":true,"href":"https:\/\/sinprofaz.org.br\/2024\/wp-json\/wp\/v2\/media\/15825"}],"wp:attachment":[{"href":"https:\/\/sinprofaz.org.br\/2024\/wp-json\/wp\/v2\/media?parent=15824"}],"wp:term":[{"taxonomy":"category","embeddable":true,"href":"https:\/\/sinprofaz.org.br\/2024\/wp-json\/wp\/v2\/categories?post=15824"},{"taxonomy":"post_tag","embeddable":true,"href":"https:\/\/sinprofaz.org.br\/2024\/wp-json\/wp\/v2\/tags?post=15824"}],"curies":[{"name":"wp","href":"https:\/\/api.w.org\/{rel}","templated":true}]}}