{"id":15807,"date":"2023-03-08T10:00:00","date_gmt":"2023-03-08T13:00:00","guid":{"rendered":"http:\/\/www.sinprofaz.org.br\/?p=15807"},"modified":"2023-03-08T10:12:38","modified_gmt":"2023-03-08T13:12:38","slug":"sinprofaz-comparece-ao-evento-de-comemoracao-pelos-30-anos-da-agu","status":"publish","type":"post","link":"https:\/\/sinprofaz.org.br\/2024\/noticias\/sinprofaz-comparece-ao-evento-de-comemoracao-pelos-30-anos-da-agu\/","title":{"rendered":"SINPROFAZ COMPARECE AO EVENTO DE COMEMORA\u00c7\u00c3O PELOS 30 ANOS DA AGU"},"content":{"rendered":"<p>O SINPROFAZ, representado pelo presidente Achilles Frias, pela vice-presidente Iolanda Guindani e pelo diretor Roberto Rodrigues, compareceu na ter\u00e7a-feira (7) ao evento &#8220;AGU 30 anos&#8221;. Com pain\u00e9is e palestras ao longo de todo o dia, a comemora\u00e7\u00e3o reuniu advogadas p\u00fablicas e advogados p\u00fablicos, ministros do Supremo Tribunal Federal e de outras Cortes superiores, ministros de Estado, parlamentares e representantes da sociedade civil. O evento foi realizado no Centro Internacional de Conven\u00e7\u00f5es do Brasil, em Bras\u00edlia\/DF, que sediou debates a respeito da import\u00e2ncia da Advocacia-Geral da Uni\u00e3o na defesa da juridicidade e do interesse p\u00fablico e na consolida\u00e7\u00e3o do Estado Democr\u00e1tico de Direito e do Estado Social de Direito, previstos na Constitui\u00e7\u00e3o Federal.<\/p>\n<p><strong>Mesa de Abertura<\/strong><br \/>\nNa solenidade de abertura, a Mesa de autoridades foi composta por Jorge Messias, advogado-geral da Uni\u00e3o; Alexandre de Moraes, presidente do Tribunal Superior Eleitoral e ministro do Supremo Tribunal Federal; Gilmar Mendes, ministro do Supremo Tribunal Federal e ex-advogado-geral da Uni\u00e3o; Alberto Simonetti, presidente do Conselho Federal da Ordem dos Advogados do Brasil; Veneziano Vital do R\u00eago, vice-presidente do Senado Federal, que representou o presidente, Rodrigo Pacheco; Benjamin Zymler, ministro do Tribunal de Contas da Uni\u00e3o, que representou o presidente, Bruno Dantas; Isadora Cartaxo de Arruda, secret\u00e1ria-geral de Contencioso da AGU; e Luiz Augusto Lima, subprocurador-geral da Rep\u00fablica, que representou o procurador-geral, Augusto Aras.<\/p>\n<p>Ao iniciar o discurso preparado para a ocasi\u00e3o, o filiado Jorge Messias saudou os integrantes das entidades representativas das carreiras da AGU &#8211; cumprimento que fez na pessoa de Achilles Frias, presidente do Sindicato e do F\u00f3rum Nacional da Advocacia P\u00fablica Federal. Dando seguimento \u00e0 fala, o ministro destacou que, al\u00e9m de trabalhar pelo resgate do respeito \u00e0s institui\u00e7\u00f5es democraticamente constitu\u00eddas &#8211; diretriz que se fortaleceu ap\u00f3s os ataques do dia 8 de janeiro -, a AGU tamb\u00e9m olha para os pr\u00f3ximos 30 anos. Tendo em conta que a Advocacia-Geral da Uni\u00e3o foi constru\u00edda a partir do trabalho de muitas pessoas, Messias ressaltou o compromisso da Institui\u00e7\u00e3o de seguir atuando para honrar os antecessores e para enfrentar as quest\u00f5es do presente &#8211; especialmente relacionadas \u00e0 era digital, \u00e0 ind\u00fastria 4.0 e \u00e0s mudan\u00e7as clim\u00e1ticas.<\/p>\n<p>&#8220;A atual gest\u00e3o da AGU, iniciada em janeiro deste ano, tem o dever \u00e9tico de dar continuidade ao trabalho realizado nos \u00faltimos 30 anos. Se conseguimos chegar at\u00e9 aqui com \u00eaxito, precisamos agora dotar a Advocacia-Geral da Uni\u00e3o dos meios necess\u00e1rios para que ela continue a cumprir, com a excel\u00eancia de sempre, seu papel institucional e os complexos desafios da contemporaneidade. Pensando nisso, implementamos uma s\u00e9rie de inova\u00e7\u00f5es na AGU e promovemos um rearranjo de nossas atribui\u00e7\u00f5es com o prop\u00f3sito claro de dar forma e refor\u00e7ar a atua\u00e7\u00e3o em temas que, na atual conjuntura, s\u00e3o relevantes para o pa\u00eds. Entre as inova\u00e7\u00f5es est\u00e1 a cria\u00e7\u00e3o da Procuradoria Nacional de Defesa da Democracia, a qual ter\u00e1 a nobre tarefa de realizar o enfrentamento \u00e0 desinforma\u00e7\u00e3o&#8221;, enfatizou Jorge Messias.<\/p>\n\n\t\t<style type=\"text\/css\">\n\t\t\t#gallery-1 {\n\t\t\t\tmargin: auto;\n\t\t\t}\n\t\t\t#gallery-1 .gallery-item {\n\t\t\t\tfloat: left;\n\t\t\t\tmargin-top: 10px;\n\t\t\t\ttext-align: center;\n\t\t\t\twidth: 33%;\n\t\t\t}\n\t\t\t#gallery-1 img {\n\t\t\t\tborder: 2px solid #cfcfcf;\n\t\t\t}\n\t\t\t#gallery-1 .gallery-caption {\n\t\t\t\tmargin-left: 0;\n\t\t\t}\n\t\t\t\/* see gallery_shortcode() in wp-includes\/media.php *\/\n\t\t<\/style>\n\t\t<div id='gallery-1' class='gallery galleryid-15807 gallery-columns-3 gallery-size-thumbnail'><dl class='gallery-item'>\n\t\t\t<dt class='gallery-icon landscape'>\n\t\t\t\t<a href='https:\/\/sinprofaz.org.br\/2024\/wp-content\/uploads\/2023\/03\/AGU-2.jpg'><img loading=\"lazy\" decoding=\"async\" width=\"150\" height=\"150\" src=\"https:\/\/sinprofaz.org.br\/2024\/wp-content\/uploads\/2023\/03\/AGU-2-150x150.jpg\" class=\"attachment-thumbnail size-thumbnail\" alt=\"\" aria-describedby=\"gallery-1-15809\" \/><\/a>\n\t\t\t<\/dt>\n\t\t\t\t<dd class='wp-caption-text gallery-caption' id='gallery-1-15809'>\n\t\t\t\tIolanda Guindani, Clarice Calixto, Achilles Frias e Roberto Rodrigues\n\t\t\t\t<\/dd><\/dl><dl class='gallery-item'>\n\t\t\t<dt class='gallery-icon landscape'>\n\t\t\t\t<a href='https:\/\/sinprofaz.org.br\/2024\/wp-content\/uploads\/2023\/03\/AGU-3.jpg'><img loading=\"lazy\" decoding=\"async\" width=\"150\" height=\"150\" src=\"https:\/\/sinprofaz.org.br\/2024\/wp-content\/uploads\/2023\/03\/AGU-3-150x150.jpg\" class=\"attachment-thumbnail size-thumbnail\" alt=\"\" aria-describedby=\"gallery-1-15810\" \/><\/a>\n\t\t\t<\/dt>\n\t\t\t\t<dd class='wp-caption-text gallery-caption' id='gallery-1-15810'>\n\t\t\t\tIolanda Guindani, Jo\u00e3o Carlos Souto e Achilles Frias\n\t\t\t\t<\/dd><\/dl><dl class='gallery-item'>\n\t\t\t<dt class='gallery-icon landscape'>\n\t\t\t\t<a href='https:\/\/sinprofaz.org.br\/2024\/wp-content\/uploads\/2023\/03\/AGU-4.jpg'><img loading=\"lazy\" decoding=\"async\" width=\"150\" height=\"150\" src=\"https:\/\/sinprofaz.org.br\/2024\/wp-content\/uploads\/2023\/03\/AGU-4-150x150.jpg\" class=\"attachment-thumbnail size-thumbnail\" alt=\"\" aria-describedby=\"gallery-1-15811\" \/><\/a>\n\t\t\t<\/dt>\n\t\t\t\t<dd class='wp-caption-text gallery-caption' id='gallery-1-15811'>\n\t\t\t\tJorge Messias\n\t\t\t\t<\/dd><\/dl><br style=\"clear: both\" \/><dl class='gallery-item'>\n\t\t\t<dt class='gallery-icon landscape'>\n\t\t\t\t<a href='https:\/\/sinprofaz.org.br\/2024\/wp-content\/uploads\/2023\/03\/AGU-5.jpg'><img loading=\"lazy\" decoding=\"async\" width=\"150\" height=\"150\" src=\"https:\/\/sinprofaz.org.br\/2024\/wp-content\/uploads\/2023\/03\/AGU-5-150x150.jpg\" class=\"attachment-thumbnail size-thumbnail\" alt=\"\" aria-describedby=\"gallery-1-15812\" \/><\/a>\n\t\t\t<\/dt>\n\t\t\t\t<dd class='wp-caption-text gallery-caption' id='gallery-1-15812'>\n\t\t\t\tAlexandre de Moraes\n\t\t\t\t<\/dd><\/dl><dl class='gallery-item'>\n\t\t\t<dt class='gallery-icon landscape'>\n\t\t\t\t<a href='https:\/\/sinprofaz.org.br\/2024\/wp-content\/uploads\/2023\/03\/AGU-6.jpg'><img loading=\"lazy\" decoding=\"async\" width=\"150\" height=\"150\" src=\"https:\/\/sinprofaz.org.br\/2024\/wp-content\/uploads\/2023\/03\/AGU-6-150x150.jpg\" class=\"attachment-thumbnail size-thumbnail\" alt=\"\" aria-describedby=\"gallery-1-15813\" \/><\/a>\n\t\t\t<\/dt>\n\t\t\t\t<dd class='wp-caption-text gallery-caption' id='gallery-1-15813'>\n\t\t\t\tGilmar Mendes\n\t\t\t\t<\/dd><\/dl><dl class='gallery-item'>\n\t\t\t<dt class='gallery-icon landscape'>\n\t\t\t\t<a href='https:\/\/sinprofaz.org.br\/2024\/wp-content\/uploads\/2023\/03\/AGU-7.jpg'><img loading=\"lazy\" decoding=\"async\" width=\"150\" height=\"150\" src=\"https:\/\/sinprofaz.org.br\/2024\/wp-content\/uploads\/2023\/03\/AGU-7-150x150.jpg\" class=\"attachment-thumbnail size-thumbnail\" alt=\"\" aria-describedby=\"gallery-1-15814\" \/><\/a>\n\t\t\t<\/dt>\n\t\t\t\t<dd class='wp-caption-text gallery-caption' id='gallery-1-15814'>\n\t\t\t\tAlberto Simonetti\n\t\t\t\t<\/dd><\/dl><br style=\"clear: both\" \/><dl class='gallery-item'>\n\t\t\t<dt class='gallery-icon landscape'>\n\t\t\t\t<a href='https:\/\/sinprofaz.org.br\/2024\/wp-content\/uploads\/2023\/03\/AGU-8.jpg'><img loading=\"lazy\" decoding=\"async\" width=\"150\" height=\"150\" src=\"https:\/\/sinprofaz.org.br\/2024\/wp-content\/uploads\/2023\/03\/AGU-8-150x150.jpg\" class=\"attachment-thumbnail size-thumbnail\" alt=\"\" aria-describedby=\"gallery-1-15815\" \/><\/a>\n\t\t\t<\/dt>\n\t\t\t\t<dd class='wp-caption-text gallery-caption' id='gallery-1-15815'>\n\t\t\t\tP\u00fablico do Evento AGU 30 anos\n\t\t\t\t<\/dd><\/dl>\n\t\t\t<br style='clear: both' \/>\n\t\t<\/div>\n\n","protected":false},"excerpt":{"rendered":"<p>Com pain\u00e9is e palestras ao longo de todo o dia, a comemora\u00e7\u00e3o reuniu advogadas p\u00fablicas e advogados p\u00fablicos, ministros do Supremo Tribunal Federal e de outras Cortes superiores, ministros de Estado, parlamentares e representantes da sociedade civil.<\/p>\n","protected":false},"author":2,"featured_media":15808,"comment_status":"open","ping_status":"open","sticky":false,"template":"","format":"standard","meta":{"footnotes":""},"categories":[8],"tags":[43,32,25],"featured_image_url":"https:\/\/sinprofaz.org.br\/2024\/wp-content\/uploads\/2023\/03\/AGU-1.jpg","character_count":2019,"formatted_date":"08\/03\/2023 - 10:00","contentNovo":"O SINPROFAZ, representado pelo presidente Achilles Frias, pela vice-presidente Iolanda Guindani e pelo diretor Roberto Rodrigues, compareceu na ter\u00e7a-feira (7) ao evento \"AGU 30 anos\". Com pain\u00e9is e palestras ao longo de todo o dia, a comemora\u00e7\u00e3o reuniu advogadas p\u00fablicas e advogados p\u00fablicos, ministros do Supremo Tribunal Federal e de outras Cortes superiores, ministros de Estado, parlamentares e representantes da sociedade civil. O evento foi realizado no Centro Internacional de Conven\u00e7\u00f5es do Brasil, em Bras\u00edlia\/DF, que sediou debates a respeito da import\u00e2ncia da Advocacia-Geral da Uni\u00e3o na defesa da juridicidade e do interesse p\u00fablico e na consolida\u00e7\u00e3o do Estado Democr\u00e1tico de Direito e do Estado Social de Direito, previstos na Constitui\u00e7\u00e3o Federal.\r\n\r\n<strong>Mesa de Abertura<\/strong>\r\nNa solenidade de abertura, a Mesa de autoridades foi composta por Jorge Messias, advogado-geral da Uni\u00e3o; Alexandre de Moraes, presidente do Tribunal Superior Eleitoral e ministro do Supremo Tribunal Federal; Gilmar Mendes, ministro do Supremo Tribunal Federal e ex-advogado-geral da Uni\u00e3o; Alberto Simonetti, presidente do Conselho Federal da Ordem dos Advogados do Brasil; Veneziano Vital do R\u00eago, vice-presidente do Senado Federal, que representou o presidente, Rodrigo Pacheco; Benjamin Zymler, ministro do Tribunal de Contas da Uni\u00e3o, que representou o presidente, Bruno Dantas; Isadora Cartaxo de Arruda, secret\u00e1ria-geral de Contencioso da AGU; e Luiz Augusto Lima, subprocurador-geral da Rep\u00fablica, que representou o procurador-geral, Augusto Aras.\r\n\r\nAo iniciar o discurso preparado para a ocasi\u00e3o, o filiado Jorge Messias saudou os integrantes das entidades representativas das carreiras da AGU - cumprimento que fez na pessoa de Achilles Frias, presidente do Sindicato e do F\u00f3rum Nacional da Advocacia P\u00fablica Federal. Dando seguimento \u00e0 fala, o ministro destacou que, al\u00e9m de trabalhar pelo resgate do respeito \u00e0s institui\u00e7\u00f5es democraticamente constitu\u00eddas - diretriz que se fortaleceu ap\u00f3s os ataques do dia 8 de janeiro -, a AGU tamb\u00e9m olha para os pr\u00f3ximos 30 anos. Tendo em conta que a Advocacia-Geral da Uni\u00e3o foi constru\u00edda a partir do trabalho de muitas pessoas, Messias ressaltou o compromisso da Institui\u00e7\u00e3o de seguir atuando para honrar os antecessores e para enfrentar as quest\u00f5es do presente - especialmente relacionadas \u00e0 era digital, \u00e0 ind\u00fastria 4.0 e \u00e0s mudan\u00e7as clim\u00e1ticas.\r\n\r\n\"A atual gest\u00e3o da AGU, iniciada em janeiro deste ano, tem o dever \u00e9tico de dar continuidade ao trabalho realizado nos \u00faltimos 30 anos. Se conseguimos chegar at\u00e9 aqui com \u00eaxito, precisamos agora dotar a Advocacia-Geral da Uni\u00e3o dos meios necess\u00e1rios para que ela continue a cumprir, com a excel\u00eancia de sempre, seu papel institucional e os complexos desafios da contemporaneidade. Pensando nisso, implementamos uma s\u00e9rie de inova\u00e7\u00f5es na AGU e promovemos um rearranjo de nossas atribui\u00e7\u00f5es com o prop\u00f3sito claro de dar forma e refor\u00e7ar a atua\u00e7\u00e3o em temas que, na atual conjuntura, s\u00e3o relevantes para o pa\u00eds. Entre as inova\u00e7\u00f5es est\u00e1 a cria\u00e7\u00e3o da Procuradoria Nacional de Defesa da Democracia, a qual ter\u00e1 a nobre tarefa de realizar o enfrentamento \u00e0 desinforma\u00e7\u00e3o\", enfatizou Jorge Messias.\r\n\r\n[gallery link=\"file\" ids=\"15809,15810,15811,15812,15813,15814,15815\"]","_links":{"self":[{"href":"https:\/\/sinprofaz.org.br\/2024\/wp-json\/wp\/v2\/posts\/15807"}],"collection":[{"href":"https:\/\/sinprofaz.org.br\/2024\/wp-json\/wp\/v2\/posts"}],"about":[{"href":"https:\/\/sinprofaz.org.br\/2024\/wp-json\/wp\/v2\/types\/post"}],"author":[{"embeddable":true,"href":"https:\/\/sinprofaz.org.br\/2024\/wp-json\/wp\/v2\/users\/2"}],"replies":[{"embeddable":true,"href":"https:\/\/sinprofaz.org.br\/2024\/wp-json\/wp\/v2\/comments?post=15807"}],"version-history":[{"count":2,"href":"https:\/\/sinprofaz.org.br\/2024\/wp-json\/wp\/v2\/posts\/15807\/revisions"}],"predecessor-version":[{"id":15818,"href":"https:\/\/sinprofaz.org.br\/2024\/wp-json\/wp\/v2\/posts\/15807\/revisions\/15818"}],"wp:featuredmedia":[{"embeddable":true,"href":"https:\/\/sinprofaz.org.br\/2024\/wp-json\/wp\/v2\/media\/15808"}],"wp:attachment":[{"href":"https:\/\/sinprofaz.org.br\/2024\/wp-json\/wp\/v2\/media?parent=15807"}],"wp:term":[{"taxonomy":"category","embeddable":true,"href":"https:\/\/sinprofaz.org.br\/2024\/wp-json\/wp\/v2\/categories?post=15807"},{"taxonomy":"post_tag","embeddable":true,"href":"https:\/\/sinprofaz.org.br\/2024\/wp-json\/wp\/v2\/tags?post=15807"}],"curies":[{"name":"wp","href":"https:\/\/api.w.org\/{rel}","templated":true}]}}