{"id":15800,"date":"2023-03-06T14:00:09","date_gmt":"2023-03-06T17:00:09","guid":{"rendered":"http:\/\/www.sinprofaz.org.br\/?p=15800"},"modified":"2023-03-06T14:02:37","modified_gmt":"2023-03-06T17:02:37","slug":"acesse-a-area-do-filiado-e-preencha-a-procuracao-eletronica-da-ago-2023","status":"publish","type":"post","link":"https:\/\/sinprofaz.org.br\/2024\/noticias\/acesse-a-area-do-filiado-e-preencha-a-procuracao-eletronica-da-ago-2023\/","title":{"rendered":"ACESSE A \u00c1REA DO\u00a0FILIADO E PREENCHA A PROCURA\u00c7\u00c3O ELETR\u00d4NICA DA AGO 2023"},"content":{"rendered":"<p>A Assembleia Geral Ordin\u00e1ria do SINPROFAZ ser\u00e1 realizada no dia 25 de mar\u00e7o, em Bras\u00edlia\/DF. Para que todas as filiadas e todos os filiados possam participar da AGO, o SINPROFAZ disponibiliza procura\u00e7\u00f5es eletr\u00f4nicas.<\/p>\n<p>Para conferir a Procura\u00e7\u00e3o Eletr\u00f4nica AGO 2023, acesse: <a href=\"https:\/\/areadofiliado.sinprofaz.org.br\/pages\/login.php\">bit.ly\/AreadoFiliadoSINPROFAZ<\/a>.<\/p>\n<p><strong>Seguran\u00e7a<\/strong><br \/>\nVisando garantir que o ambiente virtual seja seguro para os Colegas, o <em>login<\/em> na \u00c1rea do Filiado exige matr\u00edcula Siape (7 d\u00edgitos) e senha individual. Em caso de dificuldade para realizar o <em>login<\/em>, clique em &#8220;Esqueci minha senha&#8221;. Uma sequ\u00eancia de n\u00fameros ser\u00e1 enviada para seu e-mail cadastrado no sistema do Sindicato.<\/p>\n<p>Problemas ou d\u00favidas no preenchimento da procura\u00e7\u00e3o eletr\u00f4nica devem ser comunicados \u00e0 Secretaria do SINPROFAZ. Acesse j\u00e1 a \u00c1rea do Filiado e participe da AGO 2023!<\/p>\n","protected":false},"excerpt":{"rendered":"<p>A Assembleia Geral Ordin\u00e1ria do SINPROFAZ ser\u00e1 realizada no dia 25 de mar\u00e7o. Para que todas as filiadas e todos os filiados possam participar, o SINPROFAZ disponibiliza procura\u00e7\u00f5es eletr\u00f4nicas. Acesse a \u00c1rea do Filiado e confira!<\/p>\n","protected":false},"author":2,"featured_media":14871,"comment_status":"open","ping_status":"open","sticky":false,"template":"","format":"standard","meta":{"footnotes":""},"categories":[8],"tags":[41,32,146,25],"featured_image_url":"https:\/\/sinprofaz.org.br\/2024\/wp-content\/uploads\/2022\/08\/logo-sinprofaz.jpg","character_count":417,"formatted_date":"06\/03\/2023 - 14:00","contentNovo":"A Assembleia Geral Ordin\u00e1ria do SINPROFAZ ser\u00e1 realizada no dia 25 de mar\u00e7o, em Bras\u00edlia\/DF. Para que todas as filiadas e todos os filiados possam participar da AGO, o SINPROFAZ disponibiliza procura\u00e7\u00f5es eletr\u00f4nicas.\r\n\r\nPara conferir a Procura\u00e7\u00e3o Eletr\u00f4nica AGO 2023, acesse: <a href=\"https:\/\/areadofiliado.sinprofaz.org.br\/pages\/login.php\">bit.ly\/AreadoFiliadoSINPROFAZ<\/a>.\r\n\r\n<strong>Seguran\u00e7a<\/strong>\r\nVisando garantir que o ambiente virtual seja seguro para os Colegas, o <em>login<\/em> na \u00c1rea do Filiado exige matr\u00edcula Siape (7 d\u00edgitos) e senha individual. Em caso de dificuldade para realizar o <em>login<\/em>, clique em \"Esqueci minha senha\". Uma sequ\u00eancia de n\u00fameros ser\u00e1 enviada para seu e-mail cadastrado no sistema do Sindicato.\r\n\r\nProblemas ou d\u00favidas no preenchimento da procura\u00e7\u00e3o eletr\u00f4nica devem ser comunicados \u00e0 Secretaria do SINPROFAZ. Acesse j\u00e1 a \u00c1rea do Filiado e participe da AGO 2023!","_links":{"self":[{"href":"https:\/\/sinprofaz.org.br\/2024\/wp-json\/wp\/v2\/posts\/15800"}],"collection":[{"href":"https:\/\/sinprofaz.org.br\/2024\/wp-json\/wp\/v2\/posts"}],"about":[{"href":"https:\/\/sinprofaz.org.br\/2024\/wp-json\/wp\/v2\/types\/post"}],"author":[{"embeddable":true,"href":"https:\/\/sinprofaz.org.br\/2024\/wp-json\/wp\/v2\/users\/2"}],"replies":[{"embeddable":true,"href":"https:\/\/sinprofaz.org.br\/2024\/wp-json\/wp\/v2\/comments?post=15800"}],"version-history":[{"count":3,"href":"https:\/\/sinprofaz.org.br\/2024\/wp-json\/wp\/v2\/posts\/15800\/revisions"}],"predecessor-version":[{"id":15803,"href":"https:\/\/sinprofaz.org.br\/2024\/wp-json\/wp\/v2\/posts\/15800\/revisions\/15803"}],"wp:featuredmedia":[{"embeddable":true,"href":"https:\/\/sinprofaz.org.br\/2024\/wp-json\/wp\/v2\/media\/14871"}],"wp:attachment":[{"href":"https:\/\/sinprofaz.org.br\/2024\/wp-json\/wp\/v2\/media?parent=15800"}],"wp:term":[{"taxonomy":"category","embeddable":true,"href":"https:\/\/sinprofaz.org.br\/2024\/wp-json\/wp\/v2\/categories?post=15800"},{"taxonomy":"post_tag","embeddable":true,"href":"https:\/\/sinprofaz.org.br\/2024\/wp-json\/wp\/v2\/tags?post=15800"}],"curies":[{"name":"wp","href":"https:\/\/api.w.org\/{rel}","templated":true}]}}