{"id":15790,"date":"2023-03-03T08:27:35","date_gmt":"2023-03-03T11:27:35","guid":{"rendered":"http:\/\/www.sinprofaz.org.br\/?p=15790"},"modified":"2023-03-06T09:13:48","modified_gmt":"2023-03-06T12:13:48","slug":"sinprofaz-disponibiliza-dez-convites-para-coquetel-de-aniversario-da-agu","status":"publish","type":"post","link":"https:\/\/sinprofaz.org.br\/2024\/noticias\/sinprofaz-disponibiliza-dez-convites-para-coquetel-de-aniversario-da-agu\/","title":{"rendered":"SINPROFAZ DISPONIBILIZA DEZ CONVITES PARA COQUETEL DE ANIVERS\u00c1RIO DA AGU"},"content":{"rendered":"<p>A Advocacia-Geral da Uni\u00e3o completou 30 anos de exist\u00eancia. Para marcar esse momento hist\u00f3rico, a Institui\u00e7\u00e3o promover\u00e1 um coquetel com o patroc\u00ednio do Forvm Nacional da Advocacia P\u00fablica Federal, composto por SINPROFAZ, ANAJUR, ANAUNI e ANPPREV. O evento comemorativo ocorre na pr\u00f3xima ter\u00e7a-feira (7), a partir das 18h, no Centro Internacional de Conven\u00e7\u00f5es do Brasil (CICB), em Bras\u00edlia\/DF.<\/p>\n<p>Para possibilitar a presen\u00e7a de Colegas da Procuradoria da Fazenda Nacional, o SINPROFAZ disponibilizar\u00e1 dez (10) convites para o evento. O convite inclui apenas o ingresso ao local do coquetel &#8211; portanto, eventuais gastos com transporte e hospedagem n\u00e3o ser\u00e3o custeados pelo Sindicato. Filiadas e filiados interessados devem entrar em contato com <a href=\"mailto:secretaria@sinprofaz.org.br\">secretaria@sinprofaz.org.br<\/a> e manifestar o desejo pelo convite. Os dez primeiros PFNs a solicitarem o ingresso ser\u00e3o contemplados.<\/p>\n<p>Colegas, participem dessa comemora\u00e7\u00e3o pelos 30 anos da AGU!<\/p>\n","protected":false},"excerpt":{"rendered":"<p>Para possibilitar a presen\u00e7a de Colegas da PGFN, o SINPROFAZ disponibilizar\u00e1 dez (10) convites. O convite inclui apenas o ingresso ao local do coquetel. Gastos com transporte e hospedagem n\u00e3o ser\u00e3o custeados pelo Sindicato.<\/p>\n","protected":false},"author":2,"featured_media":14871,"comment_status":"open","ping_status":"open","sticky":false,"template":"","format":"standard","meta":{"footnotes":""},"categories":[8],"tags":[43,32,146,25],"featured_image_url":"https:\/\/sinprofaz.org.br\/2024\/wp-content\/uploads\/2022\/08\/logo-sinprofaz.jpg","character_count":480,"formatted_date":"03\/03\/2023 - 08:27","contentNovo":"A Advocacia-Geral da Uni\u00e3o completou 30 anos de exist\u00eancia. Para marcar esse momento hist\u00f3rico, a Institui\u00e7\u00e3o promover\u00e1 um coquetel com o patroc\u00ednio do Forvm Nacional da Advocacia P\u00fablica Federal, composto por SINPROFAZ, ANAJUR, ANAUNI e ANPPREV. O evento comemorativo ocorre na pr\u00f3xima ter\u00e7a-feira (7), a partir das 18h, no Centro Internacional de Conven\u00e7\u00f5es do Brasil (CICB), em Bras\u00edlia\/DF.\r\n\r\nPara possibilitar a presen\u00e7a de Colegas da Procuradoria da Fazenda Nacional, o SINPROFAZ disponibilizar\u00e1 dez (10) convites para o evento. O convite inclui apenas o ingresso ao local do coquetel - portanto, eventuais gastos com transporte e hospedagem n\u00e3o ser\u00e3o custeados pelo Sindicato. Filiadas e filiados interessados devem entrar em contato com <a href=\"mailto:secretaria@sinprofaz.org.br\">secretaria@sinprofaz.org.br<\/a> e manifestar o desejo pelo convite. Os dez primeiros PFNs a solicitarem o ingresso ser\u00e3o contemplados.\r\n\r\nColegas, participem dessa comemora\u00e7\u00e3o pelos 30 anos da AGU!","_links":{"self":[{"href":"https:\/\/sinprofaz.org.br\/2024\/wp-json\/wp\/v2\/posts\/15790"}],"collection":[{"href":"https:\/\/sinprofaz.org.br\/2024\/wp-json\/wp\/v2\/posts"}],"about":[{"href":"https:\/\/sinprofaz.org.br\/2024\/wp-json\/wp\/v2\/types\/post"}],"author":[{"embeddable":true,"href":"https:\/\/sinprofaz.org.br\/2024\/wp-json\/wp\/v2\/users\/2"}],"replies":[{"embeddable":true,"href":"https:\/\/sinprofaz.org.br\/2024\/wp-json\/wp\/v2\/comments?post=15790"}],"version-history":[{"count":4,"href":"https:\/\/sinprofaz.org.br\/2024\/wp-json\/wp\/v2\/posts\/15790\/revisions"}],"predecessor-version":[{"id":15799,"href":"https:\/\/sinprofaz.org.br\/2024\/wp-json\/wp\/v2\/posts\/15790\/revisions\/15799"}],"wp:featuredmedia":[{"embeddable":true,"href":"https:\/\/sinprofaz.org.br\/2024\/wp-json\/wp\/v2\/media\/14871"}],"wp:attachment":[{"href":"https:\/\/sinprofaz.org.br\/2024\/wp-json\/wp\/v2\/media?parent=15790"}],"wp:term":[{"taxonomy":"category","embeddable":true,"href":"https:\/\/sinprofaz.org.br\/2024\/wp-json\/wp\/v2\/categories?post=15790"},{"taxonomy":"post_tag","embeddable":true,"href":"https:\/\/sinprofaz.org.br\/2024\/wp-json\/wp\/v2\/tags?post=15790"}],"curies":[{"name":"wp","href":"https:\/\/api.w.org\/{rel}","templated":true}]}}