{"id":15781,"date":"2023-03-02T08:15:07","date_gmt":"2023-03-02T11:15:07","guid":{"rendered":"http:\/\/www.sinprofaz.org.br\/?p=15781"},"modified":"2023-03-03T09:44:02","modified_gmt":"2023-03-03T12:44:02","slug":"ministro-da-fazenda-fernando-haddad-recebe-sinprofaz","status":"publish","type":"post","link":"https:\/\/sinprofaz.org.br\/2024\/noticias\/ministro-da-fazenda-fernando-haddad-recebe-sinprofaz\/","title":{"rendered":"MINISTRO DA FAZENDA FERNANDO HADDAD RECEBE SINPROFAZ"},"content":{"rendered":"<p>Fernando Haddad, ministro da Fazenda, recebeu Achilles Frias e Roberto Rodrigues, respectivamente presidente e diretor do SINPROFAZ. A procuradora-geral da Fazenda Nacional e filiada, Anelize Ruas, tamb\u00e9m esteve presente. O encontro ocorreu ontem (1\u00ba) na sede do Minist\u00e9rio, em Bras\u00edlia\/DF.<\/p>\n<p>Na ocasi\u00e3o, os dirigentes sindicais apresentaram quest\u00f5es relativas \u00e0 Procuradoria-Geral da Fazenda Nacional, a exemplo da carreira de apoio, da defesa de prerrogativas e de projetos de lei atinentes \u00e0 PGFN e aos PFNs. O \u00eaxito da Carreira na gest\u00e3o da d\u00edvida ativa da Uni\u00e3o, na defesa e na consultoria jur\u00eddica ao Executivo foi ressaltado pelos representantes do SINPROFAZ, que expuseram a forma como a Carreira contribui para a seguran\u00e7a do er\u00e1rio.<\/p>\n<p>Receptivo \u00e0s informa\u00e7\u00f5es apresentadas pelo Sindicato, Haddad demonstrou conhecimento com rela\u00e7\u00e3o \u00e0 Fun\u00e7\u00e3o Essencial e \u00e0s contribui\u00e7\u00f5es da Carreira. O ministro reconhece que a responsabilidade assumida, por procuradoras e procuradores da Fazenda Nacional, no desempenho do of\u00edcio t\u00e3o relevante para o Pa\u00eds implica proporcionar aos PFNs as devidas condi\u00e7\u00f5es de trabalho e a merecida valoriza\u00e7\u00e3o.<\/p>\n\n\t\t<style type=\"text\/css\">\n\t\t\t#gallery-1 {\n\t\t\t\tmargin: auto;\n\t\t\t}\n\t\t\t#gallery-1 .gallery-item {\n\t\t\t\tfloat: left;\n\t\t\t\tmargin-top: 10px;\n\t\t\t\ttext-align: center;\n\t\t\t\twidth: 33%;\n\t\t\t}\n\t\t\t#gallery-1 img {\n\t\t\t\tborder: 2px solid #cfcfcf;\n\t\t\t}\n\t\t\t#gallery-1 .gallery-caption {\n\t\t\t\tmargin-left: 0;\n\t\t\t}\n\t\t\t\/* see gallery_shortcode() in wp-includes\/media.php *\/\n\t\t<\/style>\n\t\t<div id='gallery-1' class='gallery galleryid-15781 gallery-columns-3 gallery-size-thumbnail'><dl class='gallery-item'>\n\t\t\t<dt class='gallery-icon landscape'>\n\t\t\t\t<a href='https:\/\/sinprofaz.org.br\/2024\/wp-content\/uploads\/2023\/03\/hadad-e-sinprofaz-2.png'><img loading=\"lazy\" decoding=\"async\" width=\"150\" height=\"150\" src=\"https:\/\/sinprofaz.org.br\/2024\/wp-content\/uploads\/2023\/03\/hadad-e-sinprofaz-2-150x150.png\" class=\"attachment-thumbnail size-thumbnail\" alt=\"\" aria-describedby=\"gallery-1-15783\" \/><\/a>\n\t\t\t<\/dt>\n\t\t\t\t<dd class='wp-caption-text gallery-caption' id='gallery-1-15783'>\n\t\t\t\tFernando Haddad e Achilles Frias\n\t\t\t\t<\/dd><\/dl><dl class='gallery-item'>\n\t\t\t<dt class='gallery-icon landscape'>\n\t\t\t\t<a href='https:\/\/sinprofaz.org.br\/2024\/wp-content\/uploads\/2023\/03\/hadad-e-sinprofaz-3.png'><img loading=\"lazy\" decoding=\"async\" width=\"150\" height=\"150\" src=\"https:\/\/sinprofaz.org.br\/2024\/wp-content\/uploads\/2023\/03\/hadad-e-sinprofaz-3-150x150.png\" class=\"attachment-thumbnail size-thumbnail\" alt=\"\" aria-describedby=\"gallery-1-15784\" \/><\/a>\n\t\t\t<\/dt>\n\t\t\t\t<dd class='wp-caption-text gallery-caption' id='gallery-1-15784'>\n\t\t\t\tRoberto Rodrigues e Fernando Haddad\n\t\t\t\t<\/dd><\/dl>\n\t\t\t<br style='clear: both' \/>\n\t\t<\/div>\n\n","protected":false},"excerpt":{"rendered":"<p>Fernando Haddad, ministro da Fazenda, recebeu Achilles Frias e Roberto Rodrigues, respectivamente presidente e diretor do SINPROFAZ. A procuradora-geral da Fazenda Nacional e filiada, Anelize Ruas, tamb\u00e9m esteve presente. O encontro ocorreu ontem (1\u00ba) na sede do Minist\u00e9rio da Fazenda.<\/p>\n","protected":false},"author":2,"featured_media":15782,"comment_status":"open","ping_status":"open","sticky":false,"template":"","format":"standard","meta":{"footnotes":""},"categories":[8],"tags":[196,44,25],"featured_image_url":"https:\/\/sinprofaz.org.br\/2024\/wp-content\/uploads\/2023\/03\/hadad-e-sinprofaz-1.png","character_count":817,"formatted_date":"02\/03\/2023 - 08:15","contentNovo":"Fernando Haddad, ministro da Fazenda, recebeu Achilles Frias e Roberto Rodrigues, respectivamente presidente e diretor do SINPROFAZ. A procuradora-geral da Fazenda Nacional e filiada, Anelize Ruas, tamb\u00e9m esteve presente. O encontro ocorreu ontem (1\u00ba) na sede do Minist\u00e9rio, em Bras\u00edlia\/DF.\r\n\r\nNa ocasi\u00e3o, os dirigentes sindicais apresentaram quest\u00f5es relativas \u00e0 Procuradoria-Geral da Fazenda Nacional, a exemplo da carreira de apoio, da defesa de prerrogativas e de projetos de lei atinentes \u00e0 PGFN e aos PFNs. O \u00eaxito da Carreira na gest\u00e3o da d\u00edvida ativa da Uni\u00e3o, na defesa e na consultoria jur\u00eddica ao Executivo foi ressaltado pelos representantes do SINPROFAZ, que expuseram a forma como a Carreira contribui para a seguran\u00e7a do er\u00e1rio.\r\n\r\nReceptivo \u00e0s informa\u00e7\u00f5es apresentadas pelo Sindicato, Haddad demonstrou conhecimento com rela\u00e7\u00e3o \u00e0 Fun\u00e7\u00e3o Essencial e \u00e0s contribui\u00e7\u00f5es da Carreira. O ministro reconhece que a responsabilidade assumida, por procuradoras e procuradores da Fazenda Nacional, no desempenho do of\u00edcio t\u00e3o relevante para o Pa\u00eds implica proporcionar aos PFNs as devidas condi\u00e7\u00f5es de trabalho e a merecida valoriza\u00e7\u00e3o.\r\n\r\n[gallery link=\"file\" ids=\"15783,15784\"]","_links":{"self":[{"href":"https:\/\/sinprofaz.org.br\/2024\/wp-json\/wp\/v2\/posts\/15781"}],"collection":[{"href":"https:\/\/sinprofaz.org.br\/2024\/wp-json\/wp\/v2\/posts"}],"about":[{"href":"https:\/\/sinprofaz.org.br\/2024\/wp-json\/wp\/v2\/types\/post"}],"author":[{"embeddable":true,"href":"https:\/\/sinprofaz.org.br\/2024\/wp-json\/wp\/v2\/users\/2"}],"replies":[{"embeddable":true,"href":"https:\/\/sinprofaz.org.br\/2024\/wp-json\/wp\/v2\/comments?post=15781"}],"version-history":[{"count":2,"href":"https:\/\/sinprofaz.org.br\/2024\/wp-json\/wp\/v2\/posts\/15781\/revisions"}],"predecessor-version":[{"id":15794,"href":"https:\/\/sinprofaz.org.br\/2024\/wp-json\/wp\/v2\/posts\/15781\/revisions\/15794"}],"wp:featuredmedia":[{"embeddable":true,"href":"https:\/\/sinprofaz.org.br\/2024\/wp-json\/wp\/v2\/media\/15782"}],"wp:attachment":[{"href":"https:\/\/sinprofaz.org.br\/2024\/wp-json\/wp\/v2\/media?parent=15781"}],"wp:term":[{"taxonomy":"category","embeddable":true,"href":"https:\/\/sinprofaz.org.br\/2024\/wp-json\/wp\/v2\/categories?post=15781"},{"taxonomy":"post_tag","embeddable":true,"href":"https:\/\/sinprofaz.org.br\/2024\/wp-json\/wp\/v2\/tags?post=15781"}],"curies":[{"name":"wp","href":"https:\/\/api.w.org\/{rel}","templated":true}]}}