{"id":15764,"date":"2023-02-28T08:22:36","date_gmt":"2023-02-28T11:22:36","guid":{"rendered":"http:\/\/www.sinprofaz.org.br\/?p=15764"},"modified":"2023-03-01T09:51:53","modified_gmt":"2023-03-01T12:51:53","slug":"sinprofaz-discute-parceria-para-realizacao-do-premio-congresso-em-foco-2023","status":"publish","type":"post","link":"https:\/\/sinprofaz.org.br\/2024\/noticias\/sinprofaz-discute-parceria-para-realizacao-do-premio-congresso-em-foco-2023\/","title":{"rendered":"SINPROFAZ DISCUTE PARCERIA PARA REALIZA\u00c7\u00c3O DO PR\u00caMIO CONGRESSO EM FOCO 2023"},"content":{"rendered":"<p>O SINPROFAZ, representado pelo presidente Achilles Frias, reuniu-se com Sylvio Costa, s\u00f3cio e fundador do portal Congresso em Foco. Na ocasi\u00e3o do encontro na sede do Sindicato, em Bras\u00edlia\/DF, discutiu-se a parceria para realiza\u00e7\u00e3o do Pr\u00eamio Congresso em Foco 2023.<\/p>\n<p>No segundo semestre do ano, o Pr\u00eamio Congresso em Foco ser\u00e1 entregue pela 16\u00aa vez. O projeto mobiliza internautas, jornalistas, congressistas e analistas pol\u00edticos em torno de objetivos como incentivar os cidad\u00e3os a acompanhar de perto o desempenho dos parlamentares, condecorar deputados federais e senadores de destaque e refor\u00e7ar a import\u00e2ncia do Poder Legislativo para a democracia.<\/p>\n<p><strong>Sobre o Congresso em Foco<\/strong><br \/>\nEspecializado na cobertura jornal\u00edstica dos principais fatos pol\u00edticos do Brasil, o portal n\u00e3o tem vincula\u00e7\u00e3o partid\u00e1ria, mas apoia causas que considera de interesse geral, como a defesa do regime democr\u00e1tico e dos direitos humanos (em especial, dos direitos de grupos minorit\u00e1rios); a luta contra as desigualdades sociais e regionais; e o combate \u00e0 corrup\u00e7\u00e3o. Visite: <a href=\"https:\/\/congressoemfoco.uol.com.br\/\">congressoemfoco.uol.com.br<\/a><\/p>\n\n\t\t<style type=\"text\/css\">\n\t\t\t#gallery-1 {\n\t\t\t\tmargin: auto;\n\t\t\t}\n\t\t\t#gallery-1 .gallery-item {\n\t\t\t\tfloat: left;\n\t\t\t\tmargin-top: 10px;\n\t\t\t\ttext-align: center;\n\t\t\t\twidth: 33%;\n\t\t\t}\n\t\t\t#gallery-1 img {\n\t\t\t\tborder: 2px solid #cfcfcf;\n\t\t\t}\n\t\t\t#gallery-1 .gallery-caption {\n\t\t\t\tmargin-left: 0;\n\t\t\t}\n\t\t\t\/* see gallery_shortcode() in wp-includes\/media.php *\/\n\t\t<\/style>\n\t\t<div id='gallery-1' class='gallery galleryid-15764 gallery-columns-3 gallery-size-thumbnail'><dl class='gallery-item'>\n\t\t\t<dt class='gallery-icon landscape'>\n\t\t\t\t<a href='https:\/\/sinprofaz.org.br\/2024\/wp-content\/uploads\/2023\/02\/Achilles-Frias-com-Sylvio-Costa-2.png'><img loading=\"lazy\" decoding=\"async\" width=\"150\" height=\"150\" src=\"https:\/\/sinprofaz.org.br\/2024\/wp-content\/uploads\/2023\/02\/Achilles-Frias-com-Sylvio-Costa-2-150x150.png\" class=\"attachment-thumbnail size-thumbnail\" alt=\"\" \/><\/a>\n\t\t\t<\/dt><\/dl>\n\t\t\t<br style='clear: both' \/>\n\t\t<\/div>\n\n","protected":false},"excerpt":{"rendered":"<p>O SINPROFAZ, representado pelo presidente Achilles Frias, reuniu-se com Sylvio Costa, fundador do portal Congresso em Foco. Na ocasi\u00e3o do encontro na sede do Sindicato, em Bras\u00edlia\/DF, discutiu-se a parceria para realiza\u00e7\u00e3o do Pr\u00eamio Congresso em Foco 2023.<\/p>\n","protected":false},"author":2,"featured_media":15766,"comment_status":"open","ping_status":"open","sticky":false,"template":"","format":"standard","meta":{"footnotes":""},"categories":[8],"tags":[],"featured_image_url":"https:\/\/sinprofaz.org.br\/2024\/wp-content\/uploads\/2023\/02\/Achilles-Frias-com-Sylvio-Costa-1.png","character_count":728,"formatted_date":"28\/02\/2023 - 08:22","contentNovo":"O SINPROFAZ, representado pelo presidente Achilles Frias, reuniu-se com Sylvio Costa, s\u00f3cio e fundador do portal Congresso em Foco. Na ocasi\u00e3o do encontro na sede do Sindicato, em Bras\u00edlia\/DF, discutiu-se a parceria para realiza\u00e7\u00e3o do Pr\u00eamio Congresso em Foco 2023.\r\n\r\nNo segundo semestre do ano, o Pr\u00eamio Congresso em Foco ser\u00e1 entregue pela 16\u00aa vez. O projeto mobiliza internautas, jornalistas, congressistas e analistas pol\u00edticos em torno de objetivos como incentivar os cidad\u00e3os a acompanhar de perto o desempenho dos parlamentares, condecorar deputados federais e senadores de destaque e refor\u00e7ar a import\u00e2ncia do Poder Legislativo para a democracia.\r\n\r\n<strong>Sobre o Congresso em Foco<\/strong>\r\nEspecializado na cobertura jornal\u00edstica dos principais fatos pol\u00edticos do Brasil, o portal n\u00e3o tem vincula\u00e7\u00e3o partid\u00e1ria, mas apoia causas que considera de interesse geral, como a defesa do regime democr\u00e1tico e dos direitos humanos (em especial, dos direitos de grupos minorit\u00e1rios); a luta contra as desigualdades sociais e regionais; e o combate \u00e0 corrup\u00e7\u00e3o. Visite: <a href=\"https:\/\/congressoemfoco.uol.com.br\/\">congressoemfoco.uol.com.br<\/a>\r\n\r\n[gallery link=\"file\" ids=\"15765\"]","_links":{"self":[{"href":"https:\/\/sinprofaz.org.br\/2024\/wp-json\/wp\/v2\/posts\/15764"}],"collection":[{"href":"https:\/\/sinprofaz.org.br\/2024\/wp-json\/wp\/v2\/posts"}],"about":[{"href":"https:\/\/sinprofaz.org.br\/2024\/wp-json\/wp\/v2\/types\/post"}],"author":[{"embeddable":true,"href":"https:\/\/sinprofaz.org.br\/2024\/wp-json\/wp\/v2\/users\/2"}],"replies":[{"embeddable":true,"href":"https:\/\/sinprofaz.org.br\/2024\/wp-json\/wp\/v2\/comments?post=15764"}],"version-history":[{"count":2,"href":"https:\/\/sinprofaz.org.br\/2024\/wp-json\/wp\/v2\/posts\/15764\/revisions"}],"predecessor-version":[{"id":15774,"href":"https:\/\/sinprofaz.org.br\/2024\/wp-json\/wp\/v2\/posts\/15764\/revisions\/15774"}],"wp:featuredmedia":[{"embeddable":true,"href":"https:\/\/sinprofaz.org.br\/2024\/wp-json\/wp\/v2\/media\/15766"}],"wp:attachment":[{"href":"https:\/\/sinprofaz.org.br\/2024\/wp-json\/wp\/v2\/media?parent=15764"}],"wp:term":[{"taxonomy":"category","embeddable":true,"href":"https:\/\/sinprofaz.org.br\/2024\/wp-json\/wp\/v2\/categories?post=15764"},{"taxonomy":"post_tag","embeddable":true,"href":"https:\/\/sinprofaz.org.br\/2024\/wp-json\/wp\/v2\/tags?post=15764"}],"curies":[{"name":"wp","href":"https:\/\/api.w.org\/{rel}","templated":true}]}}