{"id":15756,"date":"2023-02-24T08:27:50","date_gmt":"2023-02-24T11:27:50","guid":{"rendered":"http:\/\/www.sinprofaz.org.br\/?p=15756"},"modified":"2023-02-24T08:27:50","modified_gmt":"2023-02-24T11:27:50","slug":"sinprofaz-e-entidades-debatem-fortalecimento-da-advocacia-publica-federal","status":"publish","type":"post","link":"https:\/\/sinprofaz.org.br\/2024\/noticias\/sinprofaz-e-entidades-debatem-fortalecimento-da-advocacia-publica-federal\/","title":{"rendered":"SINPROFAZ E ENTIDADES DEBATEM FORTALECIMENTO DA ADVOCACIA P\u00daBLICA FEDERAL"},"content":{"rendered":"<p>O SINPROFAZ, representado pelo presidente Achilles Frias e pela vice-presidente Iolanda Guindani, esteve reunido com dirigentes associativos de entidades representativas da Advocacia P\u00fablica Federal. A reuni\u00e3o, realizada na sede da ANPPREV, em Bras\u00edlia\/DF, tamb\u00e9m contou com a participa\u00e7\u00e3o de Daniel Coimbra, assessor especial de Assuntos Parlamentares e Federativos da AGU.<\/p>\n<p>Na ocasi\u00e3o do encontro, as lideran\u00e7as presentes abordaram as principais demandas das carreiras e discutiram estrat\u00e9gias conjuntas para uma atua\u00e7\u00e3o assertiva no Parlamento. As comemora\u00e7\u00f5es pelos 30 anos da Advocacia-Geral da Uni\u00e3o estiveram no centro dos debates. A possibilidade de realiza\u00e7\u00e3o de uma sess\u00e3o solene no Congresso Nacional e de lan\u00e7amento de uma frente parlamentar em defesa da categoria foi discutida pelos dirigentes.<\/p>\n\n\t\t<style type=\"text\/css\">\n\t\t\t#gallery-1 {\n\t\t\t\tmargin: auto;\n\t\t\t}\n\t\t\t#gallery-1 .gallery-item {\n\t\t\t\tfloat: left;\n\t\t\t\tmargin-top: 10px;\n\t\t\t\ttext-align: center;\n\t\t\t\twidth: 33%;\n\t\t\t}\n\t\t\t#gallery-1 img {\n\t\t\t\tborder: 2px solid #cfcfcf;\n\t\t\t}\n\t\t\t#gallery-1 .gallery-caption {\n\t\t\t\tmargin-left: 0;\n\t\t\t}\n\t\t\t\/* see gallery_shortcode() in wp-includes\/media.php *\/\n\t\t<\/style>\n\t\t<div id='gallery-1' class='gallery galleryid-15756 gallery-columns-3 gallery-size-thumbnail'><dl class='gallery-item'>\n\t\t\t<dt class='gallery-icon landscape'>\n\t\t\t\t<a href='https:\/\/sinprofaz.org.br\/2024\/wp-content\/uploads\/2023\/02\/sinprofaz-e-entidades-2.jpg'><img loading=\"lazy\" decoding=\"async\" width=\"150\" height=\"150\" src=\"https:\/\/sinprofaz.org.br\/2024\/wp-content\/uploads\/2023\/02\/sinprofaz-e-entidades-2-150x150.jpg\" class=\"attachment-thumbnail size-thumbnail\" alt=\"\" \/><\/a>\n\t\t\t<\/dt><\/dl>\n\t\t\t<br style='clear: both' \/>\n\t\t<\/div>\n\n","protected":false},"excerpt":{"rendered":"<p>O SINPROFAZ, representado pelo presidente Achilles Frias e pela vice-presidente Iolanda Guindani, esteve reunido com dirigentes associativos de entidades da Advocacia P\u00fablica Federal. A reuni\u00e3o foi realizada na sede da ANPPREV, em Bras\u00edlia\/DF.<\/p>\n","protected":false},"author":2,"featured_media":15757,"comment_status":"open","ping_status":"open","sticky":false,"template":"","format":"standard","meta":{"footnotes":""},"categories":[8],"tags":[66,43,25],"featured_image_url":"https:\/\/sinprofaz.org.br\/2024\/wp-content\/uploads\/2023\/02\/sinprofaz-e-entidades-1.jpg","character_count":591,"formatted_date":"24\/02\/2023 - 08:27","contentNovo":"O SINPROFAZ, representado pelo presidente Achilles Frias e pela vice-presidente Iolanda Guindani, esteve reunido com dirigentes associativos de entidades representativas da Advocacia P\u00fablica Federal. A reuni\u00e3o, realizada na sede da ANPPREV, em Bras\u00edlia\/DF, tamb\u00e9m contou com a participa\u00e7\u00e3o de Daniel Coimbra, assessor especial de Assuntos Parlamentares e Federativos da AGU.\r\n\r\nNa ocasi\u00e3o do encontro, as lideran\u00e7as presentes abordaram as principais demandas das carreiras e discutiram estrat\u00e9gias conjuntas para uma atua\u00e7\u00e3o assertiva no Parlamento. As comemora\u00e7\u00f5es pelos 30 anos da Advocacia-Geral da Uni\u00e3o estiveram no centro dos debates. A possibilidade de realiza\u00e7\u00e3o de uma sess\u00e3o solene no Congresso Nacional e de lan\u00e7amento de uma frente parlamentar em defesa da categoria foi discutida pelos dirigentes.\r\n\r\n[gallery link=\"file\" ids=\"15758\"]","_links":{"self":[{"href":"https:\/\/sinprofaz.org.br\/2024\/wp-json\/wp\/v2\/posts\/15756"}],"collection":[{"href":"https:\/\/sinprofaz.org.br\/2024\/wp-json\/wp\/v2\/posts"}],"about":[{"href":"https:\/\/sinprofaz.org.br\/2024\/wp-json\/wp\/v2\/types\/post"}],"author":[{"embeddable":true,"href":"https:\/\/sinprofaz.org.br\/2024\/wp-json\/wp\/v2\/users\/2"}],"replies":[{"embeddable":true,"href":"https:\/\/sinprofaz.org.br\/2024\/wp-json\/wp\/v2\/comments?post=15756"}],"version-history":[{"count":1,"href":"https:\/\/sinprofaz.org.br\/2024\/wp-json\/wp\/v2\/posts\/15756\/revisions"}],"predecessor-version":[{"id":15759,"href":"https:\/\/sinprofaz.org.br\/2024\/wp-json\/wp\/v2\/posts\/15756\/revisions\/15759"}],"wp:featuredmedia":[{"embeddable":true,"href":"https:\/\/sinprofaz.org.br\/2024\/wp-json\/wp\/v2\/media\/15757"}],"wp:attachment":[{"href":"https:\/\/sinprofaz.org.br\/2024\/wp-json\/wp\/v2\/media?parent=15756"}],"wp:term":[{"taxonomy":"category","embeddable":true,"href":"https:\/\/sinprofaz.org.br\/2024\/wp-json\/wp\/v2\/categories?post=15756"},{"taxonomy":"post_tag","embeddable":true,"href":"https:\/\/sinprofaz.org.br\/2024\/wp-json\/wp\/v2\/tags?post=15756"}],"curies":[{"name":"wp","href":"https:\/\/api.w.org\/{rel}","templated":true}]}}