{"id":15752,"date":"2023-02-23T08:23:28","date_gmt":"2023-02-23T11:23:28","guid":{"rendered":"http:\/\/www.sinprofaz.org.br\/?p=15752"},"modified":"2023-02-24T11:07:21","modified_gmt":"2023-02-24T14:07:21","slug":"sinprofaz-conclama-filiados-para-doacoes-em-prol-das-vitimas-das-enchentes-em-sao-paulo","status":"publish","type":"post","link":"https:\/\/sinprofaz.org.br\/2024\/noticias\/sinprofaz-conclama-filiados-para-doacoes-em-prol-das-vitimas-das-enchentes-em-sao-paulo\/","title":{"rendered":"SINPROFAZ CONCLAMA FILIADOS PARA DOA\u00c7\u00d5ES EM PROL DAS V\u00cdTIMAS DAS ENCHENTES EM S\u00c3O PAULO"},"content":{"rendered":"<p>Em solidariedade \u00e0s fam\u00edlias v\u00edtimas das fortes chuvas que atingiram o litoral norte do estado de S\u00e3o Paulo, o SINPROFAZ e a Carreira aderem \u00e0 campanha incentivada pela AGU para promover um aux\u00edlio aos atingidos.<\/p>\n<p>As doa\u00e7\u00f5es ser\u00e3o mediadas por duas organiza\u00e7\u00f5es: a C\u00e1ritas Brasileira e a Coaliz\u00e3o Negra por Direitos. O SINPROFAZ conclama filiadas e filiados para participarem da campanha e contribu\u00edrem com os valores que puderem.<\/p>\n<p>A mobiliza\u00e7\u00e3o da Advocacia-Geral da Uni\u00e3o ganhou o apoio do Sindicato e de outras entidades da Advocacia P\u00fablica, assim como da Comiss\u00e3o Nacional da Advocacia P\u00fablica do Conselho Federal da OAB. Contribua!<\/p>\n<p><strong>C\u00e1ritas Brasileira<\/strong><br \/>\nBanco do Brasil<br \/>\nAg\u00eancia: 0452-9<br \/>\nConta Corrente: 51.339-3<\/p>\n<p><strong>Coaliz\u00e3o Negra por Direitos<\/strong><br \/>\n(Instituto de Refer\u00eancia Negra Peregum\/AFDDFP)<br \/>\nPIX: CNPJ 11.140.583\/0001-72<\/p>\n","protected":false},"excerpt":{"rendered":"<p>Em solidariedade \u00e0s fam\u00edlias v\u00edtimas das fortes chuvas que atingiram o litoral norte do estado de S\u00e3o Paulo, o SINPROFAZ e a Carreira aderem \u00e0 campanha incentivada pela AGU. PFN, realize sua doa\u00e7\u00e3o!<\/p>\n","protected":false},"author":2,"featured_media":15755,"comment_status":"open","ping_status":"open","sticky":false,"template":"","format":"standard","meta":{"footnotes":""},"categories":[8],"tags":[34,43,146,25],"featured_image_url":"https:\/\/sinprofaz.org.br\/2024\/wp-content\/uploads\/2023\/02\/a\u00e7\u00e3o-solid\u00e1ria.jpg","character_count":420,"formatted_date":"23\/02\/2023 - 08:23","contentNovo":"Em solidariedade \u00e0s fam\u00edlias v\u00edtimas das fortes chuvas que atingiram o litoral norte do estado de S\u00e3o Paulo, o SINPROFAZ e a Carreira aderem \u00e0 campanha incentivada pela AGU para promover um aux\u00edlio aos atingidos.\r\n\r\nAs doa\u00e7\u00f5es ser\u00e3o mediadas por duas organiza\u00e7\u00f5es: a C\u00e1ritas Brasileira e a Coaliz\u00e3o Negra por Direitos. O SINPROFAZ conclama filiadas e filiados para participarem da campanha e contribu\u00edrem com os valores que puderem.\r\n\r\nA mobiliza\u00e7\u00e3o da Advocacia-Geral da Uni\u00e3o ganhou o apoio do Sindicato e de outras entidades da Advocacia P\u00fablica, assim como da Comiss\u00e3o Nacional da Advocacia P\u00fablica do Conselho Federal da OAB. Contribua!\r\n\r\n<strong>C\u00e1ritas Brasileira<\/strong>\r\nBanco do Brasil\r\nAg\u00eancia: 0452-9\r\nConta Corrente: 51.339-3\r\n\r\n<strong>Coaliz\u00e3o Negra por Direitos<\/strong>\r\n(Instituto de Refer\u00eancia Negra Peregum\/AFDDFP)\r\nPIX: CNPJ 11.140.583\/0001-72","_links":{"self":[{"href":"https:\/\/sinprofaz.org.br\/2024\/wp-json\/wp\/v2\/posts\/15752"}],"collection":[{"href":"https:\/\/sinprofaz.org.br\/2024\/wp-json\/wp\/v2\/posts"}],"about":[{"href":"https:\/\/sinprofaz.org.br\/2024\/wp-json\/wp\/v2\/types\/post"}],"author":[{"embeddable":true,"href":"https:\/\/sinprofaz.org.br\/2024\/wp-json\/wp\/v2\/users\/2"}],"replies":[{"embeddable":true,"href":"https:\/\/sinprofaz.org.br\/2024\/wp-json\/wp\/v2\/comments?post=15752"}],"version-history":[{"count":2,"href":"https:\/\/sinprofaz.org.br\/2024\/wp-json\/wp\/v2\/posts\/15752\/revisions"}],"predecessor-version":[{"id":15760,"href":"https:\/\/sinprofaz.org.br\/2024\/wp-json\/wp\/v2\/posts\/15752\/revisions\/15760"}],"wp:featuredmedia":[{"embeddable":true,"href":"https:\/\/sinprofaz.org.br\/2024\/wp-json\/wp\/v2\/media\/15755"}],"wp:attachment":[{"href":"https:\/\/sinprofaz.org.br\/2024\/wp-json\/wp\/v2\/media?parent=15752"}],"wp:term":[{"taxonomy":"category","embeddable":true,"href":"https:\/\/sinprofaz.org.br\/2024\/wp-json\/wp\/v2\/categories?post=15752"},{"taxonomy":"post_tag","embeddable":true,"href":"https:\/\/sinprofaz.org.br\/2024\/wp-json\/wp\/v2\/tags?post=15752"}],"curies":[{"name":"wp","href":"https:\/\/api.w.org\/{rel}","templated":true}]}}