{"id":1575,"date":"2013-12-03T12:30:31","date_gmt":"2013-12-03T12:30:31","guid":{"rendered":""},"modified":"-0001-11-30T00:00:00","modified_gmt":"-0001-11-30T03:00:00","slug":"oab-defende-honorarios-de-sucumbencia-para-advogados-publicos","status":"publish","type":"post","link":"https:\/\/sinprofaz.org.br\/2024\/noticias\/oab-defende-honorarios-de-sucumbencia-para-advogados-publicos\/","title":{"rendered":"OAB defende honor\u00e1rios de sucumb\u00eancia para advogados p\u00fablicos"},"content":{"rendered":"<p>Conforme o presidente nacional da OAB, Marcus Vinicius Furtado Co\u00ealho, \u201cessa previs\u00e3o legal representa uma enorme conquista para os advogados p\u00fablicos brasileiros, e reafirma o compromisso da OAB com a advocacia p\u00fablica, em igual medida com a advocacia privada\u201d.<\/p>\n<p>&#8220;Defendemos desde o in\u00edcio de nossa gest\u00e3o que o advogado valorizado significa o cidad\u00e3o respeitado. O novo CPC fortalece o exerc\u00edcio da advocacia, agiliza o sistema processual e mant\u00e9m a garantia da plena defesa dos direitos do cidad\u00e3o contra injusti\u00e7as e arbitrariedades\u201d, afirmou Marcus Vinicius.<\/p>\n<p>Fonte: <em>Portal da OAB<\/em><\/p>\n","protected":false},"excerpt":{"rendered":"<p>Prevista para ocorrer nesta ter\u00e7a-feira (03), a vota\u00e7\u00e3o pela C\u00e2mara dos Deputados dos destaques do novo C\u00f3digo de Processo Civil traz entre suas principais pautas os honor\u00e1rios de sucumb\u00eancia para a advocacia p\u00fablica.<\/p>\n","protected":false},"author":1,"featured_media":0,"comment_status":"closed","ping_status":"open","sticky":false,"template":"","format":"standard","meta":{"footnotes":""},"categories":[8],"tags":[],"featured_image_url":"https:\/\/dummyimage.com\/720x400","character_count":304,"formatted_date":"03\/12\/2013 - 12:30","contentNovo":"\r\n<p>Conforme o presidente nacional da OAB, Marcus Vinicius Furtado Co\u00ealho, \u201cessa previs\u00e3o legal representa uma enorme conquista para os advogados p\u00fablicos brasileiros, e reafirma o compromisso da OAB com a advocacia p\u00fablica, em igual medida com a advocacia privada\u201d.<\/p>\r\n<p>\"Defendemos desde o in\u00edcio de nossa gest\u00e3o que o advogado valorizado significa o cidad\u00e3o respeitado. O novo CPC fortalece o exerc\u00edcio da advocacia, agiliza o sistema processual e mant\u00e9m a garantia da plena defesa dos direitos do cidad\u00e3o contra injusti\u00e7as e arbitrariedades\u201d, afirmou Marcus Vinicius.<\/p>\r\n<p>Fonte: <em>Portal da OAB<\/em><\/p>","_links":{"self":[{"href":"https:\/\/sinprofaz.org.br\/2024\/wp-json\/wp\/v2\/posts\/1575"}],"collection":[{"href":"https:\/\/sinprofaz.org.br\/2024\/wp-json\/wp\/v2\/posts"}],"about":[{"href":"https:\/\/sinprofaz.org.br\/2024\/wp-json\/wp\/v2\/types\/post"}],"author":[{"embeddable":true,"href":"https:\/\/sinprofaz.org.br\/2024\/wp-json\/wp\/v2\/users\/1"}],"replies":[{"embeddable":true,"href":"https:\/\/sinprofaz.org.br\/2024\/wp-json\/wp\/v2\/comments?post=1575"}],"version-history":[{"count":0,"href":"https:\/\/sinprofaz.org.br\/2024\/wp-json\/wp\/v2\/posts\/1575\/revisions"}],"wp:attachment":[{"href":"https:\/\/sinprofaz.org.br\/2024\/wp-json\/wp\/v2\/media?parent=1575"}],"wp:term":[{"taxonomy":"category","embeddable":true,"href":"https:\/\/sinprofaz.org.br\/2024\/wp-json\/wp\/v2\/categories?post=1575"},{"taxonomy":"post_tag","embeddable":true,"href":"https:\/\/sinprofaz.org.br\/2024\/wp-json\/wp\/v2\/tags?post=1575"}],"curies":[{"name":"wp","href":"https:\/\/api.w.org\/{rel}","templated":true}]}}