{"id":15740,"date":"2023-02-17T08:22:01","date_gmt":"2023-02-17T11:22:01","guid":{"rendered":"http:\/\/www.sinprofaz.org.br\/?p=15740"},"modified":"2023-02-23T08:51:03","modified_gmt":"2023-02-23T11:51:03","slug":"filiado-tadeu-alencar-recebe-sinprofaz-para-reuniao-no-ministerio-da-justica","status":"publish","type":"post","link":"https:\/\/sinprofaz.org.br\/2024\/noticias\/filiado-tadeu-alencar-recebe-sinprofaz-para-reuniao-no-ministerio-da-justica\/","title":{"rendered":"FILIADO TADEU ALENCAR RECEBE SINPROFAZ PARA REUNI\u00c3O NO MINIST\u00c9RIO DA JUSTI\u00c7A"},"content":{"rendered":"<p>O SINPROFAZ, representado pelo presidente Achilles Frias, foi recebido ontem (16) pelo filiado Tadeu Alencar, Secret\u00e1rio Nacional de Seguran\u00e7a P\u00fablica do Minist\u00e9rio da Justi\u00e7a. Ao longo da visita institucional \u00e0 sede do Minist\u00e9rio, em Bras\u00edlia\/DF, foram abordados temas relativos \u00e0 Advocacia P\u00fablica Federal. Achilles Frias falou sobre o orgulho do Sindicato em representar o Colega, que tanto contribuiu para a evolu\u00e7\u00e3o da Carreira enquanto PFN e Deputado Federal e que tanto contribuir\u00e1 para o Pa\u00eds na qualidade de Secret\u00e1rio Nacional de Seguran\u00e7a P\u00fablica.<\/p>\n<p><strong>Trajet\u00f3ria profissional<\/strong><br \/>\nFrancisco Tadeu Barbosa de Alencar foi Deputado Federal (PSB\/PE) por dois mandatos (2015-2022). Enquanto parlamentar, exerceu a lideran\u00e7a do PSB (2018-2019) e a vice-lideran\u00e7a da oposi\u00e7\u00e3o ao governo Bolsonaro (2021-2022). Foi membro titular da Comiss\u00e3o de Constitui\u00e7\u00e3o e Justi\u00e7a e de Cidadania, da Comiss\u00e3o de Rela\u00e7\u00f5es Exteriores e da Comiss\u00e3o de Cultura. Presidiu a Frente Parlamentar em Defesa do Cinema e do Audiovisual brasileiros.<\/p>\n<p>Procurador da Fazenda Nacional desde 1993, exerceu os cargos de Procurador-Geral Adjunto da Fazenda Nacional no primeiro governo do Presidente Lula e de Procurador-Regional da PRFN 5\u00aa Regi\u00e3o. Foi Delegado Sindical do SINPROFAZ. Em Pernambuco, atuou como Procurador-Geral do Estado e como Secret\u00e1rio da Casa Civil no governo de Eduardo Campos (2007-2014). Presidiu o Conselho de Administra\u00e7\u00e3o da Empresa Pernambuco de Comunica\u00e7\u00e3o (EPC) e o Conselho Fiscal do BNB.<\/p>\n\n\t\t<style type=\"text\/css\">\n\t\t\t#gallery-1 {\n\t\t\t\tmargin: auto;\n\t\t\t}\n\t\t\t#gallery-1 .gallery-item {\n\t\t\t\tfloat: left;\n\t\t\t\tmargin-top: 10px;\n\t\t\t\ttext-align: center;\n\t\t\t\twidth: 33%;\n\t\t\t}\n\t\t\t#gallery-1 img {\n\t\t\t\tborder: 2px solid #cfcfcf;\n\t\t\t}\n\t\t\t#gallery-1 .gallery-caption {\n\t\t\t\tmargin-left: 0;\n\t\t\t}\n\t\t\t\/* see gallery_shortcode() in wp-includes\/media.php *\/\n\t\t<\/style>\n\t\t<div id='gallery-1' class='gallery galleryid-15740 gallery-columns-3 gallery-size-thumbnail'><dl class='gallery-item'>\n\t\t\t<dt class='gallery-icon landscape'>\n\t\t\t\t<a href='https:\/\/sinprofaz.org.br\/2024\/wp-content\/uploads\/2023\/02\/REUNI\u00c3O-NO-MINIST\u00c9RIO-DA-JUSTI\u00c7A-2.png'><img loading=\"lazy\" decoding=\"async\" width=\"150\" height=\"150\" src=\"https:\/\/sinprofaz.org.br\/2024\/wp-content\/uploads\/2023\/02\/REUNI\u00c3O-NO-MINIST\u00c9RIO-DA-JUSTI\u00c7A-2-150x150.png\" class=\"attachment-thumbnail size-thumbnail\" alt=\"\" \/><\/a>\n\t\t\t<\/dt><\/dl><dl class='gallery-item'>\n\t\t\t<dt class='gallery-icon landscape'>\n\t\t\t\t<a href='https:\/\/sinprofaz.org.br\/2024\/wp-content\/uploads\/2023\/02\/REUNI\u00c3O-NO-MINIST\u00c9RIO-DA-JUSTI\u00c7A-3.png'><img loading=\"lazy\" decoding=\"async\" width=\"150\" height=\"150\" src=\"https:\/\/sinprofaz.org.br\/2024\/wp-content\/uploads\/2023\/02\/REUNI\u00c3O-NO-MINIST\u00c9RIO-DA-JUSTI\u00c7A-3-150x150.png\" class=\"attachment-thumbnail size-thumbnail\" alt=\"\" \/><\/a>\n\t\t\t<\/dt><\/dl><dl class='gallery-item'>\n\t\t\t<dt class='gallery-icon landscape'>\n\t\t\t\t<a href='https:\/\/sinprofaz.org.br\/2024\/wp-content\/uploads\/2023\/02\/REUNI\u00c3O-NO-MINIST\u00c9RIO-DA-JUSTI\u00c7A-4.png'><img loading=\"lazy\" decoding=\"async\" width=\"150\" height=\"150\" src=\"https:\/\/sinprofaz.org.br\/2024\/wp-content\/uploads\/2023\/02\/REUNI\u00c3O-NO-MINIST\u00c9RIO-DA-JUSTI\u00c7A-4-150x150.png\" class=\"attachment-thumbnail size-thumbnail\" alt=\"\" \/><\/a>\n\t\t\t<\/dt><\/dl><br style=\"clear: both\" \/><dl class='gallery-item'>\n\t\t\t<dt class='gallery-icon landscape'>\n\t\t\t\t<a href='https:\/\/sinprofaz.org.br\/2024\/wp-content\/uploads\/2023\/02\/REUNI\u00c3O-NO-MINIST\u00c9RIO-DA-JUSTI\u00c7A-5.png'><img loading=\"lazy\" decoding=\"async\" width=\"150\" height=\"150\" src=\"https:\/\/sinprofaz.org.br\/2024\/wp-content\/uploads\/2023\/02\/REUNI\u00c3O-NO-MINIST\u00c9RIO-DA-JUSTI\u00c7A-5-150x150.png\" class=\"attachment-thumbnail size-thumbnail\" alt=\"\" \/><\/a>\n\t\t\t<\/dt><\/dl>\n\t\t\t<br style='clear: both' \/>\n\t\t<\/div>\n\n","protected":false},"excerpt":{"rendered":"<p>O SINPROFAZ, representado pelo presidente Achilles Frias, foi recebido ontem (16) pelo filiado Tadeu Alencar, Secret\u00e1rio Nacional de Seguran\u00e7a P\u00fablica do Minist\u00e9rio da Justi\u00e7a. Ao longo da visita, foram abordados temas relativos \u00e0 Advocacia P\u00fablica.<\/p>\n","protected":false},"author":2,"featured_media":15741,"comment_status":"open","ping_status":"open","sticky":false,"template":"","format":"standard","meta":{"footnotes":""},"categories":[8],"tags":[34,32,25],"featured_image_url":"https:\/\/sinprofaz.org.br\/2024\/wp-content\/uploads\/2023\/02\/REUNI\u00c3O-NO-MINIST\u00c9RIO-DA-JUSTI\u00c7A-1.png","character_count":957,"formatted_date":"17\/02\/2023 - 08:22","contentNovo":"O SINPROFAZ, representado pelo presidente Achilles Frias, foi recebido ontem (16) pelo filiado Tadeu Alencar, Secret\u00e1rio Nacional de Seguran\u00e7a P\u00fablica do Minist\u00e9rio da Justi\u00e7a. Ao longo da visita institucional \u00e0 sede do Minist\u00e9rio, em Bras\u00edlia\/DF, foram abordados temas relativos \u00e0 Advocacia P\u00fablica Federal. Achilles Frias falou sobre o orgulho do Sindicato em representar o Colega, que tanto contribuiu para a evolu\u00e7\u00e3o da Carreira enquanto PFN e Deputado Federal e que tanto contribuir\u00e1 para o Pa\u00eds na qualidade de Secret\u00e1rio Nacional de Seguran\u00e7a P\u00fablica.\r\n\r\n<strong>Trajet\u00f3ria profissional<\/strong>\r\nFrancisco Tadeu Barbosa de Alencar foi Deputado Federal (PSB\/PE) por dois mandatos (2015-2022). Enquanto parlamentar, exerceu a lideran\u00e7a do PSB (2018-2019) e a vice-lideran\u00e7a da oposi\u00e7\u00e3o ao governo Bolsonaro (2021-2022). Foi membro titular da Comiss\u00e3o de Constitui\u00e7\u00e3o e Justi\u00e7a e de Cidadania, da Comiss\u00e3o de Rela\u00e7\u00f5es Exteriores e da Comiss\u00e3o de Cultura. Presidiu a Frente Parlamentar em Defesa do Cinema e do Audiovisual brasileiros.\r\n\r\nProcurador da Fazenda Nacional desde 1993, exerceu os cargos de Procurador-Geral Adjunto da Fazenda Nacional no primeiro governo do Presidente Lula e de Procurador-Regional da PRFN 5\u00aa Regi\u00e3o. Foi Delegado Sindical do SINPROFAZ. Em Pernambuco, atuou como Procurador-Geral do Estado e como Secret\u00e1rio da Casa Civil no governo de Eduardo Campos (2007-2014). Presidiu o Conselho de Administra\u00e7\u00e3o da Empresa Pernambuco de Comunica\u00e7\u00e3o (EPC) e o Conselho Fiscal do BNB.\r\n\r\n[gallery link=\"file\" ids=\"15742,15743,15744,15745\"]","_links":{"self":[{"href":"https:\/\/sinprofaz.org.br\/2024\/wp-json\/wp\/v2\/posts\/15740"}],"collection":[{"href":"https:\/\/sinprofaz.org.br\/2024\/wp-json\/wp\/v2\/posts"}],"about":[{"href":"https:\/\/sinprofaz.org.br\/2024\/wp-json\/wp\/v2\/types\/post"}],"author":[{"embeddable":true,"href":"https:\/\/sinprofaz.org.br\/2024\/wp-json\/wp\/v2\/users\/2"}],"replies":[{"embeddable":true,"href":"https:\/\/sinprofaz.org.br\/2024\/wp-json\/wp\/v2\/comments?post=15740"}],"version-history":[{"count":2,"href":"https:\/\/sinprofaz.org.br\/2024\/wp-json\/wp\/v2\/posts\/15740\/revisions"}],"predecessor-version":[{"id":15754,"href":"https:\/\/sinprofaz.org.br\/2024\/wp-json\/wp\/v2\/posts\/15740\/revisions\/15754"}],"wp:featuredmedia":[{"embeddable":true,"href":"https:\/\/sinprofaz.org.br\/2024\/wp-json\/wp\/v2\/media\/15741"}],"wp:attachment":[{"href":"https:\/\/sinprofaz.org.br\/2024\/wp-json\/wp\/v2\/media?parent=15740"}],"wp:term":[{"taxonomy":"category","embeddable":true,"href":"https:\/\/sinprofaz.org.br\/2024\/wp-json\/wp\/v2\/categories?post=15740"},{"taxonomy":"post_tag","embeddable":true,"href":"https:\/\/sinprofaz.org.br\/2024\/wp-json\/wp\/v2\/tags?post=15740"}],"curies":[{"name":"wp","href":"https:\/\/api.w.org\/{rel}","templated":true}]}}