{"id":15718,"date":"2023-02-13T09:42:35","date_gmt":"2023-02-13T12:42:35","guid":{"rendered":"http:\/\/www.sinprofaz.org.br\/?p=15718"},"modified":"2023-02-14T09:35:37","modified_gmt":"2023-02-14T12:35:37","slug":"em-reuniao-diretoria-do-sinprofaz-prepara-pauta-da-ago-2023","status":"publish","type":"post","link":"https:\/\/sinprofaz.org.br\/2024\/noticias\/em-reuniao-diretoria-do-sinprofaz-prepara-pauta-da-ago-2023\/","title":{"rendered":"EM REUNI\u00c3O, DIRETORIA DO SINPROFAZ PREPARA PAUTA DA AGO 2023"},"content":{"rendered":"<p>A Diretoria do SINPROFAZ esteve reunida na sexta-feira (10). A reuni\u00e3o foi especialmente convocada para defini\u00e7\u00e3o da pauta da Assembleia Geral Ordin\u00e1ria 2023, a ser realizada no dia 25 de mar\u00e7o, em Bras\u00edlia\/DF. Para participar, filiadas e filiados poder\u00e3o utilizar procura\u00e7\u00e3o impressa ou eletr\u00f4nica. A procura\u00e7\u00e3o impressa ser\u00e1 encaminhada via Correios juntamente com os demais documentos pertinentes \u00e0 AGO. J\u00e1 a procura\u00e7\u00e3o eletr\u00f4nica ser\u00e1 disponibilizada nos pr\u00f3ximos dias na \u00c1rea do Filiado, no site do SINPROFAZ.<\/p>\n<p>Na oportunidade da reuni\u00e3o, diretoras e diretores fizeram uma an\u00e1lise do primeiro m\u00eas da nova gest\u00e3o no \u00e2mbito do governo federal, da PGFN e da AGU. Quest\u00f5es relacionadas \u00e0 defesa de prerrogativas da Carreira e temas pol\u00edticos, como o trabalho nos bastidores do Congresso Nacional, tamb\u00e9m foram discutidos. Atenta \u00e0s pautas de interesse de procuradoras e procuradores da Fazenda Nacional, a Diretoria debateu estrat\u00e9gias para atua\u00e7\u00e3o sindical.<\/p>\n\n\t\t<style type=\"text\/css\">\n\t\t\t#gallery-1 {\n\t\t\t\tmargin: auto;\n\t\t\t}\n\t\t\t#gallery-1 .gallery-item {\n\t\t\t\tfloat: left;\n\t\t\t\tmargin-top: 10px;\n\t\t\t\ttext-align: center;\n\t\t\t\twidth: 33%;\n\t\t\t}\n\t\t\t#gallery-1 img {\n\t\t\t\tborder: 2px solid #cfcfcf;\n\t\t\t}\n\t\t\t#gallery-1 .gallery-caption {\n\t\t\t\tmargin-left: 0;\n\t\t\t}\n\t\t\t\/* see gallery_shortcode() in wp-includes\/media.php *\/\n\t\t<\/style>\n\t\t<div id='gallery-1' class='gallery galleryid-15718 gallery-columns-3 gallery-size-thumbnail'><dl class='gallery-item'>\n\t\t\t<dt class='gallery-icon landscape'>\n\t\t\t\t<a href='https:\/\/sinprofaz.org.br\/2024\/wp-content\/uploads\/2023\/02\/DIRE-2.png'><img loading=\"lazy\" decoding=\"async\" width=\"150\" height=\"150\" src=\"https:\/\/sinprofaz.org.br\/2024\/wp-content\/uploads\/2023\/02\/DIRE-2-150x150.png\" class=\"attachment-thumbnail size-thumbnail\" alt=\"\" \/><\/a>\n\t\t\t<\/dt><\/dl><dl class='gallery-item'>\n\t\t\t<dt class='gallery-icon landscape'>\n\t\t\t\t<a href='https:\/\/sinprofaz.org.br\/2024\/wp-content\/uploads\/2023\/02\/DIRE-3.png'><img loading=\"lazy\" decoding=\"async\" width=\"150\" height=\"150\" src=\"https:\/\/sinprofaz.org.br\/2024\/wp-content\/uploads\/2023\/02\/DIRE-3-150x150.png\" class=\"attachment-thumbnail size-thumbnail\" alt=\"\" \/><\/a>\n\t\t\t<\/dt><\/dl>\n\t\t\t<br style='clear: both' \/>\n\t\t<\/div>\n\n","protected":false},"excerpt":{"rendered":"<p>Para participar da AGO, os filiados poder\u00e3o utilizar procura\u00e7\u00e3o impressa ou eletr\u00f4nica. A procura\u00e7\u00e3o impressa ser\u00e1 encaminhada via Correios juntamente com os demais documentos pertinentes \u00e0 AGO. J\u00e1 a procura\u00e7\u00e3o eletr\u00f4nica ser\u00e1 disponibilizada nos pr\u00f3ximos dias na \u00c1rea do Filiado.<\/p>\n","protected":false},"author":2,"featured_media":15719,"comment_status":"open","ping_status":"open","sticky":false,"template":"","format":"standard","meta":{"footnotes":""},"categories":[8],"tags":[32,27,25],"featured_image_url":"https:\/\/sinprofaz.org.br\/2024\/wp-content\/uploads\/2023\/02\/DIRE-1.png","character_count":681,"formatted_date":"13\/02\/2023 - 09:42","contentNovo":"A Diretoria do SINPROFAZ esteve reunida na sexta-feira (10). A reuni\u00e3o foi especialmente convocada para defini\u00e7\u00e3o da pauta da Assembleia Geral Ordin\u00e1ria 2023, a ser realizada no dia 25 de mar\u00e7o, em Bras\u00edlia\/DF. Para participar, filiadas e filiados poder\u00e3o utilizar procura\u00e7\u00e3o impressa ou eletr\u00f4nica. A procura\u00e7\u00e3o impressa ser\u00e1 encaminhada via Correios juntamente com os demais documentos pertinentes \u00e0 AGO. J\u00e1 a procura\u00e7\u00e3o eletr\u00f4nica ser\u00e1 disponibilizada nos pr\u00f3ximos dias na \u00c1rea do Filiado, no site do SINPROFAZ.\r\n\r\nNa oportunidade da reuni\u00e3o, diretoras e diretores fizeram uma an\u00e1lise do primeiro m\u00eas da nova gest\u00e3o no \u00e2mbito do governo federal, da PGFN e da AGU. Quest\u00f5es relacionadas \u00e0 defesa de prerrogativas da Carreira e temas pol\u00edticos, como o trabalho nos bastidores do Congresso Nacional, tamb\u00e9m foram discutidos. Atenta \u00e0s pautas de interesse de procuradoras e procuradores da Fazenda Nacional, a Diretoria debateu estrat\u00e9gias para atua\u00e7\u00e3o sindical.\r\n\r\n[gallery link=\"file\" ids=\"15720,15721\"]","_links":{"self":[{"href":"https:\/\/sinprofaz.org.br\/2024\/wp-json\/wp\/v2\/posts\/15718"}],"collection":[{"href":"https:\/\/sinprofaz.org.br\/2024\/wp-json\/wp\/v2\/posts"}],"about":[{"href":"https:\/\/sinprofaz.org.br\/2024\/wp-json\/wp\/v2\/types\/post"}],"author":[{"embeddable":true,"href":"https:\/\/sinprofaz.org.br\/2024\/wp-json\/wp\/v2\/users\/2"}],"replies":[{"embeddable":true,"href":"https:\/\/sinprofaz.org.br\/2024\/wp-json\/wp\/v2\/comments?post=15718"}],"version-history":[{"count":2,"href":"https:\/\/sinprofaz.org.br\/2024\/wp-json\/wp\/v2\/posts\/15718\/revisions"}],"predecessor-version":[{"id":15727,"href":"https:\/\/sinprofaz.org.br\/2024\/wp-json\/wp\/v2\/posts\/15718\/revisions\/15727"}],"wp:featuredmedia":[{"embeddable":true,"href":"https:\/\/sinprofaz.org.br\/2024\/wp-json\/wp\/v2\/media\/15719"}],"wp:attachment":[{"href":"https:\/\/sinprofaz.org.br\/2024\/wp-json\/wp\/v2\/media?parent=15718"}],"wp:term":[{"taxonomy":"category","embeddable":true,"href":"https:\/\/sinprofaz.org.br\/2024\/wp-json\/wp\/v2\/categories?post=15718"},{"taxonomy":"post_tag","embeddable":true,"href":"https:\/\/sinprofaz.org.br\/2024\/wp-json\/wp\/v2\/tags?post=15718"}],"curies":[{"name":"wp","href":"https:\/\/api.w.org\/{rel}","templated":true}]}}