{"id":15702,"date":"2023-02-09T08:28:30","date_gmt":"2023-02-09T11:28:30","guid":{"rendered":"http:\/\/www.sinprofaz.org.br\/?p=15702"},"modified":"2023-02-13T09:48:46","modified_gmt":"2023-02-13T12:48:46","slug":"no-congresso-nacional-sinprofaz-participa-de-ato-em-defesa-da-democracia","status":"publish","type":"post","link":"https:\/\/sinprofaz.org.br\/2024\/noticias\/no-congresso-nacional-sinprofaz-participa-de-ato-em-defesa-da-democracia\/","title":{"rendered":"NO CONGRESSO NACIONAL, SINPROFAZ PARTICIPA DE ATO EM DEFESA DA DEMOCRACIA"},"content":{"rendered":"<p>O SINPROFAZ, representado pelo diretor S\u00e9rgio Carneiro, participou na quarta-feira (8) da mobiliza\u00e7\u00e3o &#8220;O caminho inverso: ato pela democracia&#8221;, promovida pelo Sindicato dos Servidores do Poder Legislativo &#8211; SINDILEGIS. O ato, que contou com apoio institucional da C\u00e2mara dos Deputados e do Senado Federal, ocorreu no Congresso Nacional exatamente um m\u00eas ap\u00f3s a invas\u00e3o do pr\u00e9dio nos atos terroristas do dia 8 de janeiro. Durante os ataques, os invasores quebraram vidra\u00e7as, m\u00f3veis e obras de arte do Congresso. Por isso, nos discursos proferidos ao longo do evento, foi pleiteada a responsabiliza\u00e7\u00e3o dos culpados e manifestada a gratid\u00e3o pelos servidores das Casas &#8211; com destaque para os profissionais da limpeza, as for\u00e7as policiais, os advogados e os respons\u00e1veis pela restaura\u00e7\u00e3o das obras.<\/p>\n<p>O ato simb\u00f3lico teve in\u00edcio \u00e0s 14h &#8211; hor\u00e1rio em que, em janeiro, come\u00e7aram os ataques &#8211; e foi realizado no Sal\u00e3o Negro, espa\u00e7o que une as duas Casas do Parlamento e que foi o primeiro a ser invadido. A mobiliza\u00e7\u00e3o teve a participa\u00e7\u00e3o dos corais da C\u00e2mara, do Senado e do TCU, que entoaram o hino nacional. Autoridades estrangeiras marcaram presen\u00e7a, a exemplo de representante da coaliz\u00e3o Capitol Strong, formada por entidades que se uniram ap\u00f3s a invas\u00e3o do Capit\u00f3lio nos EUA. A Associa\u00e7\u00e3o de Ex-Membros do Congresso dos EUA tamb\u00e9m participou do ato por meio de carta enviada em apoio \u00e0 mobiliza\u00e7\u00e3o (<a href=\"https:\/\/sindilegis.org.br\/wp-content\/uploads\/2023\/02\/Brazillian-Democracy-Letterhead-United-States-Association-of-Former-Members-of-Congress.pdf\">confira aqui a \u00edntegra da carta<\/a>). O ato foi encerrado no gramado em frente ao Congresso Nacional, onde a palavra &#8220;democracia&#8221; e a bandeira nacional foram abra\u00e7adas pelos participantes.<\/p>\n<p><strong>Presen\u00e7a de parlamentares<\/strong><br \/>\nDiversos deputados e senadores compareceram ao ato e manifestaram apoio irrestrito \u00e0 luta permanente em defesa da democracia. O dever c\u00edvico de repudiar os atos violentos tamb\u00e9m foi ressaltado na oportunidade. Deputadas como Maria do Ros\u00e1rio (PT\/RS), Luiza Erundina (PSOL\/SP), Erika Kokay (PT\/DF), Fernanda Melchionna (PSOL\/PT), C\u00e9lia Xakriab\u00e1 (PSOL\/MG) e Luciene Cavalcante (PSOL\/SP) e deputados como Chico Alencar (PSOL\/RJ), Andr\u00e9 Figueiredo (PDT\/CE), Luciano Bivar (Uni\u00e3o\/PE), Ivan Valente (PSOL\/SP) e Luiz Carlos Motta (PL\/SP) participaram da mobiliza\u00e7\u00e3o. O senador Weverton Rocha (PDT\/MA) e a senadora Soraya Thronicke (Uni\u00e3o\/MS) tamb\u00e9m estiveram presentes e discursaram em defesa das institui\u00e7\u00f5es e do Estado democr\u00e1tico de direito.<\/p>\n\n\t\t<style type=\"text\/css\">\n\t\t\t#gallery-1 {\n\t\t\t\tmargin: auto;\n\t\t\t}\n\t\t\t#gallery-1 .gallery-item {\n\t\t\t\tfloat: left;\n\t\t\t\tmargin-top: 10px;\n\t\t\t\ttext-align: center;\n\t\t\t\twidth: 33%;\n\t\t\t}\n\t\t\t#gallery-1 img {\n\t\t\t\tborder: 2px solid #cfcfcf;\n\t\t\t}\n\t\t\t#gallery-1 .gallery-caption {\n\t\t\t\tmargin-left: 0;\n\t\t\t}\n\t\t\t\/* see gallery_shortcode() in wp-includes\/media.php *\/\n\t\t<\/style>\n\t\t<div id='gallery-1' class='gallery galleryid-15702 gallery-columns-3 gallery-size-thumbnail'><dl class='gallery-item'>\n\t\t\t<dt class='gallery-icon landscape'>\n\t\t\t\t<a href='https:\/\/sinprofaz.org.br\/2024\/wp-content\/uploads\/2023\/02\/ato-democratico-2.png'><img loading=\"lazy\" decoding=\"async\" width=\"150\" height=\"150\" src=\"https:\/\/sinprofaz.org.br\/2024\/wp-content\/uploads\/2023\/02\/ato-democratico-2-150x150.png\" class=\"attachment-thumbnail size-thumbnail\" alt=\"\" aria-describedby=\"gallery-1-15704\" \/><\/a>\n\t\t\t<\/dt>\n\t\t\t\t<dd class='wp-caption-text gallery-caption' id='gallery-1-15704'>\n\t\t\t\tIvan Valente e S\u00e9rgio Carneiro\n\t\t\t\t<\/dd><\/dl><dl class='gallery-item'>\n\t\t\t<dt class='gallery-icon landscape'>\n\t\t\t\t<a href='https:\/\/sinprofaz.org.br\/2024\/wp-content\/uploads\/2023\/02\/ato-democratico-5.png'><img loading=\"lazy\" decoding=\"async\" width=\"150\" height=\"150\" src=\"https:\/\/sinprofaz.org.br\/2024\/wp-content\/uploads\/2023\/02\/ato-democratico-5-150x150.png\" class=\"attachment-thumbnail size-thumbnail\" alt=\"\" aria-describedby=\"gallery-1-15707\" \/><\/a>\n\t\t\t<\/dt>\n\t\t\t\t<dd class='wp-caption-text gallery-caption' id='gallery-1-15707'>\n\t\t\t\tS\u00e9rgio Carneiro e Chico Alencar\n\t\t\t\t<\/dd><\/dl><dl class='gallery-item'>\n\t\t\t<dt class='gallery-icon landscape'>\n\t\t\t\t<a href='https:\/\/sinprofaz.org.br\/2024\/wp-content\/uploads\/2023\/02\/ato-democratico-4.png'><img loading=\"lazy\" decoding=\"async\" width=\"150\" height=\"150\" src=\"https:\/\/sinprofaz.org.br\/2024\/wp-content\/uploads\/2023\/02\/ato-democratico-4-150x150.png\" class=\"attachment-thumbnail size-thumbnail\" alt=\"\" aria-describedby=\"gallery-1-15706\" \/><\/a>\n\t\t\t<\/dt>\n\t\t\t\t<dd class='wp-caption-text gallery-caption' id='gallery-1-15706'>\n\t\t\t\tS\u00e9rgio Carneiro, Luiza Erundina e Maria Lucia Fattorelli\n\t\t\t\t<\/dd><\/dl><br style=\"clear: both\" \/><dl class='gallery-item'>\n\t\t\t<dt class='gallery-icon landscape'>\n\t\t\t\t<a href='https:\/\/sinprofaz.org.br\/2024\/wp-content\/uploads\/2023\/02\/ato-democratico-3.png'><img loading=\"lazy\" decoding=\"async\" width=\"150\" height=\"150\" src=\"https:\/\/sinprofaz.org.br\/2024\/wp-content\/uploads\/2023\/02\/ato-democratico-3-150x150.png\" class=\"attachment-thumbnail size-thumbnail\" alt=\"\" aria-describedby=\"gallery-1-15705\" \/><\/a>\n\t\t\t<\/dt>\n\t\t\t\t<dd class='wp-caption-text gallery-caption' id='gallery-1-15705'>\n\t\t\t\tMaria Lucia Fattorelli, S\u00e9rgio Carneiro, Alison Souza e Rudinei Marques\n\t\t\t\t<\/dd><\/dl><dl class='gallery-item'>\n\t\t\t<dt class='gallery-icon landscape'>\n\t\t\t\t<a href='https:\/\/sinprofaz.org.br\/2024\/wp-content\/uploads\/2023\/02\/ato-democratico-6.png'><img loading=\"lazy\" decoding=\"async\" width=\"150\" height=\"150\" src=\"https:\/\/sinprofaz.org.br\/2024\/wp-content\/uploads\/2023\/02\/ato-democratico-6-150x150.png\" class=\"attachment-thumbnail size-thumbnail\" alt=\"\" aria-describedby=\"gallery-1-15708\" \/><\/a>\n\t\t\t<\/dt>\n\t\t\t\t<dd class='wp-caption-text gallery-caption' id='gallery-1-15708'>\n\t\t\t\tParlamentares se manifestam em apoio ao ato\n\t\t\t\t<\/dd><\/dl><dl class='gallery-item'>\n\t\t\t<dt class='gallery-icon landscape'>\n\t\t\t\t<a href='https:\/\/sinprofaz.org.br\/2024\/wp-content\/uploads\/2023\/02\/ato-democratico-7.png'><img loading=\"lazy\" decoding=\"async\" width=\"150\" height=\"150\" src=\"https:\/\/sinprofaz.org.br\/2024\/wp-content\/uploads\/2023\/02\/ato-democratico-7-150x150.png\" class=\"attachment-thumbnail size-thumbnail\" alt=\"\" aria-describedby=\"gallery-1-15709\" \/><\/a>\n\t\t\t<\/dt>\n\t\t\t\t<dd class='wp-caption-text gallery-caption' id='gallery-1-15709'>\n\t\t\t\tWeverton Rocha, Soraya Thronicke e Luciano Bivar\n\t\t\t\t<\/dd><\/dl><br style=\"clear: both\" \/><dl class='gallery-item'>\n\t\t\t<dt class='gallery-icon landscape'>\n\t\t\t\t<a href='https:\/\/sinprofaz.org.br\/2024\/wp-content\/uploads\/2023\/02\/ato-democratico-8.png'><img loading=\"lazy\" decoding=\"async\" width=\"150\" height=\"150\" src=\"https:\/\/sinprofaz.org.br\/2024\/wp-content\/uploads\/2023\/02\/ato-democratico-8-150x150.png\" class=\"attachment-thumbnail size-thumbnail\" alt=\"\" aria-describedby=\"gallery-1-15710\" \/><\/a>\n\t\t\t<\/dt>\n\t\t\t\t<dd class='wp-caption-text gallery-caption' id='gallery-1-15710'>\n\t\t\t\tErika Kokay discursa para o p\u00fablico\n\t\t\t\t<\/dd><\/dl><dl class='gallery-item'>\n\t\t\t<dt class='gallery-icon landscape'>\n\t\t\t\t<a href='https:\/\/sinprofaz.org.br\/2024\/wp-content\/uploads\/2023\/02\/ato-democratico-9.png'><img loading=\"lazy\" decoding=\"async\" width=\"150\" height=\"150\" src=\"https:\/\/sinprofaz.org.br\/2024\/wp-content\/uploads\/2023\/02\/ato-democratico-9-150x150.png\" class=\"attachment-thumbnail size-thumbnail\" alt=\"\" aria-describedby=\"gallery-1-15711\" \/><\/a>\n\t\t\t<\/dt>\n\t\t\t\t<dd class='wp-caption-text gallery-caption' id='gallery-1-15711'>\n\t\t\t\tParticipantes lotam o Sal\u00e3o Negro\n\t\t\t\t<\/dd><\/dl>\n\t\t\t<br style='clear: both' \/>\n\t\t<\/div>\n\n","protected":false},"excerpt":{"rendered":"<p>O SINPROFAZ, representado pelo diretor S\u00e9rgio Carneiro, participou da mobiliza\u00e7\u00e3o &#8220;O caminho inverso: ato pela democracia&#8221;, promovida pelo SINDILEGIS. A mobiliza\u00e7\u00e3o ocorreu um m\u00eas ap\u00f3s a invas\u00e3o do Congresso nos atos terroristas de 8 de janeiro.<\/p>\n","protected":false},"author":2,"featured_media":15703,"comment_status":"open","ping_status":"open","sticky":false,"template":"","format":"standard","meta":{"footnotes":""},"categories":[8],"tags":[73,25],"featured_image_url":"https:\/\/sinprofaz.org.br\/2024\/wp-content\/uploads\/2023\/02\/ato-democratico-1.png","character_count":1686,"formatted_date":"09\/02\/2023 - 08:28","contentNovo":"O SINPROFAZ, representado pelo diretor S\u00e9rgio Carneiro, participou na quarta-feira (8) da mobiliza\u00e7\u00e3o \"O caminho inverso: ato pela democracia\", promovida pelo Sindicato dos Servidores do Poder Legislativo - SINDILEGIS. O ato, que contou com apoio institucional da C\u00e2mara dos Deputados e do Senado Federal, ocorreu no Congresso Nacional exatamente um m\u00eas ap\u00f3s a invas\u00e3o do pr\u00e9dio nos atos terroristas do dia 8 de janeiro. Durante os ataques, os invasores quebraram vidra\u00e7as, m\u00f3veis e obras de arte do Congresso. Por isso, nos discursos proferidos ao longo do evento, foi pleiteada a responsabiliza\u00e7\u00e3o dos culpados e manifestada a gratid\u00e3o pelos servidores das Casas - com destaque para os profissionais da limpeza, as for\u00e7as policiais, os advogados e os respons\u00e1veis pela restaura\u00e7\u00e3o das obras.\r\n\r\nO ato simb\u00f3lico teve in\u00edcio \u00e0s 14h - hor\u00e1rio em que, em janeiro, come\u00e7aram os ataques - e foi realizado no Sal\u00e3o Negro, espa\u00e7o que une as duas Casas do Parlamento e que foi o primeiro a ser invadido. A mobiliza\u00e7\u00e3o teve a participa\u00e7\u00e3o dos corais da C\u00e2mara, do Senado e do TCU, que entoaram o hino nacional. Autoridades estrangeiras marcaram presen\u00e7a, a exemplo de representante da coaliz\u00e3o Capitol Strong, formada por entidades que se uniram ap\u00f3s a invas\u00e3o do Capit\u00f3lio nos EUA. A Associa\u00e7\u00e3o de Ex-Membros do Congresso dos EUA tamb\u00e9m participou do ato por meio de carta enviada em apoio \u00e0 mobiliza\u00e7\u00e3o (<a href=\"https:\/\/sindilegis.org.br\/wp-content\/uploads\/2023\/02\/Brazillian-Democracy-Letterhead-United-States-Association-of-Former-Members-of-Congress.pdf\">confira aqui a \u00edntegra da carta<\/a>). O ato foi encerrado no gramado em frente ao Congresso Nacional, onde a palavra \"democracia\" e a bandeira nacional foram abra\u00e7adas pelos participantes.\r\n\r\n<strong>Presen\u00e7a de parlamentares<\/strong>\r\nDiversos deputados e senadores compareceram ao ato e manifestaram apoio irrestrito \u00e0 luta permanente em defesa da democracia. O dever c\u00edvico de repudiar os atos violentos tamb\u00e9m foi ressaltado na oportunidade. Deputadas como Maria do Ros\u00e1rio (PT\/RS), Luiza Erundina (PSOL\/SP), Erika Kokay (PT\/DF), Fernanda Melchionna (PSOL\/PT), C\u00e9lia Xakriab\u00e1 (PSOL\/MG) e Luciene Cavalcante (PSOL\/SP) e deputados como Chico Alencar (PSOL\/RJ), Andr\u00e9 Figueiredo (PDT\/CE), Luciano Bivar (Uni\u00e3o\/PE), Ivan Valente (PSOL\/SP) e Luiz Carlos Motta (PL\/SP) participaram da mobiliza\u00e7\u00e3o. O senador Weverton Rocha (PDT\/MA) e a senadora Soraya Thronicke (Uni\u00e3o\/MS) tamb\u00e9m estiveram presentes e discursaram em defesa das institui\u00e7\u00f5es e do Estado democr\u00e1tico de direito.\r\n\r\n[gallery link=\"file\" ids=\"15704,15707,15706,15705,15708,15709,15710,15711\"]","_links":{"self":[{"href":"https:\/\/sinprofaz.org.br\/2024\/wp-json\/wp\/v2\/posts\/15702"}],"collection":[{"href":"https:\/\/sinprofaz.org.br\/2024\/wp-json\/wp\/v2\/posts"}],"about":[{"href":"https:\/\/sinprofaz.org.br\/2024\/wp-json\/wp\/v2\/types\/post"}],"author":[{"embeddable":true,"href":"https:\/\/sinprofaz.org.br\/2024\/wp-json\/wp\/v2\/users\/2"}],"replies":[{"embeddable":true,"href":"https:\/\/sinprofaz.org.br\/2024\/wp-json\/wp\/v2\/comments?post=15702"}],"version-history":[{"count":5,"href":"https:\/\/sinprofaz.org.br\/2024\/wp-json\/wp\/v2\/posts\/15702\/revisions"}],"predecessor-version":[{"id":15723,"href":"https:\/\/sinprofaz.org.br\/2024\/wp-json\/wp\/v2\/posts\/15702\/revisions\/15723"}],"wp:featuredmedia":[{"embeddable":true,"href":"https:\/\/sinprofaz.org.br\/2024\/wp-json\/wp\/v2\/media\/15703"}],"wp:attachment":[{"href":"https:\/\/sinprofaz.org.br\/2024\/wp-json\/wp\/v2\/media?parent=15702"}],"wp:term":[{"taxonomy":"category","embeddable":true,"href":"https:\/\/sinprofaz.org.br\/2024\/wp-json\/wp\/v2\/categories?post=15702"},{"taxonomy":"post_tag","embeddable":true,"href":"https:\/\/sinprofaz.org.br\/2024\/wp-json\/wp\/v2\/tags?post=15702"}],"curies":[{"name":"wp","href":"https:\/\/api.w.org\/{rel}","templated":true}]}}