{"id":15689,"date":"2023-02-07T08:21:46","date_gmt":"2023-02-07T11:21:46","guid":{"rendered":"http:\/\/www.sinprofaz.org.br\/?p=15689"},"modified":"2023-02-07T08:21:46","modified_gmt":"2023-02-07T11:21:46","slug":"em-palestra-do-tedx-filiada-aborda-a-criacao-do-tributos-a-elas-assista","status":"publish","type":"post","link":"https:\/\/sinprofaz.org.br\/2024\/noticias\/em-palestra-do-tedx-filiada-aborda-a-criacao-do-tributos-a-elas-assista\/","title":{"rendered":"EM PALESTRA DO TEDX, FILIADA ABORDA A CRIA\u00c7\u00c3O DO TRIBUTOS A ELAS. ASSISTA!"},"content":{"rendered":"<p>A filiada Herta Rani Teles Santos foi uma das palestrantes da edi\u00e7\u00e3o do TEDx promovida pela Escola Superior do Minist\u00e9rio P\u00fablico da Uni\u00e3o &#8211; ESMPU. Na oportunidade, a procuradora da Fazenda Nacional abordou o tema da aus\u00eancia feminina em espa\u00e7os de poder, a exemplo dos cargos pol\u00edticos, dos postos da Administra\u00e7\u00e3o e das cadeiras da doc\u00eancia. De acordo com a filiada, a pouca representatividade, at\u00e9 mesmo no \u00e2mbito da PGFN, motivou di\u00e1logos sobre o assunto e culminou na exitosa cria\u00e7\u00e3o do grupo Tributos a Elas.<\/p>\n<p>&#8220;Rompi meu sil\u00eancio em uma tarde, durante um caf\u00e9 com uma amiga do trabalho. Dividimos nossos inc\u00f4modos sobre a invisibilidade feminina, inclusive no ambiente profissional, e chegamos \u00e0 conclus\u00e3o de que era hora de mudar a situa\u00e7\u00e3o. Ent\u00e3o criamos um movimento capaz de dialogar abertamente sobre o que estava acontecendo e de questionar padr\u00f5es. Nossa institui\u00e7\u00e3o precisava ser modificada, mas, como toda cultura organizacional emana das pessoas, primeiro foi preciso alcan\u00e7\u00e1-las&#8221;, ressaltou a PFN em trecho da palestra.<\/p>\n<p>Assista \u00e0 \u00edntegra da participa\u00e7\u00e3o de Herta Rani no TEDx! Acesse: <a href=\"http:\/\/youtu.be\/c2z54UtqgDs\">youtu.be\/c2z54UtqgDs<\/a><\/p>\n<p><strong>Sobre o TEDx<\/strong><br \/>\nSigla que remete \u00e0s palavras Technology, Entertainment e Design, TED \u00e9 uma organiza\u00e7\u00e3o sem fins lucrativos que objetiva disseminar ideias de impacto por meio de talks &#8211; &#8220;conversas&#8221;, em portugu\u00eas. O modelo de palestras curtas de at\u00e9 18 minutos nasceu em 1984, na Calif\u00f3rnia (EUA), e tornou-se conhecido mundialmente. TEDx, por sua vez, se refere ao programa que auxilia volunt\u00e1rios a organizarem a pr\u00f3pria s\u00e9rie de palestras no modelo de confer\u00eancia TED, com conte\u00fados capazes de inspirar pessoas de forma regional.<\/p>\n","protected":false},"excerpt":{"rendered":"<p>Herta Rani Teles Santos foi uma das palestrantes da edi\u00e7\u00e3o do TEDx promovida pela ESMPU. Na oportunidade, a PFN abordou o tema da aus\u00eancia feminina em espa\u00e7os de poder, a exemplo dos cargos pol\u00edticos, dos postos da Administra\u00e7\u00e3o e das cadeiras da doc\u00eancia.<\/p>\n","protected":false},"author":2,"featured_media":15690,"comment_status":"open","ping_status":"open","sticky":false,"template":"","format":"standard","meta":{"footnotes":""},"categories":[8],"tags":[32,29,25],"featured_image_url":"https:\/\/sinprofaz.org.br\/2024\/wp-content\/uploads\/2023\/02\/filiada-Herta-Rani-Teles-Santos-TDEX.png","character_count":866,"formatted_date":"07\/02\/2023 - 08:21","contentNovo":"A filiada Herta Rani Teles Santos foi uma das palestrantes da edi\u00e7\u00e3o do TEDx promovida pela Escola Superior do Minist\u00e9rio P\u00fablico da Uni\u00e3o - ESMPU. Na oportunidade, a procuradora da Fazenda Nacional abordou o tema da aus\u00eancia feminina em espa\u00e7os de poder, a exemplo dos cargos pol\u00edticos, dos postos da Administra\u00e7\u00e3o e das cadeiras da doc\u00eancia. De acordo com a filiada, a pouca representatividade, at\u00e9 mesmo no \u00e2mbito da PGFN, motivou di\u00e1logos sobre o assunto e culminou na exitosa cria\u00e7\u00e3o do grupo Tributos a Elas.\r\n\r\n\"Rompi meu sil\u00eancio em uma tarde, durante um caf\u00e9 com uma amiga do trabalho. Dividimos nossos inc\u00f4modos sobre a invisibilidade feminina, inclusive no ambiente profissional, e chegamos \u00e0 conclus\u00e3o de que era hora de mudar a situa\u00e7\u00e3o. Ent\u00e3o criamos um movimento capaz de dialogar abertamente sobre o que estava acontecendo e de questionar padr\u00f5es. Nossa institui\u00e7\u00e3o precisava ser modificada, mas, como toda cultura organizacional emana das pessoas, primeiro foi preciso alcan\u00e7\u00e1-las\", ressaltou a PFN em trecho da palestra.\r\n\r\nAssista \u00e0 \u00edntegra da participa\u00e7\u00e3o de Herta Rani no TEDx! Acesse: <a href=\"http:\/\/youtu.be\/c2z54UtqgDs\">youtu.be\/c2z54UtqgDs<\/a>\r\n\r\n<strong>Sobre o TEDx<\/strong>\r\nSigla que remete \u00e0s palavras Technology, Entertainment e Design, TED \u00e9 uma organiza\u00e7\u00e3o sem fins lucrativos que objetiva disseminar ideias de impacto por meio de talks - \"conversas\", em portugu\u00eas. O modelo de palestras curtas de at\u00e9 18 minutos nasceu em 1984, na Calif\u00f3rnia (EUA), e tornou-se conhecido mundialmente. TEDx, por sua vez, se refere ao programa que auxilia volunt\u00e1rios a organizarem a pr\u00f3pria s\u00e9rie de palestras no modelo de confer\u00eancia TED, com conte\u00fados capazes de inspirar pessoas de forma regional.","_links":{"self":[{"href":"https:\/\/sinprofaz.org.br\/2024\/wp-json\/wp\/v2\/posts\/15689"}],"collection":[{"href":"https:\/\/sinprofaz.org.br\/2024\/wp-json\/wp\/v2\/posts"}],"about":[{"href":"https:\/\/sinprofaz.org.br\/2024\/wp-json\/wp\/v2\/types\/post"}],"author":[{"embeddable":true,"href":"https:\/\/sinprofaz.org.br\/2024\/wp-json\/wp\/v2\/users\/2"}],"replies":[{"embeddable":true,"href":"https:\/\/sinprofaz.org.br\/2024\/wp-json\/wp\/v2\/comments?post=15689"}],"version-history":[{"count":1,"href":"https:\/\/sinprofaz.org.br\/2024\/wp-json\/wp\/v2\/posts\/15689\/revisions"}],"predecessor-version":[{"id":15691,"href":"https:\/\/sinprofaz.org.br\/2024\/wp-json\/wp\/v2\/posts\/15689\/revisions\/15691"}],"wp:featuredmedia":[{"embeddable":true,"href":"https:\/\/sinprofaz.org.br\/2024\/wp-json\/wp\/v2\/media\/15690"}],"wp:attachment":[{"href":"https:\/\/sinprofaz.org.br\/2024\/wp-json\/wp\/v2\/media?parent=15689"}],"wp:term":[{"taxonomy":"category","embeddable":true,"href":"https:\/\/sinprofaz.org.br\/2024\/wp-json\/wp\/v2\/categories?post=15689"},{"taxonomy":"post_tag","embeddable":true,"href":"https:\/\/sinprofaz.org.br\/2024\/wp-json\/wp\/v2\/tags?post=15689"}],"curies":[{"name":"wp","href":"https:\/\/api.w.org\/{rel}","templated":true}]}}