{"id":15615,"date":"2023-01-17T08:23:57","date_gmt":"2023-01-17T11:23:57","guid":{"rendered":"http:\/\/www.sinprofaz.org.br\/?p=15615"},"modified":"2023-01-18T09:20:15","modified_gmt":"2023-01-18T12:20:15","slug":"forvm-reune-se-no-sinprofaz","status":"publish","type":"post","link":"https:\/\/sinprofaz.org.br\/2024\/noticias\/forvm-reune-se-no-sinprofaz\/","title":{"rendered":"FORVM RE\u00daNE-SE NO SINPROFAZ"},"content":{"rendered":"<p>O presidente do SINPROFAZ e do FORVM, Achilles Frias, o presidente e o diretor da ANAUNI, Cl\u00f3vis dos Santos e Tobias Morato, e o presidente da ANAJUR, Jarbas dos Reis, estiveram reunidos na sede do Sindicato, em Bras\u00edlia\/DF. O encontro possibilitou o debate de assuntos relativos ao F\u00f3rum Nacional da Advocacia P\u00fablica Federal, que integra advogadas e advogados p\u00fablicos Membros da AGU.<\/p>\n<p>Na qualidade de presidente do FORVM, Achilles Frias coordenou a defini\u00e7\u00e3o das prioridades da entidade para 2023. A atua\u00e7\u00e3o conjunta em defesa das prerrogativas de filiadas e filiados seguir\u00e1 norteando o F\u00f3rum, que intensificar\u00e1 o trabalho em torno dos pleitos comuns. O encontro tamb\u00e9m foi oportunidade para apresenta\u00e7\u00e3o de Jarbas dos Reis, novo presidente da ANAJUR, a quem o FORVM deseja uma \u00f3tima gest\u00e3o.<\/p>\n\n\t\t<style type=\"text\/css\">\n\t\t\t#gallery-1 {\n\t\t\t\tmargin: auto;\n\t\t\t}\n\t\t\t#gallery-1 .gallery-item {\n\t\t\t\tfloat: left;\n\t\t\t\tmargin-top: 10px;\n\t\t\t\ttext-align: center;\n\t\t\t\twidth: 33%;\n\t\t\t}\n\t\t\t#gallery-1 img {\n\t\t\t\tborder: 2px solid #cfcfcf;\n\t\t\t}\n\t\t\t#gallery-1 .gallery-caption {\n\t\t\t\tmargin-left: 0;\n\t\t\t}\n\t\t\t\/* see gallery_shortcode() in wp-includes\/media.php *\/\n\t\t<\/style>\n\t\t<div id='gallery-1' class='gallery galleryid-15615 gallery-columns-3 gallery-size-thumbnail'><dl class='gallery-item'>\n\t\t\t<dt class='gallery-icon landscape'>\n\t\t\t\t<a href='https:\/\/sinprofaz.org.br\/2024\/wp-content\/uploads\/2023\/01\/forvn-2.png'><img loading=\"lazy\" decoding=\"async\" width=\"150\" height=\"150\" src=\"https:\/\/sinprofaz.org.br\/2024\/wp-content\/uploads\/2023\/01\/forvn-2-150x150.png\" class=\"attachment-thumbnail size-thumbnail\" alt=\"\" \/><\/a>\n\t\t\t<\/dt><\/dl>\n\t\t\t<br style='clear: both' \/>\n\t\t<\/div>\n\n","protected":false},"excerpt":{"rendered":"<p>O presidente do SINPROFAZ e do FORVM, Achilles Frias, o presidente e o diretor da ANAUNI, Cl\u00f3vis dos Santos e Tobias Morato, e o presidente da ANAJUR, Jarbas dos Reis, estiveram reunidos na sede do Sindicato, em Bras\u00edlia\/DF. O encontro possibilitou o debate de assuntos relativos ao F\u00f3rum Nacional da Advocacia P\u00fablica Federal, que integra Membros da AGU.<\/p>\n","protected":false},"author":2,"featured_media":15616,"comment_status":"open","ping_status":"open","sticky":false,"template":"","format":"standard","meta":{"footnotes":""},"categories":[8],"tags":[43,137,25],"featured_image_url":"https:\/\/sinprofaz.org.br\/2024\/wp-content\/uploads\/2023\/01\/forvn-1.png","character_count":584,"formatted_date":"17\/01\/2023 - 08:23","contentNovo":"O presidente do SINPROFAZ e do FORVM, Achilles Frias, o presidente e o diretor da ANAUNI, Cl\u00f3vis dos Santos e Tobias Morato, e o presidente da ANAJUR, Jarbas dos Reis, estiveram reunidos na sede do Sindicato, em Bras\u00edlia\/DF. O encontro possibilitou o debate de assuntos relativos ao F\u00f3rum Nacional da Advocacia P\u00fablica Federal, que integra advogadas e advogados p\u00fablicos Membros da AGU.\r\n\r\nNa qualidade de presidente do FORVM, Achilles Frias coordenou a defini\u00e7\u00e3o das prioridades da entidade para 2023. A atua\u00e7\u00e3o conjunta em defesa das prerrogativas de filiadas e filiados seguir\u00e1 norteando o F\u00f3rum, que intensificar\u00e1 o trabalho em torno dos pleitos comuns. O encontro tamb\u00e9m foi oportunidade para apresenta\u00e7\u00e3o de Jarbas dos Reis, novo presidente da ANAJUR, a quem o FORVM deseja uma \u00f3tima gest\u00e3o.\r\n\r\n[gallery link=\"file\" ids=\"15617\"]","_links":{"self":[{"href":"https:\/\/sinprofaz.org.br\/2024\/wp-json\/wp\/v2\/posts\/15615"}],"collection":[{"href":"https:\/\/sinprofaz.org.br\/2024\/wp-json\/wp\/v2\/posts"}],"about":[{"href":"https:\/\/sinprofaz.org.br\/2024\/wp-json\/wp\/v2\/types\/post"}],"author":[{"embeddable":true,"href":"https:\/\/sinprofaz.org.br\/2024\/wp-json\/wp\/v2\/users\/2"}],"replies":[{"embeddable":true,"href":"https:\/\/sinprofaz.org.br\/2024\/wp-json\/wp\/v2\/comments?post=15615"}],"version-history":[{"count":4,"href":"https:\/\/sinprofaz.org.br\/2024\/wp-json\/wp\/v2\/posts\/15615\/revisions"}],"predecessor-version":[{"id":15625,"href":"https:\/\/sinprofaz.org.br\/2024\/wp-json\/wp\/v2\/posts\/15615\/revisions\/15625"}],"wp:featuredmedia":[{"embeddable":true,"href":"https:\/\/sinprofaz.org.br\/2024\/wp-json\/wp\/v2\/media\/15616"}],"wp:attachment":[{"href":"https:\/\/sinprofaz.org.br\/2024\/wp-json\/wp\/v2\/media?parent=15615"}],"wp:term":[{"taxonomy":"category","embeddable":true,"href":"https:\/\/sinprofaz.org.br\/2024\/wp-json\/wp\/v2\/categories?post=15615"},{"taxonomy":"post_tag","embeddable":true,"href":"https:\/\/sinprofaz.org.br\/2024\/wp-json\/wp\/v2\/tags?post=15615"}],"curies":[{"name":"wp","href":"https:\/\/api.w.org\/{rel}","templated":true}]}}