{"id":1561,"date":"2013-11-26T19:49:02","date_gmt":"2013-11-26T19:49:02","guid":{"rendered":""},"modified":"-0001-11-30T00:00:00","modified_gmt":"-0001-11-30T03:00:00","slug":"honorarios-sinprofaz-continua-mobilizacao-no-congresso-nacional-e-nas-bases","status":"publish","type":"post","link":"https:\/\/sinprofaz.org.br\/2024\/noticias\/honorarios-sinprofaz-continua-mobilizacao-no-congresso-nacional-e-nas-bases\/","title":{"rendered":"Honor\u00e1rios: SINPROFAZ continua mobiliza\u00e7\u00e3o no Congresso Nacional e nas bases"},"content":{"rendered":"<p>A atua\u00e7\u00e3o do SINPROFAZ \u00e9 no sentido de garantir a manuten\u00e7\u00e3o dos honor\u00e1rios na parte geral do novo CPC, conforme est\u00e1 disposto no \u00a7 19 do Artigo 85, e que j\u00e1 foi aprovado no plen\u00e1rio da C\u00e2mara no \u00faltimo dia 5 de novembro.<\/p>\n<p>O Sindicato est\u00e1 de plant\u00e3o na C\u00e2mara, atento \u00e0s negocia\u00e7\u00f5es entre os l\u00edderes partid\u00e1rios, para que os destaques que amea\u00e7am os honor\u00e1rios sejam derrubados democraticamente, no voto, de modo a assegurar a perman\u00eancia do texto formulado no seio do pr\u00f3prio governo, pelas m\u00e3os de um deputado federal do PT, o relator Paulo Teixeira.<\/p>\n","protected":false},"excerpt":{"rendered":"<p>Semana inicia com Diretoria do Sindicato em campo no trabalho de convencimento aos parlamentares para que apoiem o pleito dos honor\u00e1rios em plen\u00e1rio.<\/p>\n","protected":false},"author":1,"featured_media":0,"comment_status":"closed","ping_status":"open","sticky":false,"template":"","format":"standard","meta":{"footnotes":""},"categories":[8],"tags":[],"featured_image_url":"https:\/\/dummyimage.com\/720x400","character_count":289,"formatted_date":"26\/11\/2013 - 19:49","contentNovo":"\r\n<p>A atua\u00e7\u00e3o do SINPROFAZ \u00e9 no sentido de garantir a manuten\u00e7\u00e3o dos honor\u00e1rios na parte geral do novo CPC, conforme est\u00e1 disposto no \u00a7 19 do Artigo 85, e que j\u00e1 foi aprovado no plen\u00e1rio da C\u00e2mara no \u00faltimo dia 5 de novembro.<\/p>\r\n<p>O Sindicato est\u00e1 de plant\u00e3o na C\u00e2mara, atento \u00e0s negocia\u00e7\u00f5es entre os l\u00edderes partid\u00e1rios, para que os destaques que amea\u00e7am os honor\u00e1rios sejam derrubados democraticamente, no voto, de modo a assegurar a perman\u00eancia do texto formulado no seio do pr\u00f3prio governo, pelas m\u00e3os de um deputado federal do PT, o relator Paulo Teixeira.<\/p>","_links":{"self":[{"href":"https:\/\/sinprofaz.org.br\/2024\/wp-json\/wp\/v2\/posts\/1561"}],"collection":[{"href":"https:\/\/sinprofaz.org.br\/2024\/wp-json\/wp\/v2\/posts"}],"about":[{"href":"https:\/\/sinprofaz.org.br\/2024\/wp-json\/wp\/v2\/types\/post"}],"author":[{"embeddable":true,"href":"https:\/\/sinprofaz.org.br\/2024\/wp-json\/wp\/v2\/users\/1"}],"replies":[{"embeddable":true,"href":"https:\/\/sinprofaz.org.br\/2024\/wp-json\/wp\/v2\/comments?post=1561"}],"version-history":[{"count":0,"href":"https:\/\/sinprofaz.org.br\/2024\/wp-json\/wp\/v2\/posts\/1561\/revisions"}],"wp:attachment":[{"href":"https:\/\/sinprofaz.org.br\/2024\/wp-json\/wp\/v2\/media?parent=1561"}],"wp:term":[{"taxonomy":"category","embeddable":true,"href":"https:\/\/sinprofaz.org.br\/2024\/wp-json\/wp\/v2\/categories?post=1561"},{"taxonomy":"post_tag","embeddable":true,"href":"https:\/\/sinprofaz.org.br\/2024\/wp-json\/wp\/v2\/tags?post=1561"}],"curies":[{"name":"wp","href":"https:\/\/api.w.org\/{rel}","templated":true}]}}