{"id":15601,"date":"2023-01-16T08:35:34","date_gmt":"2023-01-16T11:35:34","guid":{"rendered":"http:\/\/www.sinprofaz.org.br\/?p=15601"},"modified":"2023-01-17T08:25:24","modified_gmt":"2023-01-17T11:25:24","slug":"em-reuniao-com-vice-agu-sinprofaz-debate-criacao-da-procuradoria-de-defesa-da-democracia","status":"publish","type":"post","link":"https:\/\/sinprofaz.org.br\/2024\/noticias\/em-reuniao-com-vice-agu-sinprofaz-debate-criacao-da-procuradoria-de-defesa-da-democracia\/","title":{"rendered":"EM REUNI\u00c3O COM VICE-AGU, SINPROFAZ DEBATE CRIA\u00c7\u00c3O DA PROCURADORIA DE DEFESA DA DEMOCRACIA"},"content":{"rendered":"<p>O SINPROFAZ, representado pelo presidente Achilles Frias, compareceu na sexta-feira (13) \u00e0 sede da Advocacia-Geral da Uni\u00e3o para encontro com o vice-AGU, Fl\u00e1vio Roman, e o procurador-geral da Uni\u00e3o, Marcelo Almeida. Ao longo da reuni\u00e3o, \u00e0 qual compareceram tamb\u00e9m representantes das entidades da Advocacia P\u00fablica Federal, os presentes debateram especialmente a cria\u00e7\u00e3o da Procuradoria Nacional da Uni\u00e3o de Defesa da Democracia (PNDD).<\/p>\n<p>Segundo os novos gestores da AGU, a forma\u00e7\u00e3o da Procuradoria demandar\u00e1 uma atua\u00e7\u00e3o articulada entre as carreiras, que ter\u00e3o representatividade no grupo de trabalho a ser criado para regulamenta\u00e7\u00e3o da PNDD. Tamb\u00e9m est\u00e1 prevista a realiza\u00e7\u00e3o, pela Advocacia-Geral da Uni\u00e3o, de consulta e audi\u00eancias p\u00fablicas com vistas \u00e0 reuni\u00e3o de sugest\u00f5es t\u00e9cnicas para o novo \u00f3rg\u00e3o &#8211; que funcionar\u00e1 dentro da Procuradoria-Geral da Uni\u00e3o, mas que contar\u00e1 com contribui\u00e7\u00f5es de todas as carreiras da AGU.<\/p>\n<p>Para o SINPROFAZ e as associa\u00e7\u00f5es, a atua\u00e7\u00e3o em defesa da democracia, dos Poderes, das pol\u00edticas p\u00fablicas e da probidade, assim como o efetivo combate \u00e0 desinforma\u00e7\u00e3o, j\u00e1 constituem atribui\u00e7\u00f5es da Advocacia-Geral da Uni\u00e3o, que ganha ainda maior relev\u00e2ncia no \u00e2mbito da Administra\u00e7\u00e3o nacional.<\/p>\n<p>Ao passo em que se comprometeram com a defesa da PNDD perante os Colegas e os cidad\u00e3os, o Sindicato e as entidades apresentaram pleitos de filiadas e filiados, a exemplo da cria\u00e7\u00e3o da carreira de apoio, da majora\u00e7\u00e3o do valor das di\u00e1rias, do aumento da remunera\u00e7\u00e3o das bolsas de est\u00e1gio, da equaliza\u00e7\u00e3o da carga de trabalho e da defesa permanente da principal prerrogativa dos Membros da Institui\u00e7\u00e3o.<\/p>\n\n\t\t<style type=\"text\/css\">\n\t\t\t#gallery-1 {\n\t\t\t\tmargin: auto;\n\t\t\t}\n\t\t\t#gallery-1 .gallery-item {\n\t\t\t\tfloat: left;\n\t\t\t\tmargin-top: 10px;\n\t\t\t\ttext-align: center;\n\t\t\t\twidth: 33%;\n\t\t\t}\n\t\t\t#gallery-1 img {\n\t\t\t\tborder: 2px solid #cfcfcf;\n\t\t\t}\n\t\t\t#gallery-1 .gallery-caption {\n\t\t\t\tmargin-left: 0;\n\t\t\t}\n\t\t\t\/* see gallery_shortcode() in wp-includes\/media.php *\/\n\t\t<\/style>\n\t\t<div id='gallery-1' class='gallery galleryid-15601 gallery-columns-3 gallery-size-thumbnail'><dl class='gallery-item'>\n\t\t\t<dt class='gallery-icon landscape'>\n\t\t\t\t<a href='https:\/\/sinprofaz.org.br\/2024\/wp-content\/uploads\/2023\/01\/reuni\u00e3o-sede-da-AGU-2.jpg'><img loading=\"lazy\" decoding=\"async\" width=\"150\" height=\"150\" src=\"https:\/\/sinprofaz.org.br\/2024\/wp-content\/uploads\/2023\/01\/reuni\u00e3o-sede-da-AGU-2-150x150.jpg\" class=\"attachment-thumbnail size-thumbnail\" alt=\"\" \/><\/a>\n\t\t\t<\/dt><\/dl><dl class='gallery-item'>\n\t\t\t<dt class='gallery-icon landscape'>\n\t\t\t\t<a href='https:\/\/sinprofaz.org.br\/2024\/wp-content\/uploads\/2023\/01\/reuni\u00e3o-sede-da-AGU-3.jpg'><img loading=\"lazy\" decoding=\"async\" width=\"150\" height=\"150\" src=\"https:\/\/sinprofaz.org.br\/2024\/wp-content\/uploads\/2023\/01\/reuni\u00e3o-sede-da-AGU-3-150x150.jpg\" class=\"attachment-thumbnail size-thumbnail\" alt=\"\" \/><\/a>\n\t\t\t<\/dt><\/dl><dl class='gallery-item'>\n\t\t\t<dt class='gallery-icon landscape'>\n\t\t\t\t<a href='https:\/\/sinprofaz.org.br\/2024\/wp-content\/uploads\/2023\/01\/reuni\u00e3o-sede-da-AGU-4.jpg'><img loading=\"lazy\" decoding=\"async\" width=\"150\" height=\"150\" src=\"https:\/\/sinprofaz.org.br\/2024\/wp-content\/uploads\/2023\/01\/reuni\u00e3o-sede-da-AGU-4-150x150.jpg\" class=\"attachment-thumbnail size-thumbnail\" alt=\"\" \/><\/a>\n\t\t\t<\/dt><\/dl><br style=\"clear: both\" \/><dl class='gallery-item'>\n\t\t\t<dt class='gallery-icon landscape'>\n\t\t\t\t<a href='https:\/\/sinprofaz.org.br\/2024\/wp-content\/uploads\/2023\/01\/reuni\u00e3o-sede-da-AGU-5.jpg'><img loading=\"lazy\" decoding=\"async\" width=\"150\" height=\"150\" src=\"https:\/\/sinprofaz.org.br\/2024\/wp-content\/uploads\/2023\/01\/reuni\u00e3o-sede-da-AGU-5-150x150.jpg\" class=\"attachment-thumbnail size-thumbnail\" alt=\"\" \/><\/a>\n\t\t\t<\/dt><\/dl><dl class='gallery-item'>\n\t\t\t<dt class='gallery-icon landscape'>\n\t\t\t\t<a href='https:\/\/sinprofaz.org.br\/2024\/wp-content\/uploads\/2023\/01\/reuni\u00e3o-sede-da-AGU-6.jpg'><img loading=\"lazy\" decoding=\"async\" width=\"150\" height=\"150\" src=\"https:\/\/sinprofaz.org.br\/2024\/wp-content\/uploads\/2023\/01\/reuni\u00e3o-sede-da-AGU-6-150x150.jpg\" class=\"attachment-thumbnail size-thumbnail\" alt=\"\" \/><\/a>\n\t\t\t<\/dt><\/dl><dl class='gallery-item'>\n\t\t\t<dt class='gallery-icon landscape'>\n\t\t\t\t<a href='https:\/\/sinprofaz.org.br\/2024\/wp-content\/uploads\/2023\/01\/reuni\u00e3o-sede-da-AGU-7.jpg'><img loading=\"lazy\" decoding=\"async\" width=\"150\" height=\"150\" src=\"https:\/\/sinprofaz.org.br\/2024\/wp-content\/uploads\/2023\/01\/reuni\u00e3o-sede-da-AGU-7-150x150.jpg\" class=\"attachment-thumbnail size-thumbnail\" alt=\"\" \/><\/a>\n\t\t\t<\/dt><\/dl><br style=\"clear: both\" \/><dl class='gallery-item'>\n\t\t\t<dt class='gallery-icon landscape'>\n\t\t\t\t<a href='https:\/\/sinprofaz.org.br\/2024\/wp-content\/uploads\/2023\/01\/reuni\u00e3o-sede-da-AGU-8.jpg'><img loading=\"lazy\" decoding=\"async\" width=\"150\" height=\"150\" src=\"https:\/\/sinprofaz.org.br\/2024\/wp-content\/uploads\/2023\/01\/reuni\u00e3o-sede-da-AGU-8-150x150.jpg\" class=\"attachment-thumbnail size-thumbnail\" alt=\"\" \/><\/a>\n\t\t\t<\/dt><\/dl>\n\t\t\t<br style='clear: both' \/>\n\t\t<\/div>\n\n","protected":false},"excerpt":{"rendered":"<p>O SINPROFAZ, representado pelo presidente Achilles Frias, compareceu na sexta-feira (13) \u00e0 sede da Advocacia-Geral da Uni\u00e3o para encontro com o vice-AGU, Fl\u00e1vio Roman, e o procurador-geral da Uni\u00e3o, Marcelo Almeida. <\/p>\n","protected":false},"author":2,"featured_media":15602,"comment_status":"open","ping_status":"open","sticky":false,"template":"","format":"standard","meta":{"footnotes":""},"categories":[8],"tags":[43,32,146,25],"featured_image_url":"https:\/\/sinprofaz.org.br\/2024\/wp-content\/uploads\/2023\/01\/reuni\u00e3o-sede-da-AGU-1.jpg","character_count":1062,"formatted_date":"16\/01\/2023 - 08:35","contentNovo":"O SINPROFAZ, representado pelo presidente Achilles Frias, compareceu na sexta-feira (13) \u00e0 sede da Advocacia-Geral da Uni\u00e3o para encontro com o vice-AGU, Fl\u00e1vio Roman, e o procurador-geral da Uni\u00e3o, Marcelo Almeida. Ao longo da reuni\u00e3o, \u00e0 qual compareceram tamb\u00e9m representantes das entidades da Advocacia P\u00fablica Federal, os presentes debateram especialmente a cria\u00e7\u00e3o da Procuradoria Nacional da Uni\u00e3o de Defesa da Democracia (PNDD).\r\n\r\nSegundo os novos gestores da AGU, a forma\u00e7\u00e3o da Procuradoria demandar\u00e1 uma atua\u00e7\u00e3o articulada entre as carreiras, que ter\u00e3o representatividade no grupo de trabalho a ser criado para regulamenta\u00e7\u00e3o da PNDD. Tamb\u00e9m est\u00e1 prevista a realiza\u00e7\u00e3o, pela Advocacia-Geral da Uni\u00e3o, de consulta e audi\u00eancias p\u00fablicas com vistas \u00e0 reuni\u00e3o de sugest\u00f5es t\u00e9cnicas para o novo \u00f3rg\u00e3o - que funcionar\u00e1 dentro da Procuradoria-Geral da Uni\u00e3o, mas que contar\u00e1 com contribui\u00e7\u00f5es de todas as carreiras da AGU.\r\n\r\nPara o SINPROFAZ e as associa\u00e7\u00f5es, a atua\u00e7\u00e3o em defesa da democracia, dos Poderes, das pol\u00edticas p\u00fablicas e da probidade, assim como o efetivo combate \u00e0 desinforma\u00e7\u00e3o, j\u00e1 constituem atribui\u00e7\u00f5es da Advocacia-Geral da Uni\u00e3o, que ganha ainda maior relev\u00e2ncia no \u00e2mbito da Administra\u00e7\u00e3o nacional.\r\n\r\nAo passo em que se comprometeram com a defesa da PNDD perante os Colegas e os cidad\u00e3os, o Sindicato e as entidades apresentaram pleitos de filiadas e filiados, a exemplo da cria\u00e7\u00e3o da carreira de apoio, da majora\u00e7\u00e3o do valor das di\u00e1rias, do aumento da remunera\u00e7\u00e3o das bolsas de est\u00e1gio, da equaliza\u00e7\u00e3o da carga de trabalho e da defesa permanente da principal prerrogativa dos Membros da Institui\u00e7\u00e3o.\r\n\r\n[gallery link=\"file\" ids=\"15603,15604,15605,15606,15607,15608,15609\"]","_links":{"self":[{"href":"https:\/\/sinprofaz.org.br\/2024\/wp-json\/wp\/v2\/posts\/15601"}],"collection":[{"href":"https:\/\/sinprofaz.org.br\/2024\/wp-json\/wp\/v2\/posts"}],"about":[{"href":"https:\/\/sinprofaz.org.br\/2024\/wp-json\/wp\/v2\/types\/post"}],"author":[{"embeddable":true,"href":"https:\/\/sinprofaz.org.br\/2024\/wp-json\/wp\/v2\/users\/2"}],"replies":[{"embeddable":true,"href":"https:\/\/sinprofaz.org.br\/2024\/wp-json\/wp\/v2\/comments?post=15601"}],"version-history":[{"count":2,"href":"https:\/\/sinprofaz.org.br\/2024\/wp-json\/wp\/v2\/posts\/15601\/revisions"}],"predecessor-version":[{"id":15611,"href":"https:\/\/sinprofaz.org.br\/2024\/wp-json\/wp\/v2\/posts\/15601\/revisions\/15611"}],"wp:featuredmedia":[{"embeddable":true,"href":"https:\/\/sinprofaz.org.br\/2024\/wp-json\/wp\/v2\/media\/15602"}],"wp:attachment":[{"href":"https:\/\/sinprofaz.org.br\/2024\/wp-json\/wp\/v2\/media?parent=15601"}],"wp:term":[{"taxonomy":"category","embeddable":true,"href":"https:\/\/sinprofaz.org.br\/2024\/wp-json\/wp\/v2\/categories?post=15601"},{"taxonomy":"post_tag","embeddable":true,"href":"https:\/\/sinprofaz.org.br\/2024\/wp-json\/wp\/v2\/tags?post=15601"}],"curies":[{"name":"wp","href":"https:\/\/api.w.org\/{rel}","templated":true}]}}