{"id":15537,"date":"2023-01-04T08:13:16","date_gmt":"2023-01-04T11:13:16","guid":{"rendered":"http:\/\/www.sinprofaz.org.br\/?p=15537"},"modified":"2023-01-09T10:52:47","modified_gmt":"2023-01-09T13:52:47","slug":"sinprofaz-comparece-a-cerimonia-de-apresentacao-da-nova-agu","status":"publish","type":"post","link":"https:\/\/sinprofaz.org.br\/2024\/noticias\/sinprofaz-comparece-a-cerimonia-de-apresentacao-da-nova-agu\/","title":{"rendered":"SINPROFAZ COMPARECE \u00c0 CERIM\u00d4NIA DE APRESENTA\u00c7\u00c3O DA NOVA AGU"},"content":{"rendered":"<p>O SINPROFAZ, representado pelo presidente Achilles Frias, compareceu na ter\u00e7a-feira (3) \u00e0 cerim\u00f4nia de apresenta\u00e7\u00e3o dos novos gestores da Advocacia-Geral da Uni\u00e3o. Promovida na sede da AGU, em Bras\u00edlia\/DF, a reuni\u00e3o foi coordenada por Jorge Messias, filiado e novo chefe da Institui\u00e7\u00e3o, e por Bruno Bianco, que deixou oficialmente o posto de advogado-geral da Uni\u00e3o. O encontro contou com a presen\u00e7a dos antigos e dos novos integrantes da c\u00fapula da AGU, os quais manter\u00e3o permanente contato com vistas \u00e0 efetiva transi\u00e7\u00e3o.<\/p>\n<p>Ao fazer uso da palavra, Jorge Messias destacou a satisfa\u00e7\u00e3o por suceder, na gest\u00e3o da Casa, um Colega da pr\u00f3pria Institui\u00e7\u00e3o, fato que refor\u00e7a a cultura e a import\u00e2ncia de um AGU de carreira. Segundo Messias, a Advocacia-Geral da Uni\u00e3o deve ser preservada de eventuais embates pol\u00edticos, de forma que a nova equipe possa dar continuidade ao processo de constru\u00e7\u00e3o e de amadurecimento da Casa. Por fim, Messias destacou a pretens\u00e3o de levar adiante inova\u00e7\u00f5es incrementais, a exemplo do aprimoramento tecnol\u00f3gico da Institui\u00e7\u00e3o.<\/p>\n<p>&#8220;O que nos une \u00e9 o di\u00e1logo e o respeito. O fato de estarmos aqui hoje, realizando essa transmiss\u00e3o de cargos, demonstra a clareza que temos sobre nossa maturidade institucional. Uma vez que sentamos nestas cadeiras, assumimos uma responsabilidade ainda maior e temos condi\u00e7\u00f5es de entender como a Casa deu passos importantes rumo \u00e0 independ\u00eancia e \u00e0 estabilidade. Com um amplo di\u00e1logo com todas as carreiras e entidades associativas, vamos imprimir as mudan\u00e7as necess\u00e1rias, mas o compromisso desta nova equipe \u00e9 levar adiante as conquistas j\u00e1 alcan\u00e7adas&#8221;, discursou o novo AGU Jorge Messias.<\/p>\n\n\t\t<style type=\"text\/css\">\n\t\t\t#gallery-1 {\n\t\t\t\tmargin: auto;\n\t\t\t}\n\t\t\t#gallery-1 .gallery-item {\n\t\t\t\tfloat: left;\n\t\t\t\tmargin-top: 10px;\n\t\t\t\ttext-align: center;\n\t\t\t\twidth: 33%;\n\t\t\t}\n\t\t\t#gallery-1 img {\n\t\t\t\tborder: 2px solid #cfcfcf;\n\t\t\t}\n\t\t\t#gallery-1 .gallery-caption {\n\t\t\t\tmargin-left: 0;\n\t\t\t}\n\t\t\t\/* see gallery_shortcode() in wp-includes\/media.php *\/\n\t\t<\/style>\n\t\t<div id='gallery-1' class='gallery galleryid-15537 gallery-columns-3 gallery-size-thumbnail'><dl class='gallery-item'>\n\t\t\t<dt class='gallery-icon landscape'>\n\t\t\t\t<a href='https:\/\/sinprofaz.org.br\/2024\/wp-content\/uploads\/2023\/01\/Design-sem-nome-18.png'><img loading=\"lazy\" decoding=\"async\" width=\"150\" height=\"150\" src=\"https:\/\/sinprofaz.org.br\/2024\/wp-content\/uploads\/2023\/01\/Design-sem-nome-18-150x150.png\" class=\"attachment-thumbnail size-thumbnail\" alt=\"\" \/><\/a>\n\t\t\t<\/dt><\/dl><dl class='gallery-item'>\n\t\t\t<dt class='gallery-icon landscape'>\n\t\t\t\t<a href='https:\/\/sinprofaz.org.br\/2024\/wp-content\/uploads\/2023\/01\/Design-sem-nome-20.png'><img loading=\"lazy\" decoding=\"async\" width=\"150\" height=\"150\" src=\"https:\/\/sinprofaz.org.br\/2024\/wp-content\/uploads\/2023\/01\/Design-sem-nome-20-150x150.png\" class=\"attachment-thumbnail size-thumbnail\" alt=\"\" \/><\/a>\n\t\t\t<\/dt><\/dl><dl class='gallery-item'>\n\t\t\t<dt class='gallery-icon landscape'>\n\t\t\t\t<a href='https:\/\/sinprofaz.org.br\/2024\/wp-content\/uploads\/2023\/01\/Design-sem-nome-19.png'><img loading=\"lazy\" decoding=\"async\" width=\"150\" height=\"150\" src=\"https:\/\/sinprofaz.org.br\/2024\/wp-content\/uploads\/2023\/01\/Design-sem-nome-19-150x150.png\" class=\"attachment-thumbnail size-thumbnail\" alt=\"\" \/><\/a>\n\t\t\t<\/dt><\/dl><br style=\"clear: both\" \/>\n\t\t<\/div>\n\n","protected":false},"excerpt":{"rendered":"<p>Segundo Jorge Messias, a Advocacia-Geral da Uni\u00e3o deve ser preservada de embates pol\u00edticos, de forma que a nova equipe possa dar continuidade ao processo de amadurecimento da Casa. Messias destacou a pretens\u00e3o de levar adiante inova\u00e7\u00f5es incrementais, a exemplo do aprimoramento tecnol\u00f3gico da Institui\u00e7\u00e3o.<\/p>\n","protected":false},"author":2,"featured_media":15538,"comment_status":"open","ping_status":"open","sticky":false,"template":"","format":"standard","meta":{"footnotes":""},"categories":[8],"tags":[43,32,25],"featured_image_url":"https:\/\/sinprofaz.org.br\/2024\/wp-content\/uploads\/2023\/01\/Design-sem-nome-17.png","character_count":1041,"formatted_date":"04\/01\/2023 - 08:13","contentNovo":"O SINPROFAZ, representado pelo presidente Achilles Frias, compareceu na ter\u00e7a-feira (3) \u00e0 cerim\u00f4nia de apresenta\u00e7\u00e3o dos novos gestores da Advocacia-Geral da Uni\u00e3o. Promovida na sede da AGU, em Bras\u00edlia\/DF, a reuni\u00e3o foi coordenada por Jorge Messias, filiado e novo chefe da Institui\u00e7\u00e3o, e por Bruno Bianco, que deixou oficialmente o posto de advogado-geral da Uni\u00e3o. O encontro contou com a presen\u00e7a dos antigos e dos novos integrantes da c\u00fapula da AGU, os quais manter\u00e3o permanente contato com vistas \u00e0 efetiva transi\u00e7\u00e3o.\r\n\r\nAo fazer uso da palavra, Jorge Messias destacou a satisfa\u00e7\u00e3o por suceder, na gest\u00e3o da Casa, um Colega da pr\u00f3pria Institui\u00e7\u00e3o, fato que refor\u00e7a a cultura e a import\u00e2ncia de um AGU de carreira. Segundo Messias, a Advocacia-Geral da Uni\u00e3o deve ser preservada de eventuais embates pol\u00edticos, de forma que a nova equipe possa dar continuidade ao processo de constru\u00e7\u00e3o e de amadurecimento da Casa. Por fim, Messias destacou a pretens\u00e3o de levar adiante inova\u00e7\u00f5es incrementais, a exemplo do aprimoramento tecnol\u00f3gico da Institui\u00e7\u00e3o.\r\n\r\n\"O que nos une \u00e9 o di\u00e1logo e o respeito. O fato de estarmos aqui hoje, realizando essa transmiss\u00e3o de cargos, demonstra a clareza que temos sobre nossa maturidade institucional. Uma vez que sentamos nestas cadeiras, assumimos uma responsabilidade ainda maior e temos condi\u00e7\u00f5es de entender como a Casa deu passos importantes rumo \u00e0 independ\u00eancia e \u00e0 estabilidade. Com um amplo di\u00e1logo com todas as carreiras e entidades associativas, vamos imprimir as mudan\u00e7as necess\u00e1rias, mas o compromisso desta nova equipe \u00e9 levar adiante as conquistas j\u00e1 alcan\u00e7adas\", discursou o novo AGU Jorge Messias.\r\n\r\n[gallery link=\"file\" ids=\"15544,15542,15543\"]","_links":{"self":[{"href":"https:\/\/sinprofaz.org.br\/2024\/wp-json\/wp\/v2\/posts\/15537"}],"collection":[{"href":"https:\/\/sinprofaz.org.br\/2024\/wp-json\/wp\/v2\/posts"}],"about":[{"href":"https:\/\/sinprofaz.org.br\/2024\/wp-json\/wp\/v2\/types\/post"}],"author":[{"embeddable":true,"href":"https:\/\/sinprofaz.org.br\/2024\/wp-json\/wp\/v2\/users\/2"}],"replies":[{"embeddable":true,"href":"https:\/\/sinprofaz.org.br\/2024\/wp-json\/wp\/v2\/comments?post=15537"}],"version-history":[{"count":2,"href":"https:\/\/sinprofaz.org.br\/2024\/wp-json\/wp\/v2\/posts\/15537\/revisions"}],"predecessor-version":[{"id":15566,"href":"https:\/\/sinprofaz.org.br\/2024\/wp-json\/wp\/v2\/posts\/15537\/revisions\/15566"}],"wp:featuredmedia":[{"embeddable":true,"href":"https:\/\/sinprofaz.org.br\/2024\/wp-json\/wp\/v2\/media\/15538"}],"wp:attachment":[{"href":"https:\/\/sinprofaz.org.br\/2024\/wp-json\/wp\/v2\/media?parent=15537"}],"wp:term":[{"taxonomy":"category","embeddable":true,"href":"https:\/\/sinprofaz.org.br\/2024\/wp-json\/wp\/v2\/categories?post=15537"},{"taxonomy":"post_tag","embeddable":true,"href":"https:\/\/sinprofaz.org.br\/2024\/wp-json\/wp\/v2\/tags?post=15537"}],"curies":[{"name":"wp","href":"https:\/\/api.w.org\/{rel}","templated":true}]}}