{"id":15508,"date":"2022-12-30T08:36:01","date_gmt":"2022-12-30T11:36:01","guid":{"rendered":"http:\/\/www.sinprofaz.org.br\/?p=15508"},"modified":"2022-12-30T09:12:01","modified_gmt":"2022-12-30T12:12:01","slug":"nota-conjunta-3","status":"publish","type":"post","link":"https:\/\/sinprofaz.org.br\/2024\/noticias\/nota-conjunta-3\/","title":{"rendered":"NOTA CONJUNTA"},"content":{"rendered":"<p>Ap\u00f3s diversas tratativas a respeito de acordo entre as Entidades e o CCHA, a composi\u00e7\u00e3o foi alcan\u00e7ada em reuni\u00e3o promovida nessa quinta-feira (29). O referido compromisso, que beneficia inativos e ativos das carreiras da Advocacia-Geral da Uni\u00e3o, foi firmado por ANAFE, ANAJUR, ANAUNI, ANPPREV e SINPROFAZ, que, por meio do acordo, reafirmam o compromisso com a permanente luta pelo fortalecimento da Advocacia P\u00fablica Federal.<\/p>\n<p>Por meio desta Nota Conjunta, as Entidades agradecem e parabenizam a atual gest\u00e3o da Advocacia-Geral da Uni\u00e3o &#8211; nas pessoas do Advogado-Geral, Bruno Bianco, e do Advogado-Geral Substituto, Adler Anaximandro &#8211; pelo esfor\u00e7o empreendido na defesa da principal prerrogativa dos Membros da Institui\u00e7\u00e3o. Agradecem e parabenizam, ainda, os integrantes do Conselho Curador &#8211; na pessoa do Presidente do CCHA, Rog\u00e9rio Campos &#8211; pelo incans\u00e1vel empenho no di\u00e1logo e na concilia\u00e7\u00e3o entre as Entidades.<\/p>\n","protected":false},"excerpt":{"rendered":"<p>Ap\u00f3s diversas tratativas a respeito de acordo entre as Entidades e o CCHA, a composi\u00e7\u00e3o foi alcan\u00e7ada em reuni\u00e3o promovida nessa quinta-feira (29). O referido compromisso, que beneficia inativos e ativos das carreiras da Advocacia-Geral da Uni\u00e3o, foi firmado por ANAFE, ANAJUR, ANAUNI, ANPPREV e SINPROFAZ.<\/p>\n","protected":false},"author":2,"featured_media":15511,"comment_status":"open","ping_status":"open","sticky":false,"template":"","format":"standard","meta":{"footnotes":""},"categories":[8],"tags":[43,71,146,25],"featured_image_url":"https:\/\/sinprofaz.org.br\/2024\/wp-content\/uploads\/2022\/12\/IMG-20221230-WA0005.jpg","character_count":479,"formatted_date":"30\/12\/2022 - 08:36","contentNovo":"Ap\u00f3s diversas tratativas a respeito de acordo entre as Entidades e o CCHA, a composi\u00e7\u00e3o foi alcan\u00e7ada em reuni\u00e3o promovida nessa quinta-feira (29). O referido compromisso, que beneficia inativos e ativos das carreiras da Advocacia-Geral da Uni\u00e3o, foi firmado por ANAFE, ANAJUR, ANAUNI, ANPPREV e SINPROFAZ, que, por meio do acordo, reafirmam o compromisso com a permanente luta pelo fortalecimento da Advocacia P\u00fablica Federal.\r\n\r\nPor meio desta Nota Conjunta, as Entidades agradecem e parabenizam a atual gest\u00e3o da Advocacia-Geral da Uni\u00e3o - nas pessoas do Advogado-Geral, Bruno Bianco, e do Advogado-Geral Substituto, Adler Anaximandro - pelo esfor\u00e7o empreendido na defesa da principal prerrogativa dos Membros da Institui\u00e7\u00e3o. Agradecem e parabenizam, ainda, os integrantes do Conselho Curador - na pessoa do Presidente do CCHA, Rog\u00e9rio Campos - pelo incans\u00e1vel empenho no di\u00e1logo e na concilia\u00e7\u00e3o entre as Entidades.","_links":{"self":[{"href":"https:\/\/sinprofaz.org.br\/2024\/wp-json\/wp\/v2\/posts\/15508"}],"collection":[{"href":"https:\/\/sinprofaz.org.br\/2024\/wp-json\/wp\/v2\/posts"}],"about":[{"href":"https:\/\/sinprofaz.org.br\/2024\/wp-json\/wp\/v2\/types\/post"}],"author":[{"embeddable":true,"href":"https:\/\/sinprofaz.org.br\/2024\/wp-json\/wp\/v2\/users\/2"}],"replies":[{"embeddable":true,"href":"https:\/\/sinprofaz.org.br\/2024\/wp-json\/wp\/v2\/comments?post=15508"}],"version-history":[{"count":1,"href":"https:\/\/sinprofaz.org.br\/2024\/wp-json\/wp\/v2\/posts\/15508\/revisions"}],"predecessor-version":[{"id":15509,"href":"https:\/\/sinprofaz.org.br\/2024\/wp-json\/wp\/v2\/posts\/15508\/revisions\/15509"}],"wp:featuredmedia":[{"embeddable":true,"href":"https:\/\/sinprofaz.org.br\/2024\/wp-json\/wp\/v2\/media\/15511"}],"wp:attachment":[{"href":"https:\/\/sinprofaz.org.br\/2024\/wp-json\/wp\/v2\/media?parent=15508"}],"wp:term":[{"taxonomy":"category","embeddable":true,"href":"https:\/\/sinprofaz.org.br\/2024\/wp-json\/wp\/v2\/categories?post=15508"},{"taxonomy":"post_tag","embeddable":true,"href":"https:\/\/sinprofaz.org.br\/2024\/wp-json\/wp\/v2\/tags?post=15508"}],"curies":[{"name":"wp","href":"https:\/\/api.w.org\/{rel}","templated":true}]}}