{"id":15505,"date":"2022-12-29T08:50:00","date_gmt":"2022-12-29T11:50:00","guid":{"rendered":"http:\/\/www.sinprofaz.org.br\/?p=15505"},"modified":"2022-12-29T08:50:45","modified_gmt":"2022-12-29T11:50:45","slug":"sinprofaz-marca-2022-com-acoes-do-projeto-de-saude-mental","status":"publish","type":"post","link":"https:\/\/sinprofaz.org.br\/2024\/noticias\/sinprofaz-marca-2022-com-acoes-do-projeto-de-saude-mental\/","title":{"rendered":"SINPROFAZ MARCA 2022 COM A\u00c7\u00d5ES DO PROJETO DE SA\u00daDE MENTAL"},"content":{"rendered":"<p>Iniciado h\u00e1 dois anos, o Projeto do SINPROFAZ de Sa\u00fade Mental e Qualidade de Vida na PFN atende \u00e0 demanda de filiadas e filiados por a\u00e7\u00f5es capazes de lan\u00e7ar luz sobre o desgaste mental da Carreira. Em 2022, as iniciativas do Projeto tiveram continuidade, em sintonia com as solu\u00e7\u00f5es fundamentadas para o aprimoramento da gest\u00e3o de sa\u00fade na Procuradoria da Fazenda Nacional. Desde o princ\u00edpio, o Projeto \u00e9 coordenado pelo psic\u00f3logo Cristiano Costa (CRP 03\/02105), analista junguiano e diretor executivo da PSYCH &#8211; Psicologia Cl\u00ednica &amp; Organizacional. Confira a seguir algumas a\u00e7\u00f5es de sa\u00fade mental e qualidade de vida colocadas em pr\u00e1tica pelo SINPROFAZ ao longo do ano!<\/p>\n<p><strong>Atendimento emergencial<\/strong><br \/>\nFiliadas e filiados disp\u00f5em de um canal de comunica\u00e7\u00e3o para assuntos de sa\u00fade mental: o e-mail <a href=\"mailto:saudemental@sinprofaz.org.br\">saudemental@sinprofaz.org.br<\/a>. As mensagens enviadas s\u00e3o recebidas exclusivamente pelo psic\u00f3logo Cristiano Costa, com o qual a Carreira pode tratar de temas como as insatisfa\u00e7\u00f5es profissionais e pessoais. Segundo Costa, &#8220;o contato via e-mail permite uma compreens\u00e3o b\u00e1sica da situa\u00e7\u00e3o do PFN. A partir dessa comunica\u00e7\u00e3o inicial, \u00e9 poss\u00edvel orientar o filiado na busca por um acompanhamento psicol\u00f3gico e preparar as chefias para que acolham o Colega. O essencial \u00e9 que procuradoras e procuradores n\u00e3o se isolem: o SINPROFAZ oferece um amparo emergencial nas situa\u00e7\u00f5es de sofrimento mental&#8221;.<\/p>\n<p><strong>Suporte \u00e0s chefias<\/strong><br \/>\nCristiano Costa tamb\u00e9m foi respons\u00e1vel por desenvolver a\u00e7\u00f5es de orienta\u00e7\u00e3o \u00e0s chefias da PGFN. Tendo em conta o papel das lideran\u00e7as no reconhecimento de situa\u00e7\u00f5es de desequil\u00edbrio emocional e no acolhimento dos Colegas em sofrimento mental, foram realizadas reuni\u00f5es para instru\u00e7\u00e3o das chefias sobre as medidas adequadas a cada caso. Para al\u00e9m da orienta\u00e7\u00e3o sobre como agir, essa iniciativa do SINPROFAZ pretendeu sensibilizar as lideran\u00e7as para a quest\u00e3o da sa\u00fade mental e dos reflexos do sofrimento emocional sobre a produtividade dos indiv\u00edduos. D\u00favidas e sugest\u00f5es sobre essa iniciativa tamb\u00e9m podem ser encaminhadas para saudemental@sinprofaz.org.br.<\/p>\n<p><strong>Cartilha sobre Ass\u00e9dio Moral<\/strong><br \/>\nEm 2022, o SINPROFAZ lan\u00e7ou a cartilha &#8220;Ass\u00e9dio Moral &#8211; Reconhecer, Combater, Denunciar&#8221;. A publica\u00e7\u00e3o visa \u00e0 conscientiza\u00e7\u00e3o sobre o que \u00e9 o ass\u00e9dio moral &#8211; nas vertentes interpessoal e institucional &#8211; e quais as graves consequ\u00eancias dele para as v\u00edtimas. Ao dar evid\u00eancia para o tema do ass\u00e9dio moral, a iniciativa do SINPROFAZ objetivou incitar o debate. Afinal, apenas quando a pr\u00e1tica do ass\u00e9dio moral for reconhecida, discutida, combatida e definitivamente erradicada, a Procuradoria da Fazenda Nacional ser\u00e1 capaz de oferecer aos Membros um ambiente de trabalho e conviv\u00eancia realmente sadio. Para conferir a publica\u00e7\u00e3o, acesse: <a href=\"http:\/\/bit.ly\/CartilhaSINPROFAZ\" target=\"_blank\" rel=\"noopener\">bit.ly\/CartilhaSINPROFAZ<\/a>.<\/p>\n<p><strong>Setembro Amarelo<\/strong><br \/>\nO SINPROFAZ e o Grupo Nacional de Sa\u00fade Mental da PGFN se uniram para realizar uma s\u00e9rie de palestras. O evento conjunto ocorreu na sede da PRFN3 e contou com transmiss\u00e3o virtual. PFNs, servidores, terceirizados e estagi\u00e1rios de todo o pa\u00eds puderam acompanhar ao vivo as palestras dos psic\u00f3logos Cristiano Costa, coordenador do Projeto do SINPROFAZ de Sa\u00fade Mental e Qualidade de Vida na PFN, e C\u00e1ssia Rocha, respons\u00e1vel pelo Projeto Lugar de Cuidado, da Universidade Cruzeiro do Sul. Para a principal confer\u00eancia do Setembro Amarelo, o convidado foi o neurologista Leandro Teles, da USP. A \u00edntegra do evento est\u00e1 dispon\u00edvel em: <a href=\"http:\/\/bit.ly\/SetembroAmareloSINPROFAZ\" target=\"_blank\" rel=\"noopener\">bit.ly\/SetembroAmareloSINPROFAZ<\/a>.<\/p>\n<p><strong>Unidade SIASS<\/strong><br \/>\nA diretora Ana Cristina Rodrigues Guimar\u00e3es, o psic\u00f3logo Cristiano Costa e as filiadas Beatriz Pereira e Maya Lisboa, do Grupo Nacional de Sa\u00fade Mental da PGFN, realizaram uma visita t\u00e9cnica ao Subsistema Integrado de Aten\u00e7\u00e3o \u00e0 Sa\u00fade do Servidor (SIASS) do Instituto Federal de S\u00e3o Paulo. O objetivo da visita foi conhecer os fundamentos necess\u00e1rios \u00e0 instala\u00e7\u00e3o, na PGFN, de uma unidade nos moldes do SIASS. Hoje, a Procuradoria-Geral j\u00e1 reconhece a import\u00e2ncia de uma equipe especializada para suporte \u00e0 sa\u00fade mental da Carreira: recentemente, a institui\u00e7\u00e3o firmou parceria com a Faculdade de Medicina da USP. O in\u00edcio dos trabalhos da equipe parceira est\u00e1 previsto para fevereiro.<\/p>\n<p><strong>Rituaali Cl\u00ednica &amp; Spa<\/strong><br \/>\nEm mais uma iniciativa do Projeto de Sa\u00fade Mental e Qualidade de Vida na PFN, o SINPROFAZ firmou parceria com o Rituaali Cl\u00ednica &amp; Spa. Localizado em Penedo\/RJ e cercado pelo Parque Nacional do Itatiaia, o centro de medicina integrada prop\u00f5e uma experi\u00eancia de descanso, imers\u00e3o e autocuidado. Para apresentar a estrutura do centro, os programas oferecidos e os valores promocionais para filiadas e filiados, o Sindicato promoveu o webinar &#8220;A vida necessita de pausas&#8221;, frase de Carlos Drummond de Andrade que sintetiza a proposta da Experi\u00eancia Rituaali. Acesse o YouTube do SINPROFAZ e assista \u00e0 \u00edntegra do webinar: <a href=\"http:\/\/youtu.be\/6IbR5-vbHJw\" target=\"_blank\" rel=\"noopener\">youtu.be\/6IbR5-vbHJw<\/a><\/p>\n","protected":false},"excerpt":{"rendered":"<p>Iniciado h\u00e1 dois anos, o Projeto do SINPROFAZ de Sa\u00fade Mental e Qualidade de Vida na PFN atende \u00e0 demanda de filiadas e filiados por a\u00e7\u00f5es capazes de lan\u00e7ar luz sobre o desgaste mental da Carreira. Confira algumas iniciativas colocadas em pr\u00e1tica ao longo do ano!<\/p>\n","protected":false},"author":2,"featured_media":15506,"comment_status":"open","ping_status":"open","sticky":false,"template":"","format":"standard","meta":{"footnotes":""},"categories":[8],"tags":[32,146,166,25],"featured_image_url":"https:\/\/sinprofaz.org.br\/2024\/wp-content\/uploads\/2022\/12\/2-1.jpg","character_count":2492,"formatted_date":"29\/12\/2022 - 08:50","contentNovo":"Iniciado h\u00e1 dois anos, o Projeto do SINPROFAZ de Sa\u00fade Mental e Qualidade de Vida na PFN atende \u00e0 demanda de filiadas e filiados por a\u00e7\u00f5es capazes de lan\u00e7ar luz sobre o desgaste mental da Carreira. Em 2022, as iniciativas do Projeto tiveram continuidade, em sintonia com as solu\u00e7\u00f5es fundamentadas para o aprimoramento da gest\u00e3o de sa\u00fade na Procuradoria da Fazenda Nacional. Desde o princ\u00edpio, o Projeto \u00e9 coordenado pelo psic\u00f3logo Cristiano Costa (CRP 03\/02105), analista junguiano e diretor executivo da PSYCH - Psicologia Cl\u00ednica &amp; Organizacional. Confira a seguir algumas a\u00e7\u00f5es de sa\u00fade mental e qualidade de vida colocadas em pr\u00e1tica pelo SINPROFAZ ao longo do ano!\r\n\r\n<strong>Atendimento emergencial<\/strong>\r\nFiliadas e filiados disp\u00f5em de um canal de comunica\u00e7\u00e3o para assuntos de sa\u00fade mental: o e-mail <a href=\"mailto:saudemental@sinprofaz.org.br\">saudemental@sinprofaz.org.br<\/a>. As mensagens enviadas s\u00e3o recebidas exclusivamente pelo psic\u00f3logo Cristiano Costa, com o qual a Carreira pode tratar de temas como as insatisfa\u00e7\u00f5es profissionais e pessoais. Segundo Costa, \"o contato via e-mail permite uma compreens\u00e3o b\u00e1sica da situa\u00e7\u00e3o do PFN. A partir dessa comunica\u00e7\u00e3o inicial, \u00e9 poss\u00edvel orientar o filiado na busca por um acompanhamento psicol\u00f3gico e preparar as chefias para que acolham o Colega. O essencial \u00e9 que procuradoras e procuradores n\u00e3o se isolem: o SINPROFAZ oferece um amparo emergencial nas situa\u00e7\u00f5es de sofrimento mental\".\r\n\r\n<strong>Suporte \u00e0s chefias<\/strong>\r\nCristiano Costa tamb\u00e9m foi respons\u00e1vel por desenvolver a\u00e7\u00f5es de orienta\u00e7\u00e3o \u00e0s chefias da PGFN. Tendo em conta o papel das lideran\u00e7as no reconhecimento de situa\u00e7\u00f5es de desequil\u00edbrio emocional e no acolhimento dos Colegas em sofrimento mental, foram realizadas reuni\u00f5es para instru\u00e7\u00e3o das chefias sobre as medidas adequadas a cada caso. Para al\u00e9m da orienta\u00e7\u00e3o sobre como agir, essa iniciativa do SINPROFAZ pretendeu sensibilizar as lideran\u00e7as para a quest\u00e3o da sa\u00fade mental e dos reflexos do sofrimento emocional sobre a produtividade dos indiv\u00edduos. D\u00favidas e sugest\u00f5es sobre essa iniciativa tamb\u00e9m podem ser encaminhadas para saudemental@sinprofaz.org.br.\r\n\r\n<strong>Cartilha sobre Ass\u00e9dio Moral<\/strong>\r\nEm 2022, o SINPROFAZ lan\u00e7ou a cartilha \"Ass\u00e9dio Moral - Reconhecer, Combater, Denunciar\". A publica\u00e7\u00e3o visa \u00e0 conscientiza\u00e7\u00e3o sobre o que \u00e9 o ass\u00e9dio moral - nas vertentes interpessoal e institucional - e quais as graves consequ\u00eancias dele para as v\u00edtimas. Ao dar evid\u00eancia para o tema do ass\u00e9dio moral, a iniciativa do SINPROFAZ objetivou incitar o debate. Afinal, apenas quando a pr\u00e1tica do ass\u00e9dio moral for reconhecida, discutida, combatida e definitivamente erradicada, a Procuradoria da Fazenda Nacional ser\u00e1 capaz de oferecer aos Membros um ambiente de trabalho e conviv\u00eancia realmente sadio. Para conferir a publica\u00e7\u00e3o, acesse: <a href=\"http:\/\/bit.ly\/CartilhaSINPROFAZ\" target=\"_blank\" rel=\"noopener\">bit.ly\/CartilhaSINPROFAZ<\/a>.\r\n\r\n<strong>Setembro Amarelo<\/strong>\r\nO SINPROFAZ e o Grupo Nacional de Sa\u00fade Mental da PGFN se uniram para realizar uma s\u00e9rie de palestras. O evento conjunto ocorreu na sede da PRFN3 e contou com transmiss\u00e3o virtual. PFNs, servidores, terceirizados e estagi\u00e1rios de todo o pa\u00eds puderam acompanhar ao vivo as palestras dos psic\u00f3logos Cristiano Costa, coordenador do Projeto do SINPROFAZ de Sa\u00fade Mental e Qualidade de Vida na PFN, e C\u00e1ssia Rocha, respons\u00e1vel pelo Projeto Lugar de Cuidado, da Universidade Cruzeiro do Sul. Para a principal confer\u00eancia do Setembro Amarelo, o convidado foi o neurologista Leandro Teles, da USP. A \u00edntegra do evento est\u00e1 dispon\u00edvel em: <a href=\"http:\/\/bit.ly\/SetembroAmareloSINPROFAZ\" target=\"_blank\" rel=\"noopener\">bit.ly\/SetembroAmareloSINPROFAZ<\/a>.\r\n\r\n<strong>Unidade SIASS<\/strong>\r\nA diretora Ana Cristina Rodrigues Guimar\u00e3es, o psic\u00f3logo Cristiano Costa e as filiadas Beatriz Pereira e Maya Lisboa, do Grupo Nacional de Sa\u00fade Mental da PGFN, realizaram uma visita t\u00e9cnica ao Subsistema Integrado de Aten\u00e7\u00e3o \u00e0 Sa\u00fade do Servidor (SIASS) do Instituto Federal de S\u00e3o Paulo. O objetivo da visita foi conhecer os fundamentos necess\u00e1rios \u00e0 instala\u00e7\u00e3o, na PGFN, de uma unidade nos moldes do SIASS. Hoje, a Procuradoria-Geral j\u00e1 reconhece a import\u00e2ncia de uma equipe especializada para suporte \u00e0 sa\u00fade mental da Carreira: recentemente, a institui\u00e7\u00e3o firmou parceria com a Faculdade de Medicina da USP. O in\u00edcio dos trabalhos da equipe parceira est\u00e1 previsto para fevereiro.\r\n\r\n<strong>Rituaali Cl\u00ednica &amp; Spa<\/strong>\r\nEm mais uma iniciativa do Projeto de Sa\u00fade Mental e Qualidade de Vida na PFN, o SINPROFAZ firmou parceria com o Rituaali Cl\u00ednica &amp; Spa. Localizado em Penedo\/RJ e cercado pelo Parque Nacional do Itatiaia, o centro de medicina integrada prop\u00f5e uma experi\u00eancia de descanso, imers\u00e3o e autocuidado. Para apresentar a estrutura do centro, os programas oferecidos e os valores promocionais para filiadas e filiados, o Sindicato promoveu o webinar \"A vida necessita de pausas\", frase de Carlos Drummond de Andrade que sintetiza a proposta da Experi\u00eancia Rituaali. Acesse o YouTube do SINPROFAZ e assista \u00e0 \u00edntegra do webinar: <a href=\"http:\/\/youtu.be\/6IbR5-vbHJw\" target=\"_blank\" rel=\"noopener\">youtu.be\/6IbR5-vbHJw<\/a>","_links":{"self":[{"href":"https:\/\/sinprofaz.org.br\/2024\/wp-json\/wp\/v2\/posts\/15505"}],"collection":[{"href":"https:\/\/sinprofaz.org.br\/2024\/wp-json\/wp\/v2\/posts"}],"about":[{"href":"https:\/\/sinprofaz.org.br\/2024\/wp-json\/wp\/v2\/types\/post"}],"author":[{"embeddable":true,"href":"https:\/\/sinprofaz.org.br\/2024\/wp-json\/wp\/v2\/users\/2"}],"replies":[{"embeddable":true,"href":"https:\/\/sinprofaz.org.br\/2024\/wp-json\/wp\/v2\/comments?post=15505"}],"version-history":[{"count":1,"href":"https:\/\/sinprofaz.org.br\/2024\/wp-json\/wp\/v2\/posts\/15505\/revisions"}],"predecessor-version":[{"id":15507,"href":"https:\/\/sinprofaz.org.br\/2024\/wp-json\/wp\/v2\/posts\/15505\/revisions\/15507"}],"wp:featuredmedia":[{"embeddable":true,"href":"https:\/\/sinprofaz.org.br\/2024\/wp-json\/wp\/v2\/media\/15506"}],"wp:attachment":[{"href":"https:\/\/sinprofaz.org.br\/2024\/wp-json\/wp\/v2\/media?parent=15505"}],"wp:term":[{"taxonomy":"category","embeddable":true,"href":"https:\/\/sinprofaz.org.br\/2024\/wp-json\/wp\/v2\/categories?post=15505"},{"taxonomy":"post_tag","embeddable":true,"href":"https:\/\/sinprofaz.org.br\/2024\/wp-json\/wp\/v2\/tags?post=15505"}],"curies":[{"name":"wp","href":"https:\/\/api.w.org\/{rel}","templated":true}]}}