{"id":15489,"date":"2022-12-27T08:00:27","date_gmt":"2022-12-27T11:00:27","guid":{"rendered":"http:\/\/www.sinprofaz.org.br\/?p=15489"},"modified":"2022-12-26T22:55:38","modified_gmt":"2022-12-27T01:55:38","slug":"sonegometro-fecha-ano-com-valor-superior-a-r-626-bilhoes","status":"publish","type":"post","link":"https:\/\/sinprofaz.org.br\/2024\/noticias\/sonegometro-fecha-ano-com-valor-superior-a-r-626-bilhoes\/","title":{"rendered":"SONEG\u00d4METRO FECHA ANO COM VALOR SUPERIOR A R$ 626 BILH\u00d5ES"},"content":{"rendered":"<p>No per\u00edodo de 1\u00ba de janeiro a 31 de dezembro de 2022, o preju\u00edzo do pa\u00eds com a sonega\u00e7\u00e3o fiscal alcan\u00e7ar\u00e1 os R$ 626,8 bilh\u00f5es. \u00c9 o que estima o placar Soneg\u00f4metro, criado pelo SINPROFAZ em 2013 no \u00e2mbito da Campanha Nacional da Justi\u00e7a Fiscal &#8220;Quanto Custa o Brasil pra Voc\u00ea?&#8221;. Para o SINPROFAZ, a justi\u00e7a fiscal pressup\u00f5e n\u00e3o apenas a observ\u00e2ncia da capacidade contributiva, como tamb\u00e9m o combate efetivo \u00e0 pr\u00e1tica da sonega\u00e7\u00e3o.<\/p>\n<p><strong>Metodologia<\/strong><br \/>\nO valor revelado pelo Soneg\u00f4metro \u00e9 fruto de an\u00e1lise do Sindicato baseada em pesquisas nacionais e internacionais. Os estudos indicam que a arrecada\u00e7\u00e3o brasileira poderia se expandir em 23% se a evas\u00e3o tribut\u00e1ria fosse interrompida no pa\u00eds. Tendo em vista, ainda, que o preju\u00edzo aos cofres p\u00fablicos provocado pela sonega\u00e7\u00e3o atinge \u00e1reas essenciais como a educa\u00e7\u00e3o, a sa\u00fade e a seguran\u00e7a, conclui-se que a pr\u00e1tica surte efeitos negativos especialmente sobre a popula\u00e7\u00e3o mais simples, que depende do Estado em maior grau.<\/p>\n<p>Quer saber mais sobre o Soneg\u00f4metro e a Campanha Nacional da Justi\u00e7a Fiscal? Acesse <a href=\"http:\/\/www.quantocustaobrasil.com.br\" target=\"_blank\" rel=\"noopener\">www.quantocustaobrasil.com.br<\/a><\/p>\n","protected":false},"excerpt":{"rendered":"<p>No per\u00edodo de 1\u00ba de janeiro a 31 de dezembro de 2022, o preju\u00edzo do pa\u00eds com a sonega\u00e7\u00e3o fiscal alcan\u00e7ar\u00e1 os R$ 626,8 bilh\u00f5es. \u00c9 o que estima o placar Soneg\u00f4metro, criado pelo SINPROFAZ em 2013 no \u00e2mbito da Campanha Nacional da Justi\u00e7a Fiscal &#8220;Quanto Custa o Brasil pra Voc\u00ea?&#8221;. Confira!<\/p>\n","protected":false},"author":2,"featured_media":15490,"comment_status":"open","ping_status":"open","sticky":false,"template":"","format":"standard","meta":{"footnotes":""},"categories":[8],"tags":[95,25,59],"featured_image_url":"https:\/\/sinprofaz.org.br\/2024\/wp-content\/uploads\/2022\/12\/Design-sem-nome-1.png","character_count":567,"formatted_date":"27\/12\/2022 - 08:00","contentNovo":"No per\u00edodo de 1\u00ba de janeiro a 31 de dezembro de 2022, o preju\u00edzo do pa\u00eds com a sonega\u00e7\u00e3o fiscal alcan\u00e7ar\u00e1 os R$ 626,8 bilh\u00f5es. \u00c9 o que estima o placar Soneg\u00f4metro, criado pelo SINPROFAZ em 2013 no \u00e2mbito da Campanha Nacional da Justi\u00e7a Fiscal \"Quanto Custa o Brasil pra Voc\u00ea?\". Para o SINPROFAZ, a justi\u00e7a fiscal pressup\u00f5e n\u00e3o apenas a observ\u00e2ncia da capacidade contributiva, como tamb\u00e9m o combate efetivo \u00e0 pr\u00e1tica da sonega\u00e7\u00e3o.\r\n\r\n<strong>Metodologia<\/strong>\r\nO valor revelado pelo Soneg\u00f4metro \u00e9 fruto de an\u00e1lise do Sindicato baseada em pesquisas nacionais e internacionais. Os estudos indicam que a arrecada\u00e7\u00e3o brasileira poderia se expandir em 23% se a evas\u00e3o tribut\u00e1ria fosse interrompida no pa\u00eds. Tendo em vista, ainda, que o preju\u00edzo aos cofres p\u00fablicos provocado pela sonega\u00e7\u00e3o atinge \u00e1reas essenciais como a educa\u00e7\u00e3o, a sa\u00fade e a seguran\u00e7a, conclui-se que a pr\u00e1tica surte efeitos negativos especialmente sobre a popula\u00e7\u00e3o mais simples, que depende do Estado em maior grau.\r\n\r\nQuer saber mais sobre o Soneg\u00f4metro e a Campanha Nacional da Justi\u00e7a Fiscal? Acesse <a href=\"http:\/\/www.quantocustaobrasil.com.br\" target=\"_blank\" rel=\"noopener\">www.quantocustaobrasil.com.br<\/a>","_links":{"self":[{"href":"https:\/\/sinprofaz.org.br\/2024\/wp-json\/wp\/v2\/posts\/15489"}],"collection":[{"href":"https:\/\/sinprofaz.org.br\/2024\/wp-json\/wp\/v2\/posts"}],"about":[{"href":"https:\/\/sinprofaz.org.br\/2024\/wp-json\/wp\/v2\/types\/post"}],"author":[{"embeddable":true,"href":"https:\/\/sinprofaz.org.br\/2024\/wp-json\/wp\/v2\/users\/2"}],"replies":[{"embeddable":true,"href":"https:\/\/sinprofaz.org.br\/2024\/wp-json\/wp\/v2\/comments?post=15489"}],"version-history":[{"count":1,"href":"https:\/\/sinprofaz.org.br\/2024\/wp-json\/wp\/v2\/posts\/15489\/revisions"}],"predecessor-version":[{"id":15491,"href":"https:\/\/sinprofaz.org.br\/2024\/wp-json\/wp\/v2\/posts\/15489\/revisions\/15491"}],"wp:featuredmedia":[{"embeddable":true,"href":"https:\/\/sinprofaz.org.br\/2024\/wp-json\/wp\/v2\/media\/15490"}],"wp:attachment":[{"href":"https:\/\/sinprofaz.org.br\/2024\/wp-json\/wp\/v2\/media?parent=15489"}],"wp:term":[{"taxonomy":"category","embeddable":true,"href":"https:\/\/sinprofaz.org.br\/2024\/wp-json\/wp\/v2\/categories?post=15489"},{"taxonomy":"post_tag","embeddable":true,"href":"https:\/\/sinprofaz.org.br\/2024\/wp-json\/wp\/v2\/tags?post=15489"}],"curies":[{"name":"wp","href":"https:\/\/api.w.org\/{rel}","templated":true}]}}