{"id":15479,"date":"2022-12-26T08:25:44","date_gmt":"2022-12-26T11:25:44","guid":{"rendered":"http:\/\/www.sinprofaz.org.br\/?p=15479"},"modified":"2022-12-26T15:29:47","modified_gmt":"2022-12-26T18:29:47","slug":"deputado-tadeu-alencar-integra-mesa-de-honra-no-20o-encontro-do-sinprofaz","status":"publish","type":"post","link":"https:\/\/sinprofaz.org.br\/2024\/noticias\/deputado-tadeu-alencar-integra-mesa-de-honra-no-20o-encontro-do-sinprofaz\/","title":{"rendered":"DEPUTADO TADEU ALENCAR INTEGRA MESA DE HONRA NO 20\u00ba ENCONTRO DO SINPROFAZ"},"content":{"rendered":"<p>Filiado ao SINPROFAZ, o deputado federal Tadeu Alencar (PSB\/PE) sempre fez a diferen\u00e7a para a Carreira, a Advocacia P\u00fablica e a sociedade. Sua compet\u00eancia motivou a recente indica\u00e7\u00e3o para o cargo de Secret\u00e1rio Nacional de Seguran\u00e7a P\u00fablica no novo governo. Pela admir\u00e1vel dedica\u00e7\u00e3o \u00e0 Procuradoria da Fazenda Nacional e por todos os relevantes servi\u00e7os prestados ao pa\u00eds, o Colega foi convidado de honra da Solenidade de Abertura do 20\u00ba Encontro Nacional dos Procuradores da Fazenda Nacional. &#8220;As lutas no Parlamento s\u00e3o di\u00e1rias: ataques ao funcionalismo, propostas de reforma administrativa, amea\u00e7as \u00e0s nossas prerrogativas. Em todas essas batalhas, contamos com Tadeu Alencar, a quem somos muito gratos pela excel\u00eancia do trabalho&#8221;, ressaltou o presidente do SINPROFAZ, Achilles Frias, ao passar a palavra para o convidado.<\/p>\n<p>Conduzido pela fala de abertura do dirigente sindical, Tadeu Alencar iniciou a palestra com relatos sobre os recentes desafios enfrentados no Congresso Nacional. Segundo o deputado, &#8220;vimos um ataque sistem\u00e1tico ao servi\u00e7o p\u00fablico por parte daqueles que se incomodam com a atua\u00e7\u00e3o estatal em um pa\u00eds t\u00e3o diverso e desigual como o nosso&#8221;. Na avalia\u00e7\u00e3o de Tadeu Alencar, a proposta de reforma administrativa sugeriu a desconstru\u00e7\u00e3o do Estado e pretendeu conceder ao Executivo um verdadeiro &#8220;papel imperial&#8221;. Para o filiado, no entanto, a PGFN e a AGU v\u00eam evoluindo a despeito das dificuldades do cen\u00e1rio pol\u00edtico. &#8220;Iniciativas como a transa\u00e7\u00e3o, feitas de maneira transparente, republicana e por pessoas id\u00f4neas, constatam que crescemos e amadurecemos muito. Isso \u00e9, para mim, motivo de muita satisfa\u00e7\u00e3o&#8221;, destacou.<\/p>\n<p>Os resultados alcan\u00e7ados por advogadas e advogados p\u00fablicos em benef\u00edcio do pa\u00eds inspiraram a fala de Tadeu Alencar. De acordo com o PFN, em um Brasil com 19 milh\u00f5es de desempregados, onde metade da popula\u00e7\u00e3o vive em situa\u00e7\u00e3o de inseguran\u00e7a alimentar, o papel construtivo da Advocacia P\u00fablica \u00e9 muito relevante. &#8220;Queria dizer do meu contentamento por assistir ao fortalecimento da Advocacia P\u00fablica como instrumento de pol\u00edticas que possam cumprir o papel desafiador de redu\u00e7\u00e3o das desigualdades, promo\u00e7\u00e3o de uma educa\u00e7\u00e3o inclusiva e realiza\u00e7\u00e3o de uma sa\u00fade que atenda \u00e0s agruras dos brasileiros.&#8221; Para encerrar a exposi\u00e7\u00e3o, o filiado reiterou o orgulho por pertencer aos quadros da Procuradoria da Fazenda Nacional: &#8220;O que aprendi na PFN foi o que me habilitou a exercer, na Administra\u00e7\u00e3o P\u00fablica, meu papel como secret\u00e1rio de Estado em Pernambuco e como parlamentar&#8221;.<\/p>\n<p>Assista a um trecho da palestra de Tadeu Alencar: <a href=\"http:\/\/youtu.be\/7GxZ6ff0Zyk\">youtu.be\/7GxZ6ff0Zyk<\/a><\/p>\n\n\t\t<style type=\"text\/css\">\n\t\t\t#gallery-1 {\n\t\t\t\tmargin: auto;\n\t\t\t}\n\t\t\t#gallery-1 .gallery-item {\n\t\t\t\tfloat: left;\n\t\t\t\tmargin-top: 10px;\n\t\t\t\ttext-align: center;\n\t\t\t\twidth: 33%;\n\t\t\t}\n\t\t\t#gallery-1 img {\n\t\t\t\tborder: 2px solid #cfcfcf;\n\t\t\t}\n\t\t\t#gallery-1 .gallery-caption {\n\t\t\t\tmargin-left: 0;\n\t\t\t}\n\t\t\t\/* see gallery_shortcode() in wp-includes\/media.php *\/\n\t\t<\/style>\n\t\t<div id='gallery-1' class='gallery galleryid-15479 gallery-columns-3 gallery-size-thumbnail'><dl class='gallery-item'>\n\t\t\t<dt class='gallery-icon landscape'>\n\t\t\t\t<a href='https:\/\/sinprofaz.org.br\/2024\/wp-content\/uploads\/2022\/12\/tadeu-encontro-2.jpg'><img loading=\"lazy\" decoding=\"async\" width=\"150\" height=\"150\" src=\"https:\/\/sinprofaz.org.br\/2024\/wp-content\/uploads\/2022\/12\/tadeu-encontro-2-150x150.jpg\" class=\"attachment-thumbnail size-thumbnail\" alt=\"\" \/><\/a>\n\t\t\t<\/dt><\/dl><dl class='gallery-item'>\n\t\t\t<dt class='gallery-icon landscape'>\n\t\t\t\t<a href='https:\/\/sinprofaz.org.br\/2024\/wp-content\/uploads\/2022\/12\/tadeu-encontro-3.jpg'><img loading=\"lazy\" decoding=\"async\" width=\"150\" height=\"150\" src=\"https:\/\/sinprofaz.org.br\/2024\/wp-content\/uploads\/2022\/12\/tadeu-encontro-3-150x150.jpg\" class=\"attachment-thumbnail size-thumbnail\" alt=\"\" \/><\/a>\n\t\t\t<\/dt><\/dl>\n\t\t\t<br style='clear: both' \/>\n\t\t<\/div>\n\n","protected":false},"excerpt":{"rendered":"<p>Filiado ao SINPROFAZ, o deputado federal Tadeu Alencar (PSB\/PE) sempre fez a diferen\u00e7a para a Carreira, a Advocacia P\u00fablica e a sociedade. Sua compet\u00eancia motivou a recente indica\u00e7\u00e3o para o cargo de Secret\u00e1rio Nacional de Seguran\u00e7a P\u00fablica no novo governo.<\/p>\n","protected":false},"author":2,"featured_media":15481,"comment_status":"open","ping_status":"open","sticky":false,"template":"","format":"standard","meta":{"footnotes":""},"categories":[8],"tags":[32,71,62],"featured_image_url":"https:\/\/sinprofaz.org.br\/2024\/wp-content\/uploads\/2022\/12\/tadeu-encontro-1.jpg","character_count":1545,"formatted_date":"26\/12\/2022 - 08:25","contentNovo":"Filiado ao SINPROFAZ, o deputado federal Tadeu Alencar (PSB\/PE) sempre fez a diferen\u00e7a para a Carreira, a Advocacia P\u00fablica e a sociedade. Sua compet\u00eancia motivou a recente indica\u00e7\u00e3o para o cargo de Secret\u00e1rio Nacional de Seguran\u00e7a P\u00fablica no novo governo. Pela admir\u00e1vel dedica\u00e7\u00e3o \u00e0 Procuradoria da Fazenda Nacional e por todos os relevantes servi\u00e7os prestados ao pa\u00eds, o Colega foi convidado de honra da Solenidade de Abertura do 20\u00ba Encontro Nacional dos Procuradores da Fazenda Nacional. \"As lutas no Parlamento s\u00e3o di\u00e1rias: ataques ao funcionalismo, propostas de reforma administrativa, amea\u00e7as \u00e0s nossas prerrogativas. Em todas essas batalhas, contamos com Tadeu Alencar, a quem somos muito gratos pela excel\u00eancia do trabalho\", ressaltou o presidente do SINPROFAZ, Achilles Frias, ao passar a palavra para o convidado.\r\n\r\nConduzido pela fala de abertura do dirigente sindical, Tadeu Alencar iniciou a palestra com relatos sobre os recentes desafios enfrentados no Congresso Nacional. Segundo o deputado, \"vimos um ataque sistem\u00e1tico ao servi\u00e7o p\u00fablico por parte daqueles que se incomodam com a atua\u00e7\u00e3o estatal em um pa\u00eds t\u00e3o diverso e desigual como o nosso\". Na avalia\u00e7\u00e3o de Tadeu Alencar, a proposta de reforma administrativa sugeriu a desconstru\u00e7\u00e3o do Estado e pretendeu conceder ao Executivo um verdadeiro \"papel imperial\". Para o filiado, no entanto, a PGFN e a AGU v\u00eam evoluindo a despeito das dificuldades do cen\u00e1rio pol\u00edtico. \"Iniciativas como a transa\u00e7\u00e3o, feitas de maneira transparente, republicana e por pessoas id\u00f4neas, constatam que crescemos e amadurecemos muito. Isso \u00e9, para mim, motivo de muita satisfa\u00e7\u00e3o\", destacou.\r\n\r\nOs resultados alcan\u00e7ados por advogadas e advogados p\u00fablicos em benef\u00edcio do pa\u00eds inspiraram a fala de Tadeu Alencar. De acordo com o PFN, em um Brasil com 19 milh\u00f5es de desempregados, onde metade da popula\u00e7\u00e3o vive em situa\u00e7\u00e3o de inseguran\u00e7a alimentar, o papel construtivo da Advocacia P\u00fablica \u00e9 muito relevante. \"Queria dizer do meu contentamento por assistir ao fortalecimento da Advocacia P\u00fablica como instrumento de pol\u00edticas que possam cumprir o papel desafiador de redu\u00e7\u00e3o das desigualdades, promo\u00e7\u00e3o de uma educa\u00e7\u00e3o inclusiva e realiza\u00e7\u00e3o de uma sa\u00fade que atenda \u00e0s agruras dos brasileiros.\" Para encerrar a exposi\u00e7\u00e3o, o filiado reiterou o orgulho por pertencer aos quadros da Procuradoria da Fazenda Nacional: \"O que aprendi na PFN foi o que me habilitou a exercer, na Administra\u00e7\u00e3o P\u00fablica, meu papel como secret\u00e1rio de Estado em Pernambuco e como parlamentar\".\r\n\r\nAssista a um trecho da palestra de Tadeu Alencar: <a href=\"http:\/\/youtu.be\/7GxZ6ff0Zyk\">youtu.be\/7GxZ6ff0Zyk<\/a>\r\n\r\n[gallery link=\"file\" ids=\"15482,15480\"]","_links":{"self":[{"href":"https:\/\/sinprofaz.org.br\/2024\/wp-json\/wp\/v2\/posts\/15479"}],"collection":[{"href":"https:\/\/sinprofaz.org.br\/2024\/wp-json\/wp\/v2\/posts"}],"about":[{"href":"https:\/\/sinprofaz.org.br\/2024\/wp-json\/wp\/v2\/types\/post"}],"author":[{"embeddable":true,"href":"https:\/\/sinprofaz.org.br\/2024\/wp-json\/wp\/v2\/users\/2"}],"replies":[{"embeddable":true,"href":"https:\/\/sinprofaz.org.br\/2024\/wp-json\/wp\/v2\/comments?post=15479"}],"version-history":[{"count":2,"href":"https:\/\/sinprofaz.org.br\/2024\/wp-json\/wp\/v2\/posts\/15479\/revisions"}],"predecessor-version":[{"id":15485,"href":"https:\/\/sinprofaz.org.br\/2024\/wp-json\/wp\/v2\/posts\/15479\/revisions\/15485"}],"wp:featuredmedia":[{"embeddable":true,"href":"https:\/\/sinprofaz.org.br\/2024\/wp-json\/wp\/v2\/media\/15481"}],"wp:attachment":[{"href":"https:\/\/sinprofaz.org.br\/2024\/wp-json\/wp\/v2\/media?parent=15479"}],"wp:term":[{"taxonomy":"category","embeddable":true,"href":"https:\/\/sinprofaz.org.br\/2024\/wp-json\/wp\/v2\/categories?post=15479"},{"taxonomy":"post_tag","embeddable":true,"href":"https:\/\/sinprofaz.org.br\/2024\/wp-json\/wp\/v2\/tags?post=15479"}],"curies":[{"name":"wp","href":"https:\/\/api.w.org\/{rel}","templated":true}]}}