{"id":15476,"date":"2022-12-22T18:06:54","date_gmt":"2022-12-22T21:06:54","guid":{"rendered":"http:\/\/www.sinprofaz.org.br\/?p=15476"},"modified":"2022-12-26T09:26:13","modified_gmt":"2022-12-26T12:26:13","slug":"sinprofaz-se-reune-com-filiado-jorge-messias-escolhido-advogado-geral-da-uniao","status":"publish","type":"post","link":"https:\/\/sinprofaz.org.br\/2024\/noticias\/sinprofaz-se-reune-com-filiado-jorge-messias-escolhido-advogado-geral-da-uniao\/","title":{"rendered":"SINPROFAZ SE RE\u00daNE COM FILIADO JORGE MESSIAS, ESCOLHIDO ADVOGADO-GERAL DA UNI\u00c3O"},"content":{"rendered":"<p>O filiado e pr\u00f3ximo advogado-geral da Uni\u00e3o, Jorge Messias, recebeu, na tarde de hoje (22), o presidente do SINPROFAZ, Achilles Frias, e os diretores Roberto Rodrigues e Giuliano Menezes. O encontro no CCBB Bras\u00edlia, sede do governo de transi\u00e7\u00e3o, ocorreu no mesmo dia em que Messias foi confirmado como chefe da AGU no pr\u00f3ximo governo. Na oportunidade, os dirigentes sindicais parabenizaram o filiado pelo desafio e desejaram sucesso a Messias, que j\u00e1 possui um hist\u00f3rico de muitas contribui\u00e7\u00f5es \u00e0 Carreira.<\/p>\n<p>O novo advogado-geral da Uni\u00e3o agradeceu o apoio dos dirigentes associativos. A eles, Messias afirmou o desejo de se cercar de Colegas competentes e de contar com o apoio do SINPROFAZ para realizar uma gest\u00e3o participativa, com a parceria da Carreira e o apoio da sociedade. Ao lado do advogado-geral da Uni\u00e3o, o Sindicato atuar\u00e1 em benef\u00edcio das Procuradoras e dos Procuradores da Fazenda Nacional.<\/p>\n","protected":false},"excerpt":{"rendered":"<p>O novo advogado-geral da Uni\u00e3o agradeceu o apoio dos dirigentes associativos. A eles, Messias afirmou o desejo de se cercar de Colegas competentes e de contar com o apoio do SINPROFAZ para realizar uma gest\u00e3o participativa, com a parceria dos PFNs.<\/p>\n","protected":false},"author":2,"featured_media":15477,"comment_status":"open","ping_status":"open","sticky":false,"template":"","format":"standard","meta":{"footnotes":""},"categories":[8],"tags":[43,32,25],"featured_image_url":"https:\/\/sinprofaz.org.br\/2024\/wp-content\/uploads\/2022\/12\/reuni\u00e3o-com-agu.png","character_count":462,"formatted_date":"22\/12\/2022 - 18:06","contentNovo":"O filiado e pr\u00f3ximo advogado-geral da Uni\u00e3o, Jorge Messias, recebeu, na tarde de hoje (22), o presidente do SINPROFAZ, Achilles Frias, e os diretores Roberto Rodrigues e Giuliano Menezes. O encontro no CCBB Bras\u00edlia, sede do governo de transi\u00e7\u00e3o, ocorreu no mesmo dia em que Messias foi confirmado como chefe da AGU no pr\u00f3ximo governo. Na oportunidade, os dirigentes sindicais parabenizaram o filiado pelo desafio e desejaram sucesso a Messias, que j\u00e1 possui um hist\u00f3rico de muitas contribui\u00e7\u00f5es \u00e0 Carreira.\r\n\r\nO novo advogado-geral da Uni\u00e3o agradeceu o apoio dos dirigentes associativos. A eles, Messias afirmou o desejo de se cercar de Colegas competentes e de contar com o apoio do SINPROFAZ para realizar uma gest\u00e3o participativa, com a parceria da Carreira e o apoio da sociedade. Ao lado do advogado-geral da Uni\u00e3o, o Sindicato atuar\u00e1 em benef\u00edcio das Procuradoras e dos Procuradores da Fazenda Nacional.","_links":{"self":[{"href":"https:\/\/sinprofaz.org.br\/2024\/wp-json\/wp\/v2\/posts\/15476"}],"collection":[{"href":"https:\/\/sinprofaz.org.br\/2024\/wp-json\/wp\/v2\/posts"}],"about":[{"href":"https:\/\/sinprofaz.org.br\/2024\/wp-json\/wp\/v2\/types\/post"}],"author":[{"embeddable":true,"href":"https:\/\/sinprofaz.org.br\/2024\/wp-json\/wp\/v2\/users\/2"}],"replies":[{"embeddable":true,"href":"https:\/\/sinprofaz.org.br\/2024\/wp-json\/wp\/v2\/comments?post=15476"}],"version-history":[{"count":2,"href":"https:\/\/sinprofaz.org.br\/2024\/wp-json\/wp\/v2\/posts\/15476\/revisions"}],"predecessor-version":[{"id":15484,"href":"https:\/\/sinprofaz.org.br\/2024\/wp-json\/wp\/v2\/posts\/15476\/revisions\/15484"}],"wp:featuredmedia":[{"embeddable":true,"href":"https:\/\/sinprofaz.org.br\/2024\/wp-json\/wp\/v2\/media\/15477"}],"wp:attachment":[{"href":"https:\/\/sinprofaz.org.br\/2024\/wp-json\/wp\/v2\/media?parent=15476"}],"wp:term":[{"taxonomy":"category","embeddable":true,"href":"https:\/\/sinprofaz.org.br\/2024\/wp-json\/wp\/v2\/categories?post=15476"},{"taxonomy":"post_tag","embeddable":true,"href":"https:\/\/sinprofaz.org.br\/2024\/wp-json\/wp\/v2\/tags?post=15476"}],"curies":[{"name":"wp","href":"https:\/\/api.w.org\/{rel}","templated":true}]}}