{"id":1546,"date":"2013-11-18T20:00:26","date_gmt":"2013-11-18T20:00:26","guid":{"rendered":""},"modified":"-0001-11-30T00:00:00","modified_gmt":"-0001-11-30T03:00:00","slug":"tudo-pronto-para-o-13-encontro-nacional-da-carreira","status":"publish","type":"post","link":"https:\/\/sinprofaz.org.br\/2024\/noticias\/tudo-pronto-para-o-13-encontro-nacional-da-carreira\/","title":{"rendered":"Tudo pronto para o 13\u00ba Encontro Nacional da Carreira!"},"content":{"rendered":"<p>A Diretoria do SINPROFAZ ultima os procedimentos para a realiza\u00e7\u00e3o de mais um Encontro Nacional da Carreira marcado para os dias 21 a 23 de novembro.<\/p>\n<p>Al\u00e9m das palestras e debates com foco na tem\u00e1tica \u201cAdvocacia de Estado e a viabiliza\u00e7\u00e3o das Pol\u00edticas P\u00fablicas\u201d, o Encontro ser\u00e1 tamb\u00e9m uma oportunidade de troca de experi\u00eancias e congra\u00e7amento entre PFNs que atuam Brasil afora.<\/p>\n<p>Entre as atividades programadas, destaque para a 1\u00aa Corrida de Praia dos PFNs que ocorrer\u00e1 no dia 22, \u00e0s 8h. A Diretoria comunica ainda que haver\u00e1 shows especiais na sexta e no s\u00e1bado (22 e 23\/11).<\/p>\n<p>Confira, a seguir, a programa\u00e7\u00e3o do Evento:<\/p>\n<p><b>DIA 21 &#8211; QUINTA-FEIRA<\/b><\/p>\n<blockquote>\n<p>A partir das 14 horas: <em>credenciamento<\/em><br \/> Local: em frente ao sal\u00e3o Brennand<\/p>\n<p>19h &#8211; <em>Abertura oficial do Encontro<\/em><br \/> Composi\u00e7\u00e3o da mesa:<\/p>\n<ul>\n<li>Eduardo Campos, Governador de Pernambuco<\/li>\n<li>Francisco Tadeu Alencar, Chefe da Casa Civil do Governo de Pernambuco<\/li>\n<li>Paulo Rubem Santiago, Deputado Federal (PDT\/PE)<\/li>\n<li>Her\u00e1clio Camargo, Presidente do SINPROFAZ<\/li>\n<\/ul>\n<p>19h30 &#8211; <em>Advocacia de Estado e a viabiliza\u00e7\u00e3o das Pol\u00edticas P\u00fablicas<\/em><\/p>\n<p>21h30 &#8211; <em>Jantar<\/em><\/p>\n<\/blockquote>\n<p><b>DIA 22 &#8211; SEXTA-FEIRA<\/b><\/p>\n<blockquote>\n<p>8h &#8211; <em>Corrida de praia<\/em><br \/> Todos os PFNs e convidados est\u00e3o automaticamente inscritos, bastando a cada um apresentar-se no local de largada, a ser informado pela organiza\u00e7\u00e3o do evento.<\/p>\n<p>19h &#8211; <em>Composi\u00e7\u00e3o de palco com os debatedores<\/em><\/p>\n<p>19h30 &#8211; <em>Debate: Justi\u00e7a Federal &#8211; virtualiza\u00e7\u00e3o, interioriza\u00e7\u00e3o e suas interfaces com a Advocacia P\u00fablica Federal<\/em><\/p>\n<p>Palestrante:<\/p>\n<ul>\n<li>Edilson Pereira Nobre J\u00fanior, Desembargador da 5\u00aa regi\u00e3o<\/li>\n<\/ul>\n<p>Debatedores:<\/p>\n<ul>\n<li>Hugo Mendes Plutarco, Advogado do SINPROFAZ,<\/li>\n<li>Ant\u00f4nio Augusto de Queiroz, Consultor Pol\u00edtico do SINPROFAZ<\/li>\n<\/ul>\n<p>Mediador:<\/p>\n<ul>\n<li>Her\u00e1clio Camargo, presidente do SINPROFAZ<\/li>\n<\/ul>\n<p>21h30 &#8211; <em>Jantar<\/em><\/p>\n<\/blockquote>\n<p><b>DIA 23 &#8211; S\u00c1BADO<\/b><\/p>\n<blockquote>\n<p>19h &#8211; <em>Composi\u00e7\u00e3o da mesa com palestrantes e debatedores<\/em><\/p>\n<p>19h30 &#8211; <em>Painel e Debates<\/em><\/p>\n<p>Painel Institucional ETCO<\/p>\n<p>Palestrante:<\/p>\n<ul>\n<li>Heloisa Ribeiro, Diretora Executiva do Instituto Brasileiro de \u00c9tica Concorrencial (ETCO)<\/li>\n<\/ul>\n<p>Debate:<\/p>\n<ul>\n<li>Prerrogativas e direitos para o pleno exerc\u00edcio da Advocacia de Estado<\/li>\n<\/ul>\n<p>Palestrante:<\/p>\n<ul>\n<li>Gustavo Binenbojm, Doutor em Direito P\u00fablico e professor da UERJ, FGV e da Escola da Magistratura do Estado do Rio de Janeiro<\/li>\n<\/ul>\n<p>Debatedor:<\/p>\n<ul>\n<li>Ricardo Lodi Ribeiro, ex-presidente do SINPROFAZ, Advogado no Estado do Rio de Janeiro<\/li>\n<\/ul>\n<p>Mediador:<\/p>\n<ul>\n<li>Her\u00e1clio Camargo, presidente do SINPROFAZ<\/li>\n<\/ul>\n<p>21h30 &#8211; <em>Jantar<\/em><\/p>\n<p>23h &#8211; <em>Confraterniza\u00e7\u00e3o de encerramento<\/em><\/p>\n<\/blockquote>\n<p><b>Listas de Presen\u00e7a<\/b><\/p>\n<p>Durante as tr\u00eas noites do evento, as solenidades come\u00e7ar\u00e3o pontualmente \u00e0s 19 horas. Duas listas de presen\u00e7a para os filiados do SINPROFAZ v\u00e3o circular dentro do audit\u00f3rio, na abertura e no encerramento do evento.<\/p>\n<p><b>Reconfirma\u00e7\u00e3o de Voos e Traslados<\/b><\/p>\n<p>Para reconfirmar os voos e traslados procure o desk da CVC, instalado \u00e0 frente do sal\u00e3o Brennand, das 14 \u00e0s 22 horas. Reconfirme esses servi\u00e7os com pelo menos 24 horas de anteced\u00eancia.<\/p>\n<p><b>Secretaria Executiva<\/b><\/p>\n<p>Os servi\u00e7os de Secretaria Executiva estar\u00e3o a cargo da empresa Luane Bittes Eventos e Turismo, com atendimento das 14 \u00e0s 22 horas, pelos telefones (61) 9995-2860 ou (61) 8541-9448.<\/p>\n","protected":false},"excerpt":{"rendered":"<p>Em mais uma edi\u00e7\u00e3o do tradicional Encontro do SINPROFAZ, PFNs de todo o Brasil v\u00e3o se reunir na cidade de Porto de Galinhas (PE), a partir da pr\u00f3xima quinta-feira (21).<\/p>\n","protected":false},"author":1,"featured_media":0,"comment_status":"closed","ping_status":"open","sticky":false,"template":"","format":"standard","meta":{"footnotes":""},"categories":[8],"tags":[],"featured_image_url":"https:\/\/dummyimage.com\/720x400","character_count":1581,"formatted_date":"18\/11\/2013 - 20:00","contentNovo":"\r\n<p>A Diretoria do SINPROFAZ ultima os procedimentos para a realiza\u00e7\u00e3o de mais um Encontro Nacional da Carreira marcado para os dias 21 a 23 de novembro.<\/p>\r\n<p>Al\u00e9m das palestras e debates com foco na tem\u00e1tica \u201cAdvocacia de Estado e a viabiliza\u00e7\u00e3o das Pol\u00edticas P\u00fablicas\u201d, o Encontro ser\u00e1 tamb\u00e9m uma oportunidade de troca de experi\u00eancias e congra\u00e7amento entre PFNs que atuam Brasil afora.<\/p>\r\n<p>Entre as atividades programadas, destaque para a 1\u00aa Corrida de Praia dos PFNs que ocorrer\u00e1 no dia 22, \u00e0s 8h. A Diretoria comunica ainda que haver\u00e1 shows especiais na sexta e no s\u00e1bado (22 e 23\/11).<\/p>\r\n<p>Confira, a seguir, a programa\u00e7\u00e3o do Evento:<\/p>\r\n<p>DIA 21 - QUINTA-FEIRA<\/p>\r\n\r\n<p>A partir das 14 horas: <em>credenciamento<\/em> Local: em frente ao sal\u00e3o Brennand<\/p>\r\n<p>19h - <em>Abertura oficial do Encontro<\/em> Composi\u00e7\u00e3o da mesa:<\/p>\r\n\r\nEduardo Campos, Governador de Pernambuco\r\nFrancisco Tadeu Alencar, Chefe da Casa Civil do Governo de Pernambuco\r\nPaulo Rubem Santiago, Deputado Federal (PDT\/PE)\r\nHer\u00e1clio Camargo, Presidente do SINPROFAZ\r\n\r\n<p>19h30 - <em>Advocacia de Estado e a viabiliza\u00e7\u00e3o das Pol\u00edticas P\u00fablicas<\/em><\/p>\r\n<p>21h30 - <em>Jantar<\/em><\/p>\r\n\r\n<p>DIA 22 - SEXTA-FEIRA<\/p>\r\n\r\n<p>8h - <em>Corrida de praia<\/em> Todos os PFNs e convidados est\u00e3o automaticamente inscritos, bastando a cada um apresentar-se no local de largada, a ser informado pela organiza\u00e7\u00e3o do evento.<\/p>\r\n<p>19h - <em>Composi\u00e7\u00e3o de palco com os debatedores<\/em><\/p>\r\n<p>19h30 - <em>Debate: Justi\u00e7a Federal - virtualiza\u00e7\u00e3o, interioriza\u00e7\u00e3o e suas interfaces com a Advocacia P\u00fablica Federal<\/em><\/p>\r\nPalestrante:\r\n\r\nEdilson Pereira Nobre J\u00fanior, Desembargador da 5\u00aa regi\u00e3o\r\n\r\n<p>Debatedores:<\/p>\r\n\r\nHugo Mendes Plutarco, Advogado do SINPROFAZ,\r\nAnt\u00f4nio Augusto de Queiroz, Consultor Pol\u00edtico do SINPROFAZ\r\n\r\n<p>Mediador:<\/p>\r\n\r\nHer\u00e1clio Camargo, presidente do SINPROFAZ\r\n\r\n<p>21h30 - <em>Jantar<\/em><\/p>\r\n\r\n<p>DIA 23 - S\u00c1BADO<\/p>\r\n\r\n<p>19h - <em>Composi\u00e7\u00e3o da mesa com palestrantes e debatedores<\/em><\/p>\r\n<p>19h30 - <em>Painel e Debates<\/em><\/p>\r\n<p>Painel Institucional ETCO<\/p>\r\n<p>Palestrante:<\/p>\r\n\r\nHeloisa Ribeiro, Diretora Executiva do Instituto Brasileiro de \u00c9tica Concorrencial (ETCO)\r\n\r\n<p>Debate:<\/p>\r\n\r\nPrerrogativas e direitos para o pleno exerc\u00edcio da Advocacia de Estado\r\n\r\n<p>Palestrante:<\/p>\r\n\r\nGustavo Binenbojm, Doutor em Direito P\u00fablico e professor da UERJ, FGV e da Escola da Magistratura do Estado do Rio de Janeiro\r\n\r\n<p>Debatedor:<\/p>\r\n\r\nRicardo Lodi Ribeiro, ex-presidente do SINPROFAZ, Advogado no Estado do Rio de Janeiro\r\n\r\n<p>Mediador:<\/p>\r\n\r\nHer\u00e1clio Camargo, presidente do SINPROFAZ\r\n\r\n<p>21h30 - <em>Jantar<\/em><\/p>\r\n<p>23h - <em>Confraterniza\u00e7\u00e3o de encerramento<\/em><\/p>\r\n\r\n<p>Listas de Presen\u00e7a<\/p>\r\n<p>Durante as tr\u00eas noites do evento, as solenidades come\u00e7ar\u00e3o pontualmente \u00e0s 19 horas. Duas listas de presen\u00e7a para os filiados do SINPROFAZ v\u00e3o circular dentro do audit\u00f3rio, na abertura e no encerramento do evento.<\/p>\r\n<p>Reconfirma\u00e7\u00e3o de Voos e Traslados<\/p>\r\n<p>Para reconfirmar os voos e traslados procure o desk da CVC, instalado \u00e0 frente do sal\u00e3o Brennand, das 14 \u00e0s 22 horas. Reconfirme esses servi\u00e7os com pelo menos 24 horas de anteced\u00eancia.<\/p>\r\n<p>Secretaria Executiva<\/p>\r\n<p>Os servi\u00e7os de Secretaria Executiva estar\u00e3o a cargo da empresa Luane Bittes Eventos e Turismo, com atendimento das 14 \u00e0s 22 horas, pelos telefones (61) 9995-2860 ou (61) 8541-9448.<\/p>","_links":{"self":[{"href":"https:\/\/sinprofaz.org.br\/2024\/wp-json\/wp\/v2\/posts\/1546"}],"collection":[{"href":"https:\/\/sinprofaz.org.br\/2024\/wp-json\/wp\/v2\/posts"}],"about":[{"href":"https:\/\/sinprofaz.org.br\/2024\/wp-json\/wp\/v2\/types\/post"}],"author":[{"embeddable":true,"href":"https:\/\/sinprofaz.org.br\/2024\/wp-json\/wp\/v2\/users\/1"}],"replies":[{"embeddable":true,"href":"https:\/\/sinprofaz.org.br\/2024\/wp-json\/wp\/v2\/comments?post=1546"}],"version-history":[{"count":0,"href":"https:\/\/sinprofaz.org.br\/2024\/wp-json\/wp\/v2\/posts\/1546\/revisions"}],"wp:attachment":[{"href":"https:\/\/sinprofaz.org.br\/2024\/wp-json\/wp\/v2\/media?parent=1546"}],"wp:term":[{"taxonomy":"category","embeddable":true,"href":"https:\/\/sinprofaz.org.br\/2024\/wp-json\/wp\/v2\/categories?post=1546"},{"taxonomy":"post_tag","embeddable":true,"href":"https:\/\/sinprofaz.org.br\/2024\/wp-json\/wp\/v2\/tags?post=1546"}],"curies":[{"name":"wp","href":"https:\/\/api.w.org\/{rel}","templated":true}]}}