{"id":15456,"date":"2022-12-21T17:17:10","date_gmt":"2022-12-21T20:17:10","guid":{"rendered":"http:\/\/www.sinprofaz.org.br\/?p=15456"},"modified":"2022-12-21T19:02:18","modified_gmt":"2022-12-21T22:02:18","slug":"sinprofaz-parabeniza-tadeu-alencar-escolhido-para-o-cargo-de-secretario-nacional-de-seguranca-publica","status":"publish","type":"post","link":"https:\/\/sinprofaz.org.br\/2024\/noticias\/sinprofaz-parabeniza-tadeu-alencar-escolhido-para-o-cargo-de-secretario-nacional-de-seguranca-publica\/","title":{"rendered":"SINPROFAZ PARABENIZA TADEU ALENCAR, ESCOLHIDO PARA O CARGO DE SECRET\u00c1RIO NACIONAL DE SEGURAN\u00c7A P\u00daBLICA"},"content":{"rendered":"<p>Com entusiasmo a Diretoria do SINPROFAZ recebeu a not\u00edcia da escolha do filiado Francisco Tadeu Barbosa de Alencar para o cargo de Secret\u00e1rio Nacional de Seguran\u00e7a P\u00fablica do Minist\u00e9rio da Justi\u00e7a. O Colega, que muito contribuiu para a evolu\u00e7\u00e3o da Advocacia P\u00fablica enquanto Procurador da Fazenda Nacional e Deputado Federal, aceita agora um novo desafio, para o qual est\u00e1 absolutamente preparado. A Tadeu Alencar, os votos de uma excelente gest\u00e3o!<\/p>\n<p><strong>Trajet\u00f3ria profissional <\/strong><br \/>\nDeputado Federal (PSB\/PE) em segundo mandato, Francisco Tadeu Barbosa de Alencar foi l\u00edder do PSB em dois per\u00edodos (2018 e 2019) e vice-l\u00edder da oposi\u00e7\u00e3o ao governo Bolsonaro, em 2021 e 2022. \u00c9 membro titular da Comiss\u00e3o de Constitui\u00e7\u00e3o e Justi\u00e7a e de Cidadania, da Comiss\u00e3o de Rela\u00e7\u00f5es Exteriores e da Comiss\u00e3o de Cultura. Preside a Frente Parlamentar em Defesa do Cinema e do Audiovisual brasileiros e \u00e9 o \u00fanico representante da AGU no Congresso Nacional.<\/p>\n<p>Procurador da Fazenda Nacional desde 1993, exerceu, na PGFN, os cargos de Procurador-Geral Adjunto da Fazenda Nacional no primeiro governo do Presidente Lula e de Procurador-Regional da PRFN 5\u00aa Regi\u00e3o. Foi Delegado Sindical do SINPROFAZ. Em Pernambuco, atuou como Procurador-Geral do Estado e como Secret\u00e1rio da Casa Civil no governo de Eduardo Campos (2007 a 2014). Presidiu o Conselho de Administra\u00e7\u00e3o da Empresa Pernambuco de Comunica\u00e7\u00e3o (EPC) e o Conselho Fiscal do BNB.<\/p>\n<p>Especialista em Direito Tribut\u00e1rio (UFPE\/ESAF), participou do curso em Administra\u00e7\u00e3o Judicial &#8211; Programa Internacional de Treinamento (Universidade da Ge\u00f3rgia, Atlanta, EUA). Escritor e articulista do Jornal do Commercio desde 2010, publicou o livro <em>Li\u00e7\u00f5es de Madrugada<\/em>\u00a0(2021). Em todos os oito anos de mandato, foi colocado pelo DIAP entre os Cabe\u00e7as do Congresso Nacional e, pelo Congresso em Foco, entre os dez melhores parlamentares e parlamentar representante da Advocacia P\u00fablica (2019).<\/p>\n","protected":false},"excerpt":{"rendered":"<p>O Colega, que muito contribuiu para a evolu\u00e7\u00e3o da Advocacia P\u00fablica enquanto Procurador da Fazenda Nacional e Deputado Federal, aceita agora um novo desafio, para o qual est\u00e1 absolutamente preparado.<\/p>\n","protected":false},"author":2,"featured_media":15457,"comment_status":"open","ping_status":"open","sticky":false,"template":"","format":"standard","meta":{"footnotes":""},"categories":[8],"tags":[32,25],"featured_image_url":"https:\/\/sinprofaz.org.br\/2024\/wp-content\/uploads\/2022\/12\/Francisco-Tadeu-Barbosa-de-Alencar-.jpg","character_count":976,"formatted_date":"21\/12\/2022 - 17:17","contentNovo":"Com entusiasmo a Diretoria do SINPROFAZ recebeu a not\u00edcia da escolha do filiado Francisco Tadeu Barbosa de Alencar para o cargo de Secret\u00e1rio Nacional de Seguran\u00e7a P\u00fablica do Minist\u00e9rio da Justi\u00e7a. O Colega, que muito contribuiu para a evolu\u00e7\u00e3o da Advocacia P\u00fablica enquanto Procurador da Fazenda Nacional e Deputado Federal, aceita agora um novo desafio, para o qual est\u00e1 absolutamente preparado. A Tadeu Alencar, os votos de uma excelente gest\u00e3o!\r\n\r\n<strong>Trajet\u00f3ria profissional <\/strong>\r\nDeputado Federal (PSB\/PE) em segundo mandato, Francisco Tadeu Barbosa de Alencar foi l\u00edder do PSB em dois per\u00edodos (2018 e 2019) e vice-l\u00edder da oposi\u00e7\u00e3o ao governo Bolsonaro, em 2021 e 2022. \u00c9 membro titular da Comiss\u00e3o de Constitui\u00e7\u00e3o e Justi\u00e7a e de Cidadania, da Comiss\u00e3o de Rela\u00e7\u00f5es Exteriores e da Comiss\u00e3o de Cultura. Preside a Frente Parlamentar em Defesa do Cinema e do Audiovisual brasileiros e \u00e9 o \u00fanico representante da AGU no Congresso Nacional.\r\n\r\nProcurador da Fazenda Nacional desde 1993, exerceu, na PGFN, os cargos de Procurador-Geral Adjunto da Fazenda Nacional no primeiro governo do Presidente Lula e de Procurador-Regional da PRFN 5\u00aa Regi\u00e3o. Foi Delegado Sindical do SINPROFAZ. Em Pernambuco, atuou como Procurador-Geral do Estado e como Secret\u00e1rio da Casa Civil no governo de Eduardo Campos (2007 a 2014). Presidiu o Conselho de Administra\u00e7\u00e3o da Empresa Pernambuco de Comunica\u00e7\u00e3o (EPC) e o Conselho Fiscal do BNB.\r\n\r\nEspecialista em Direito Tribut\u00e1rio (UFPE\/ESAF), participou do curso em Administra\u00e7\u00e3o Judicial - Programa Internacional de Treinamento (Universidade da Ge\u00f3rgia, Atlanta, EUA). Escritor e articulista do Jornal do Commercio desde 2010, publicou o livro <em>Li\u00e7\u00f5es de Madrugada<\/em>\u00a0(2021). Em todos os oito anos de mandato, foi colocado pelo DIAP entre os Cabe\u00e7as do Congresso Nacional e, pelo Congresso em Foco, entre os dez melhores parlamentares e parlamentar representante da Advocacia P\u00fablica (2019).","_links":{"self":[{"href":"https:\/\/sinprofaz.org.br\/2024\/wp-json\/wp\/v2\/posts\/15456"}],"collection":[{"href":"https:\/\/sinprofaz.org.br\/2024\/wp-json\/wp\/v2\/posts"}],"about":[{"href":"https:\/\/sinprofaz.org.br\/2024\/wp-json\/wp\/v2\/types\/post"}],"author":[{"embeddable":true,"href":"https:\/\/sinprofaz.org.br\/2024\/wp-json\/wp\/v2\/users\/2"}],"replies":[{"embeddable":true,"href":"https:\/\/sinprofaz.org.br\/2024\/wp-json\/wp\/v2\/comments?post=15456"}],"version-history":[{"count":4,"href":"https:\/\/sinprofaz.org.br\/2024\/wp-json\/wp\/v2\/posts\/15456\/revisions"}],"predecessor-version":[{"id":15463,"href":"https:\/\/sinprofaz.org.br\/2024\/wp-json\/wp\/v2\/posts\/15456\/revisions\/15463"}],"wp:featuredmedia":[{"embeddable":true,"href":"https:\/\/sinprofaz.org.br\/2024\/wp-json\/wp\/v2\/media\/15457"}],"wp:attachment":[{"href":"https:\/\/sinprofaz.org.br\/2024\/wp-json\/wp\/v2\/media?parent=15456"}],"wp:term":[{"taxonomy":"category","embeddable":true,"href":"https:\/\/sinprofaz.org.br\/2024\/wp-json\/wp\/v2\/categories?post=15456"},{"taxonomy":"post_tag","embeddable":true,"href":"https:\/\/sinprofaz.org.br\/2024\/wp-json\/wp\/v2\/tags?post=15456"}],"curies":[{"name":"wp","href":"https:\/\/api.w.org\/{rel}","templated":true}]}}