{"id":15451,"date":"2022-12-21T08:26:58","date_gmt":"2022-12-21T11:26:58","guid":{"rendered":"http:\/\/www.sinprofaz.org.br\/?p=15451"},"modified":"2022-12-21T17:45:56","modified_gmt":"2022-12-21T20:45:56","slug":"sinprofaz-e-anpprev-debatem-retorno-da-associacao-ao-forvm","status":"publish","type":"post","link":"https:\/\/sinprofaz.org.br\/2024\/noticias\/sinprofaz-e-anpprev-debatem-retorno-da-associacao-ao-forvm\/","title":{"rendered":"SINPROFAZ E ANPPREV DEBATEM RETORNO DA ASSOCIA\u00c7\u00c3O AO FORVM"},"content":{"rendered":"<p>O SINPROFAZ, representado pelo presidente Achilles Frias, esteve reunido com a presidente Maria Sant\u00edssima Marques e o diretor Aluizo Silva de Lucena, dirigentes da ANPPREV. O encontro, na sede do Sindicato, em Bras\u00edlia\/DF, possibilitou o debate de temas relativos \u00e0s advogadas e aos advogados p\u00fablicos, com destaque para o reingresso da ANPPREV no F\u00f3rum Nacional da Advocacia P\u00fablica Federal.<\/p>\n<p>Na qualidade de presidente do SINPROFAZ e do FORVM, Achilles Frias ressaltou sua absoluta concord\u00e2ncia com o retorno da ANPPREV, cuja nova gest\u00e3o reconhece a import\u00e2ncia estrat\u00e9gica da atua\u00e7\u00e3o conjunta com as demais entidades. O reingresso ser\u00e1 agora submetido \u00e0 aprova\u00e7\u00e3o de ANAJUR e ANAUNI, entidades que atualmente integram o FORVM ao lado do Sindicato.<\/p>\n\n\t\t<style type=\"text\/css\">\n\t\t\t#gallery-1 {\n\t\t\t\tmargin: auto;\n\t\t\t}\n\t\t\t#gallery-1 .gallery-item {\n\t\t\t\tfloat: left;\n\t\t\t\tmargin-top: 10px;\n\t\t\t\ttext-align: center;\n\t\t\t\twidth: 33%;\n\t\t\t}\n\t\t\t#gallery-1 img {\n\t\t\t\tborder: 2px solid #cfcfcf;\n\t\t\t}\n\t\t\t#gallery-1 .gallery-caption {\n\t\t\t\tmargin-left: 0;\n\t\t\t}\n\t\t\t\/* see gallery_shortcode() in wp-includes\/media.php *\/\n\t\t<\/style>\n\t\t<div id='gallery-1' class='gallery galleryid-15451 gallery-columns-3 gallery-size-thumbnail'><dl class='gallery-item'>\n\t\t\t<dt class='gallery-icon landscape'>\n\t\t\t\t<a href='https:\/\/sinprofaz.org.br\/2024\/wp-content\/uploads\/2022\/12\/forvm-2.jpg'><img loading=\"lazy\" decoding=\"async\" width=\"150\" height=\"150\" src=\"https:\/\/sinprofaz.org.br\/2024\/wp-content\/uploads\/2022\/12\/forvm-2-150x150.jpg\" class=\"attachment-thumbnail size-thumbnail\" alt=\"\" \/><\/a>\n\t\t\t<\/dt><\/dl>\n\t\t\t<br style='clear: both' \/>\n\t\t<\/div>\n\n","protected":false},"excerpt":{"rendered":"<p>Na qualidade de presidente do SINPROFAZ e do F\u00f3rum Nacional da Advocacia P\u00fablica Federal, Achilles Frias ressaltou sua absoluta concord\u00e2ncia com o retorno da ANPPREV, cuja nova gest\u00e3o reconhece a import\u00e2ncia estrat\u00e9gica da atua\u00e7\u00e3o conjunta com as demais entidades. Acesse e saiba mais!<\/p>\n","protected":false},"author":2,"featured_media":15452,"comment_status":"open","ping_status":"open","sticky":false,"template":"","format":"standard","meta":{"footnotes":""},"categories":[8],"tags":[34,137,25],"featured_image_url":"https:\/\/sinprofaz.org.br\/2024\/wp-content\/uploads\/2022\/12\/forvm-1.jpg","character_count":562,"formatted_date":"21\/12\/2022 - 08:26","contentNovo":"O SINPROFAZ, representado pelo presidente Achilles Frias, esteve reunido com a presidente Maria Sant\u00edssima Marques e o diretor Aluizo Silva de Lucena, dirigentes da ANPPREV. O encontro, na sede do Sindicato, em Bras\u00edlia\/DF, possibilitou o debate de temas relativos \u00e0s advogadas e aos advogados p\u00fablicos, com destaque para o reingresso da ANPPREV no F\u00f3rum Nacional da Advocacia P\u00fablica Federal.\r\n\r\nNa qualidade de presidente do SINPROFAZ e do FORVM, Achilles Frias ressaltou sua absoluta concord\u00e2ncia com o retorno da ANPPREV, cuja nova gest\u00e3o reconhece a import\u00e2ncia estrat\u00e9gica da atua\u00e7\u00e3o conjunta com as demais entidades. O reingresso ser\u00e1 agora submetido \u00e0 aprova\u00e7\u00e3o de ANAJUR e ANAUNI, entidades que atualmente integram o FORVM ao lado do Sindicato.\r\n\r\n[gallery link=\"file\" ids=\"15453\"]","_links":{"self":[{"href":"https:\/\/sinprofaz.org.br\/2024\/wp-json\/wp\/v2\/posts\/15451"}],"collection":[{"href":"https:\/\/sinprofaz.org.br\/2024\/wp-json\/wp\/v2\/posts"}],"about":[{"href":"https:\/\/sinprofaz.org.br\/2024\/wp-json\/wp\/v2\/types\/post"}],"author":[{"embeddable":true,"href":"https:\/\/sinprofaz.org.br\/2024\/wp-json\/wp\/v2\/users\/2"}],"replies":[{"embeddable":true,"href":"https:\/\/sinprofaz.org.br\/2024\/wp-json\/wp\/v2\/comments?post=15451"}],"version-history":[{"count":3,"href":"https:\/\/sinprofaz.org.br\/2024\/wp-json\/wp\/v2\/posts\/15451\/revisions"}],"predecessor-version":[{"id":15462,"href":"https:\/\/sinprofaz.org.br\/2024\/wp-json\/wp\/v2\/posts\/15451\/revisions\/15462"}],"wp:featuredmedia":[{"embeddable":true,"href":"https:\/\/sinprofaz.org.br\/2024\/wp-json\/wp\/v2\/media\/15452"}],"wp:attachment":[{"href":"https:\/\/sinprofaz.org.br\/2024\/wp-json\/wp\/v2\/media?parent=15451"}],"wp:term":[{"taxonomy":"category","embeddable":true,"href":"https:\/\/sinprofaz.org.br\/2024\/wp-json\/wp\/v2\/categories?post=15451"},{"taxonomy":"post_tag","embeddable":true,"href":"https:\/\/sinprofaz.org.br\/2024\/wp-json\/wp\/v2\/tags?post=15451"}],"curies":[{"name":"wp","href":"https:\/\/api.w.org\/{rel}","templated":true}]}}