{"id":15410,"date":"2022-12-14T12:08:25","date_gmt":"2022-12-14T15:08:25","guid":{"rendered":"http:\/\/www.sinprofaz.org.br\/?p=15410"},"modified":"2022-12-15T09:07:10","modified_gmt":"2022-12-15T12:07:10","slug":"palestras-sobre-meios-adequados-de-solucao-de-conflitos-encerram-o-20o-encontro","status":"publish","type":"post","link":"https:\/\/sinprofaz.org.br\/2024\/noticias\/palestras-sobre-meios-adequados-de-solucao-de-conflitos-encerram-o-20o-encontro\/","title":{"rendered":"PALESTRAS SOBRE MEIOS ADEQUADOS DE SOLU\u00c7\u00c3O DE CONFLITOS ENCERRAM O 20\u00ba ENCONTRO"},"content":{"rendered":"<p>Temas como o cen\u00e1rio pol\u00edtico nacional e os meios alternativos de solu\u00e7\u00e3o de conflitos foram abordados na terceira e \u00faltima noite do 20\u00ba Encontro do SINPROFAZ. Al\u00e9m do presidente do Sindicato, Achilles Frias, a Mesa contou com as participa\u00e7\u00f5es de Jos\u00e9 Levi Mello do Amaral J\u00fanior, secret\u00e1rio-geral da Presid\u00eancia do TSE, ex-advogado-geral da Uni\u00e3o e ex-procurador-geral da Fazenda Nacional; T\u00e1cio Lacerda Gama, advogado, presidente do Instituto de Aplica\u00e7\u00e3o do Tributo (IAT); Eurico Marcos Diniz De Santi, diretor-fundador do Centro de Cidadania Fiscal (CCiF); Gabriela Alario e Andrea Navarro, pesquisadoras do Projeto PAX TAX &#8211; Solu\u00e7\u00f5es Alternativas de Conflitos Tribut\u00e1rios (N\u00facleo de Estudos Fiscais &#8211; FGV Direito\/SP); e Ant\u00f4nio Augusto de Queiroz, consultor parlamentar e diretor do Departamento Intersindical de Assessoria Parlamentar (DIAP).<\/p>\n<p>Em sintonia com a tem\u00e1tica do 20\u00ba Encontro do SINPROFAZ, Jos\u00e9 Levi Mello abordou o tema da transa\u00e7\u00e3o. Segundo o ex-AGU e ex-PGFN, &#8220;a transa\u00e7\u00e3o foi trazida em um dispositivo do C\u00f3digo Tribut\u00e1rio, mas ficou sem regulamenta\u00e7\u00e3o durante muito tempo. Isso, certamente, em virtude da cultura de litigar&#8221;. Sempre atento \u00e0 evolu\u00e7\u00e3o da PGFN e \u00e0s demandas legislativas da Carreira, Ant\u00f4nio Augusto de Queiroz tra\u00e7ou um panorama do cen\u00e1rio pol\u00edtico em que se encontram os PFNs. Conforme o analista, ao longo da atual gest\u00e3o no governo federal, &#8220;a AGU &#8211; e, em particular, a PGFN &#8211; conseguiu manter a institucionalidade e as prerrogativas, muito em raz\u00e3o da a\u00e7\u00e3o prudente do SINPROFAZ, que trabalhou para consolidar a quest\u00e3o remunerat\u00f3ria da Carreira&#8221;.<\/p>\n<p>Pela primeira vez, T\u00e1cio Lacerda Gama participou de um Encontro dos Procuradores da Fazenda Nacional. Na oportunidade da palestra ministrada \u00e0 Carreira, o advogado apresentou resultados de algumas das pesquisas desenvolvidas pelo Instituto de Aplica\u00e7\u00e3o do Tributo com vistas ao aprimoramento do sistema tribut\u00e1rio nacional. Ao apresentar a evolu\u00e7\u00e3o hist\u00f3rica do direito tribut\u00e1rio no pa\u00eds, o palestrante convidado ressaltou que &#8220;no Brasil, tivemos, de um lado, uma excepcional sistematiza\u00e7\u00e3o do direito tribut\u00e1rio e, de outro lado, pol\u00edticas eficazes de incentivo ao lit\u00edgio&#8221;. Durante a exposi\u00e7\u00e3o, T\u00e1cio Lacerda Gama convidou os PFNs para participarem do II Congresso Internacional de Direito Tribut\u00e1rio, a ser realizado pelo IAT do dia 3 ao dia 5 de maio de 2023.<\/p>\n<p><strong>M\u00e9todos adequados de resolu\u00e7\u00e3o<\/strong><br \/>\nAutoridade nacional no tema da reforma tribut\u00e1ria, Eurico De Santi coordena o N\u00facleo de Estudos Fiscais da FGV Direito de S\u00e3o Paulo. Juntamente com as pesquisadoras integrantes do Projeto PAX TAX, o professor foi convidado para prestigiar o evento do SINPROFAZ, oportunidade em que abordou solu\u00e7\u00f5es alternativas de conflitos tribut\u00e1rios &#8211; na linha da tem\u00e1tica escolhida para o 20\u00ba Encontro dos PFNs. &#8220;Gostaria de fazer um elogio \u00e0 Carreira, que venho acompanhando com muita admira\u00e7\u00e3o. A partir de autoridades como Tadeu Alencar e Fabr\u00edcio Da Soller, a PGFN se tornou um exemplo de escrit\u00f3rio p\u00fablico funcional e estrat\u00e9gico e uma verdadeira refer\u00eancia no processo de di\u00e1logo com o contribuinte&#8221;, afirmou De Santi ao dar in\u00edcio \u00e0 palestra.<\/p>\n<p>A exposi\u00e7\u00e3o foi seguida pelas falas das pesquisadoras do N\u00facleo de Estudos Fiscais &#8211; FGV Direito\/SP. Ao abordar a iniciativa do Projeto PAX TAX &#8211; Solu\u00e7\u00f5es Alternativas de Conflitos Tribut\u00e1rios, Gabriela Alario afirmou que &#8220;com muito entusiasmo, observo o que a PGFN vem fazendo em termos de m\u00e9todos adequados. Minha admira\u00e7\u00e3o aumentou ao descobrir o caminho percorrido por voc\u00eas, que, h\u00e1 mais de dez anos, trouxeram a ideia de um m\u00e9todo complementar \u00e0 execu\u00e7\u00e3o para resolver disputas tribut\u00e1rias&#8221;. Igualmente entusiasta da PGFN, Andrea Navarro destacou que os meios adequados &#8220;abrem caminhos para muitas possibilidades. De uma forma criativa, novas a\u00e7\u00f5es podem ser implementadas no campo tribut\u00e1rio para reduzir a litigiosidade no Brasil&#8221;.<\/p>\n<p><strong>Encontro do SINPROFAZ em 2023<\/strong><br \/>\nAo agradecer a presen\u00e7a dos Colegas e palestrantes e declarar o encerramento do evento, Achilles Frias convidou a Carreira para o 21\u00ba Encontro Nacional dos Procuradores da Fazenda Nacional, a ser realizado no segundo semestre do ano que vem. De acordo com o presidente do Sindicato, as conversas para defini\u00e7\u00e3o de data e local j\u00e1 foram iniciadas pelo SINPROFAZ. &#8220;Nossos Encontros s\u00f3 existem gra\u00e7as \u00e0 ades\u00e3o dos Colegas, cuja presen\u00e7a neste evento superou as expectativas da Diretoria. Acredito que, em 2023, poderemos realizar um Encontro com ainda mais presen\u00e7as. Depois de dois anos dif\u00edceis, de pandemia, espero que, em breve, estejamos todos juntos novamente. At\u00e9 o ano que vem, Colegas!&#8221;, despediu-se Achilles Frias.<\/p>\n\n\t\t<style type=\"text\/css\">\n\t\t\t#gallery-1 {\n\t\t\t\tmargin: auto;\n\t\t\t}\n\t\t\t#gallery-1 .gallery-item {\n\t\t\t\tfloat: left;\n\t\t\t\tmargin-top: 10px;\n\t\t\t\ttext-align: center;\n\t\t\t\twidth: 33%;\n\t\t\t}\n\t\t\t#gallery-1 img {\n\t\t\t\tborder: 2px solid #cfcfcf;\n\t\t\t}\n\t\t\t#gallery-1 .gallery-caption {\n\t\t\t\tmargin-left: 0;\n\t\t\t}\n\t\t\t\/* see gallery_shortcode() in wp-includes\/media.php *\/\n\t\t<\/style>\n\t\t<div id='gallery-1' class='gallery galleryid-15410 gallery-columns-3 gallery-size-thumbnail'><dl class='gallery-item'>\n\t\t\t<dt class='gallery-icon landscape'>\n\t\t\t\t<a href='https:\/\/sinprofaz.org.br\/2024\/wp-content\/uploads\/2022\/12\/2.jpg'><img loading=\"lazy\" decoding=\"async\" width=\"150\" height=\"150\" src=\"https:\/\/sinprofaz.org.br\/2024\/wp-content\/uploads\/2022\/12\/2-150x150.jpg\" class=\"attachment-thumbnail size-thumbnail\" alt=\"\" aria-describedby=\"gallery-1-15412\" \/><\/a>\n\t\t\t<\/dt>\n\t\t\t\t<dd class='wp-caption-text gallery-caption' id='gallery-1-15412'>\n\t\t\t\tAchilles Frias\n\t\t\t\t<\/dd><\/dl><dl class='gallery-item'>\n\t\t\t<dt class='gallery-icon landscape'>\n\t\t\t\t<a href='https:\/\/sinprofaz.org.br\/2024\/wp-content\/uploads\/2022\/12\/3.jpg'><img loading=\"lazy\" decoding=\"async\" width=\"150\" height=\"150\" src=\"https:\/\/sinprofaz.org.br\/2024\/wp-content\/uploads\/2022\/12\/3-150x150.jpg\" class=\"attachment-thumbnail size-thumbnail\" alt=\"\" aria-describedby=\"gallery-1-15413\" \/><\/a>\n\t\t\t<\/dt>\n\t\t\t\t<dd class='wp-caption-text gallery-caption' id='gallery-1-15413'>\n\t\t\t\tJos\u00e9 Levi Mello\n\t\t\t\t<\/dd><\/dl><dl class='gallery-item'>\n\t\t\t<dt class='gallery-icon landscape'>\n\t\t\t\t<a href='https:\/\/sinprofaz.org.br\/2024\/wp-content\/uploads\/2022\/12\/4.jpg'><img loading=\"lazy\" decoding=\"async\" width=\"150\" height=\"150\" src=\"https:\/\/sinprofaz.org.br\/2024\/wp-content\/uploads\/2022\/12\/4-150x150.jpg\" class=\"attachment-thumbnail size-thumbnail\" alt=\"\" aria-describedby=\"gallery-1-15414\" \/><\/a>\n\t\t\t<\/dt>\n\t\t\t\t<dd class='wp-caption-text gallery-caption' id='gallery-1-15414'>\n\t\t\t\tT\u00e1cio Lacerda Gama\n\t\t\t\t<\/dd><\/dl><br style=\"clear: both\" \/><dl class='gallery-item'>\n\t\t\t<dt class='gallery-icon landscape'>\n\t\t\t\t<a href='https:\/\/sinprofaz.org.br\/2024\/wp-content\/uploads\/2022\/12\/5.jpg'><img loading=\"lazy\" decoding=\"async\" width=\"150\" height=\"150\" src=\"https:\/\/sinprofaz.org.br\/2024\/wp-content\/uploads\/2022\/12\/5-150x150.jpg\" class=\"attachment-thumbnail size-thumbnail\" alt=\"\" aria-describedby=\"gallery-1-15415\" \/><\/a>\n\t\t\t<\/dt>\n\t\t\t\t<dd class='wp-caption-text gallery-caption' id='gallery-1-15415'>\n\t\t\t\tEurico De Santi\n\t\t\t\t<\/dd><\/dl><dl class='gallery-item'>\n\t\t\t<dt class='gallery-icon landscape'>\n\t\t\t\t<a href='https:\/\/sinprofaz.org.br\/2024\/wp-content\/uploads\/2022\/12\/6.jpg'><img loading=\"lazy\" decoding=\"async\" width=\"150\" height=\"150\" src=\"https:\/\/sinprofaz.org.br\/2024\/wp-content\/uploads\/2022\/12\/6-150x150.jpg\" class=\"attachment-thumbnail size-thumbnail\" alt=\"\" aria-describedby=\"gallery-1-15416\" \/><\/a>\n\t\t\t<\/dt>\n\t\t\t\t<dd class='wp-caption-text gallery-caption' id='gallery-1-15416'>\n\t\t\t\tAndrea Navarro\n\t\t\t\t<\/dd><\/dl><dl class='gallery-item'>\n\t\t\t<dt class='gallery-icon landscape'>\n\t\t\t\t<a href='https:\/\/sinprofaz.org.br\/2024\/wp-content\/uploads\/2022\/12\/7.jpg'><img loading=\"lazy\" decoding=\"async\" width=\"150\" height=\"150\" src=\"https:\/\/sinprofaz.org.br\/2024\/wp-content\/uploads\/2022\/12\/7-150x150.jpg\" class=\"attachment-thumbnail size-thumbnail\" alt=\"\" aria-describedby=\"gallery-1-15417\" \/><\/a>\n\t\t\t<\/dt>\n\t\t\t\t<dd class='wp-caption-text gallery-caption' id='gallery-1-15417'>\n\t\t\t\tGabriela Alario\n\t\t\t\t<\/dd><\/dl><br style=\"clear: both\" \/><dl class='gallery-item'>\n\t\t\t<dt class='gallery-icon landscape'>\n\t\t\t\t<a href='https:\/\/sinprofaz.org.br\/2024\/wp-content\/uploads\/2022\/12\/8.jpg'><img loading=\"lazy\" decoding=\"async\" width=\"150\" height=\"150\" src=\"https:\/\/sinprofaz.org.br\/2024\/wp-content\/uploads\/2022\/12\/8-150x150.jpg\" class=\"attachment-thumbnail size-thumbnail\" alt=\"\" aria-describedby=\"gallery-1-15418\" \/><\/a>\n\t\t\t<\/dt>\n\t\t\t\t<dd class='wp-caption-text gallery-caption' id='gallery-1-15418'>\n\t\t\t\tAnt\u00f4nio Augusto de Queiroz\n\t\t\t\t<\/dd><\/dl><dl class='gallery-item'>\n\t\t\t<dt class='gallery-icon landscape'>\n\t\t\t\t<a href='https:\/\/sinprofaz.org.br\/2024\/wp-content\/uploads\/2022\/12\/9.jpg'><img loading=\"lazy\" decoding=\"async\" width=\"150\" height=\"150\" src=\"https:\/\/sinprofaz.org.br\/2024\/wp-content\/uploads\/2022\/12\/9-150x150.jpg\" class=\"attachment-thumbnail size-thumbnail\" alt=\"\" aria-describedby=\"gallery-1-15419\" \/><\/a>\n\t\t\t<\/dt>\n\t\t\t\t<dd class='wp-caption-text gallery-caption' id='gallery-1-15419'>\n\t\t\t\tJos\u00e9 Levi e Roberto Rodrigues\n\t\t\t\t<\/dd><\/dl><dl class='gallery-item'>\n\t\t\t<dt class='gallery-icon landscape'>\n\t\t\t\t<a href='https:\/\/sinprofaz.org.br\/2024\/wp-content\/uploads\/2022\/12\/10.jpg'><img loading=\"lazy\" decoding=\"async\" width=\"150\" height=\"150\" src=\"https:\/\/sinprofaz.org.br\/2024\/wp-content\/uploads\/2022\/12\/10-150x150.jpg\" class=\"attachment-thumbnail size-thumbnail\" alt=\"\" aria-describedby=\"gallery-1-15420\" \/><\/a>\n\t\t\t<\/dt>\n\t\t\t\t<dd class='wp-caption-text gallery-caption' id='gallery-1-15420'>\n\t\t\t\tT\u00e1cio Lacerda Gama e Giuliano Menezes\n\t\t\t\t<\/dd><\/dl><br style=\"clear: both\" \/><dl class='gallery-item'>\n\t\t\t<dt class='gallery-icon landscape'>\n\t\t\t\t<a href='https:\/\/sinprofaz.org.br\/2024\/wp-content\/uploads\/2022\/12\/11.jpg'><img loading=\"lazy\" decoding=\"async\" width=\"150\" height=\"150\" src=\"https:\/\/sinprofaz.org.br\/2024\/wp-content\/uploads\/2022\/12\/11-150x150.jpg\" class=\"attachment-thumbnail size-thumbnail\" alt=\"\" aria-describedby=\"gallery-1-15421\" \/><\/a>\n\t\t\t<\/dt>\n\t\t\t\t<dd class='wp-caption-text gallery-caption' id='gallery-1-15421'>\n\t\t\t\tEurico De Santi, Juscelino Ferreira, Andrea Navarro e Gabriela Alario\n\t\t\t\t<\/dd><\/dl><dl class='gallery-item'>\n\t\t\t<dt class='gallery-icon landscape'>\n\t\t\t\t<a href='https:\/\/sinprofaz.org.br\/2024\/wp-content\/uploads\/2022\/12\/12.jpg'><img loading=\"lazy\" decoding=\"async\" width=\"150\" height=\"150\" src=\"https:\/\/sinprofaz.org.br\/2024\/wp-content\/uploads\/2022\/12\/12-150x150.jpg\" class=\"attachment-thumbnail size-thumbnail\" alt=\"\" aria-describedby=\"gallery-1-15422\" \/><\/a>\n\t\t\t<\/dt>\n\t\t\t\t<dd class='wp-caption-text gallery-caption' id='gallery-1-15422'>\n\t\t\t\tAnt\u00f4nio Augusto de Queiroz e Guilherme Rossini Martins\n\t\t\t\t<\/dd><\/dl>\n\t\t\t<br style='clear: both' \/>\n\t\t<\/div>\n\n","protected":false},"excerpt":{"rendered":"<p>Ao agradecer a presen\u00e7a dos Colegas e palestrantes e declarar o encerramento do evento, Achilles Frias convidou a Carreira para o 21\u00ba Encontro Nacional dos Procuradores da Fazenda Nacional, a ser realizado no segundo semestre de 2023.<\/p>\n","protected":false},"author":2,"featured_media":15411,"comment_status":"open","ping_status":"open","sticky":false,"template":"","format":"standard","meta":{"footnotes":""},"categories":[8],"tags":[32,62,25],"featured_image_url":"https:\/\/sinprofaz.org.br\/2024\/wp-content\/uploads\/2022\/12\/1.jpg","character_count":2913,"formatted_date":"14\/12\/2022 - 12:08","contentNovo":"Temas como o cen\u00e1rio pol\u00edtico nacional e os meios alternativos de solu\u00e7\u00e3o de conflitos foram abordados na terceira e \u00faltima noite do 20\u00ba Encontro do SINPROFAZ. Al\u00e9m do presidente do Sindicato, Achilles Frias, a Mesa contou com as participa\u00e7\u00f5es de Jos\u00e9 Levi Mello do Amaral J\u00fanior, secret\u00e1rio-geral da Presid\u00eancia do TSE, ex-advogado-geral da Uni\u00e3o e ex-procurador-geral da Fazenda Nacional; T\u00e1cio Lacerda Gama, advogado, presidente do Instituto de Aplica\u00e7\u00e3o do Tributo (IAT); Eurico Marcos Diniz De Santi, diretor-fundador do Centro de Cidadania Fiscal (CCiF); Gabriela Alario e Andrea Navarro, pesquisadoras do Projeto PAX TAX - Solu\u00e7\u00f5es Alternativas de Conflitos Tribut\u00e1rios (N\u00facleo de Estudos Fiscais - FGV Direito\/SP); e Ant\u00f4nio Augusto de Queiroz, consultor parlamentar e diretor do Departamento Intersindical de Assessoria Parlamentar (DIAP).\r\n\r\nEm sintonia com a tem\u00e1tica do 20\u00ba Encontro do SINPROFAZ, Jos\u00e9 Levi Mello abordou o tema da transa\u00e7\u00e3o. Segundo o ex-AGU e ex-PGFN, \"a transa\u00e7\u00e3o foi trazida em um dispositivo do C\u00f3digo Tribut\u00e1rio, mas ficou sem regulamenta\u00e7\u00e3o durante muito tempo. Isso, certamente, em virtude da cultura de litigar\". Sempre atento \u00e0 evolu\u00e7\u00e3o da PGFN e \u00e0s demandas legislativas da Carreira, Ant\u00f4nio Augusto de Queiroz tra\u00e7ou um panorama do cen\u00e1rio pol\u00edtico em que se encontram os PFNs. Conforme o analista, ao longo da atual gest\u00e3o no governo federal, \"a AGU - e, em particular, a PGFN - conseguiu manter a institucionalidade e as prerrogativas, muito em raz\u00e3o da a\u00e7\u00e3o prudente do SINPROFAZ, que trabalhou para consolidar a quest\u00e3o remunerat\u00f3ria da Carreira\".\r\n\r\nPela primeira vez, T\u00e1cio Lacerda Gama participou de um Encontro dos Procuradores da Fazenda Nacional. Na oportunidade da palestra ministrada \u00e0 Carreira, o advogado apresentou resultados de algumas das pesquisas desenvolvidas pelo Instituto de Aplica\u00e7\u00e3o do Tributo com vistas ao aprimoramento do sistema tribut\u00e1rio nacional. Ao apresentar a evolu\u00e7\u00e3o hist\u00f3rica do direito tribut\u00e1rio no pa\u00eds, o palestrante convidado ressaltou que \"no Brasil, tivemos, de um lado, uma excepcional sistematiza\u00e7\u00e3o do direito tribut\u00e1rio e, de outro lado, pol\u00edticas eficazes de incentivo ao lit\u00edgio\". Durante a exposi\u00e7\u00e3o, T\u00e1cio Lacerda Gama convidou os PFNs para participarem do II Congresso Internacional de Direito Tribut\u00e1rio, a ser realizado pelo IAT do dia 3 ao dia 5 de maio de 2023.\r\n\r\n<strong>M\u00e9todos adequados de resolu\u00e7\u00e3o<\/strong>\r\nAutoridade nacional no tema da reforma tribut\u00e1ria, Eurico De Santi coordena o N\u00facleo de Estudos Fiscais da FGV Direito de S\u00e3o Paulo. Juntamente com as pesquisadoras integrantes do Projeto PAX TAX, o professor foi convidado para prestigiar o evento do SINPROFAZ, oportunidade em que abordou solu\u00e7\u00f5es alternativas de conflitos tribut\u00e1rios - na linha da tem\u00e1tica escolhida para o 20\u00ba Encontro dos PFNs. \"Gostaria de fazer um elogio \u00e0 Carreira, que venho acompanhando com muita admira\u00e7\u00e3o. A partir de autoridades como Tadeu Alencar e Fabr\u00edcio Da Soller, a PGFN se tornou um exemplo de escrit\u00f3rio p\u00fablico funcional e estrat\u00e9gico e uma verdadeira refer\u00eancia no processo de di\u00e1logo com o contribuinte\", afirmou De Santi ao dar in\u00edcio \u00e0 palestra.\r\n\r\nA exposi\u00e7\u00e3o foi seguida pelas falas das pesquisadoras do N\u00facleo de Estudos Fiscais - FGV Direito\/SP. Ao abordar a iniciativa do Projeto PAX TAX - Solu\u00e7\u00f5es Alternativas de Conflitos Tribut\u00e1rios, Gabriela Alario afirmou que \"com muito entusiasmo, observo o que a PGFN vem fazendo em termos de m\u00e9todos adequados. Minha admira\u00e7\u00e3o aumentou ao descobrir o caminho percorrido por voc\u00eas, que, h\u00e1 mais de dez anos, trouxeram a ideia de um m\u00e9todo complementar \u00e0 execu\u00e7\u00e3o para resolver disputas tribut\u00e1rias\". Igualmente entusiasta da PGFN, Andrea Navarro destacou que os meios adequados \"abrem caminhos para muitas possibilidades. De uma forma criativa, novas a\u00e7\u00f5es podem ser implementadas no campo tribut\u00e1rio para reduzir a litigiosidade no Brasil\".\r\n\r\n<strong>Encontro do SINPROFAZ em 2023<\/strong>\r\nAo agradecer a presen\u00e7a dos Colegas e palestrantes e declarar o encerramento do evento, Achilles Frias convidou a Carreira para o 21\u00ba Encontro Nacional dos Procuradores da Fazenda Nacional, a ser realizado no segundo semestre do ano que vem. De acordo com o presidente do Sindicato, as conversas para defini\u00e7\u00e3o de data e local j\u00e1 foram iniciadas pelo SINPROFAZ. \"Nossos Encontros s\u00f3 existem gra\u00e7as \u00e0 ades\u00e3o dos Colegas, cuja presen\u00e7a neste evento superou as expectativas da Diretoria. Acredito que, em 2023, poderemos realizar um Encontro com ainda mais presen\u00e7as. Depois de dois anos dif\u00edceis, de pandemia, espero que, em breve, estejamos todos juntos novamente. At\u00e9 o ano que vem, Colegas!\", despediu-se Achilles Frias.\r\n\r\n[gallery link=\"file\" ids=\"15412,15413,15414,15415,15416,15417,15418,15419,15420,15421,15422\"]","_links":{"self":[{"href":"https:\/\/sinprofaz.org.br\/2024\/wp-json\/wp\/v2\/posts\/15410"}],"collection":[{"href":"https:\/\/sinprofaz.org.br\/2024\/wp-json\/wp\/v2\/posts"}],"about":[{"href":"https:\/\/sinprofaz.org.br\/2024\/wp-json\/wp\/v2\/types\/post"}],"author":[{"embeddable":true,"href":"https:\/\/sinprofaz.org.br\/2024\/wp-json\/wp\/v2\/users\/2"}],"replies":[{"embeddable":true,"href":"https:\/\/sinprofaz.org.br\/2024\/wp-json\/wp\/v2\/comments?post=15410"}],"version-history":[{"count":3,"href":"https:\/\/sinprofaz.org.br\/2024\/wp-json\/wp\/v2\/posts\/15410\/revisions"}],"predecessor-version":[{"id":15431,"href":"https:\/\/sinprofaz.org.br\/2024\/wp-json\/wp\/v2\/posts\/15410\/revisions\/15431"}],"wp:featuredmedia":[{"embeddable":true,"href":"https:\/\/sinprofaz.org.br\/2024\/wp-json\/wp\/v2\/media\/15411"}],"wp:attachment":[{"href":"https:\/\/sinprofaz.org.br\/2024\/wp-json\/wp\/v2\/media?parent=15410"}],"wp:term":[{"taxonomy":"category","embeddable":true,"href":"https:\/\/sinprofaz.org.br\/2024\/wp-json\/wp\/v2\/categories?post=15410"},{"taxonomy":"post_tag","embeddable":true,"href":"https:\/\/sinprofaz.org.br\/2024\/wp-json\/wp\/v2\/tags?post=15410"}],"curies":[{"name":"wp","href":"https:\/\/api.w.org\/{rel}","templated":true}]}}