{"id":15405,"date":"2022-12-13T08:39:12","date_gmt":"2022-12-13T11:39:12","guid":{"rendered":"http:\/\/www.sinprofaz.org.br\/?p=15405"},"modified":"2022-12-14T14:37:24","modified_gmt":"2022-12-14T17:37:24","slug":"presidente-do-sinprofaz-e-agraciado-com-ordem-do-merito-da-agu","status":"publish","type":"post","link":"https:\/\/sinprofaz.org.br\/2024\/noticias\/presidente-do-sinprofaz-e-agraciado-com-ordem-do-merito-da-agu\/","title":{"rendered":"PRESIDENTE DO SINPROFAZ \u00c9 AGRACIADO COM ORDEM DO M\u00c9RITO DA AGU"},"content":{"rendered":"<p>O presidente do SINPROFAZ, Achilles Frias, foi agraciado ontem (12) com a medalha da Ordem do M\u00e9rito da Advocacia-Geral da Uni\u00e3o. A cerim\u00f4nia em Bras\u00edlia\/DF foi presidida pelo advogado-geral da Uni\u00e3o, Bruno Bianco, que dividiu a Mesa com os demais integrantes do Conselho da Ordem do M\u00e9rito.<\/p>\n<p><strong>Agraciados<\/strong><br \/>\nAl\u00e9m do presidente do SINPROFAZ, foram condecoradas as filiadas Ana Paula Bittencourt, Anelize Ruas, Cristina Luisa Hedler, Juliana Furtado e Luciana Miranda e os filiados Claudio Seefelder e Paulo Roberto Riscado.<\/p>\n<p>Criada pelo Decreto n\u00ba 8.625\/2015, a condecora\u00e7\u00e3o \u00e9 conferida a pessoas naturais, \u00f3rg\u00e3os e entidades da administra\u00e7\u00e3o p\u00fablica, institui\u00e7\u00f5es e organiza\u00e7\u00f5es militares que tenham prestado not\u00e1veis servi\u00e7os \u00e0 Advocacia-Geral da Uni\u00e3o, em \u00e2mbito nacional ou internacional.<\/p>\n\n\t\t<style type=\"text\/css\">\n\t\t\t#gallery-1 {\n\t\t\t\tmargin: auto;\n\t\t\t}\n\t\t\t#gallery-1 .gallery-item {\n\t\t\t\tfloat: left;\n\t\t\t\tmargin-top: 10px;\n\t\t\t\ttext-align: center;\n\t\t\t\twidth: 33%;\n\t\t\t}\n\t\t\t#gallery-1 img {\n\t\t\t\tborder: 2px solid #cfcfcf;\n\t\t\t}\n\t\t\t#gallery-1 .gallery-caption {\n\t\t\t\tmargin-left: 0;\n\t\t\t}\n\t\t\t\/* see gallery_shortcode() in wp-includes\/media.php *\/\n\t\t<\/style>\n\t\t<div id='gallery-1' class='gallery galleryid-15405 gallery-columns-3 gallery-size-thumbnail'><dl class='gallery-item'>\n\t\t\t<dt class='gallery-icon landscape'>\n\t\t\t\t<a href='https:\/\/sinprofaz.org.br\/2024\/wp-content\/uploads\/2022\/12\/ORDEM-DO-M\u00c9RITO-DA-AGU-2.jpg'><img loading=\"lazy\" decoding=\"async\" width=\"150\" height=\"150\" src=\"https:\/\/sinprofaz.org.br\/2024\/wp-content\/uploads\/2022\/12\/ORDEM-DO-M\u00c9RITO-DA-AGU-2-150x150.jpg\" class=\"attachment-thumbnail size-thumbnail\" alt=\"\" \/><\/a>\n\t\t\t<\/dt><\/dl>\n\t\t\t<br style='clear: both' \/>\n\t\t<\/div>\n\n","protected":false},"excerpt":{"rendered":"<p>O presidente do SINPROFAZ, Achilles Frias, foi agraciado com a medalha da Ordem do M\u00e9rito da AGU. A cerim\u00f4nia foi presidida pelo advogado-geral, Bruno Bianco, que dividiu a Mesa com os demais integrantes do Conselho da Ordem do M\u00e9rito.<\/p>\n","protected":false},"author":2,"featured_media":15406,"comment_status":"open","ping_status":"open","sticky":false,"template":"","format":"standard","meta":{"footnotes":""},"categories":[8],"tags":[],"featured_image_url":"https:\/\/sinprofaz.org.br\/2024\/wp-content\/uploads\/2022\/12\/ORDEM-DO-M\u00c9RITO-DA-AGU-1.jpg","character_count":584,"formatted_date":"13\/12\/2022 - 08:39","contentNovo":"O presidente do SINPROFAZ, Achilles Frias, foi agraciado ontem (12) com a medalha da Ordem do M\u00e9rito da Advocacia-Geral da Uni\u00e3o. A cerim\u00f4nia em Bras\u00edlia\/DF foi presidida pelo advogado-geral da Uni\u00e3o, Bruno Bianco, que dividiu a Mesa com os demais integrantes do Conselho da Ordem do M\u00e9rito.\r\n\r\n<strong>Agraciados<\/strong>\r\nAl\u00e9m do presidente do SINPROFAZ, foram condecoradas as filiadas Ana Paula Bittencourt, Anelize Ruas, Cristina Luisa Hedler, Juliana Furtado e Luciana Miranda e os filiados Claudio Seefelder e Paulo Roberto Riscado.\r\n\r\nCriada pelo Decreto n\u00ba 8.625\/2015, a condecora\u00e7\u00e3o \u00e9 conferida a pessoas naturais, \u00f3rg\u00e3os e entidades da administra\u00e7\u00e3o p\u00fablica, institui\u00e7\u00f5es e organiza\u00e7\u00f5es militares que tenham prestado not\u00e1veis servi\u00e7os \u00e0 Advocacia-Geral da Uni\u00e3o, em \u00e2mbito nacional ou internacional.\r\n\r\n[gallery link=\"file\" ids=\"15407\"]","_links":{"self":[{"href":"https:\/\/sinprofaz.org.br\/2024\/wp-json\/wp\/v2\/posts\/15405"}],"collection":[{"href":"https:\/\/sinprofaz.org.br\/2024\/wp-json\/wp\/v2\/posts"}],"about":[{"href":"https:\/\/sinprofaz.org.br\/2024\/wp-json\/wp\/v2\/types\/post"}],"author":[{"embeddable":true,"href":"https:\/\/sinprofaz.org.br\/2024\/wp-json\/wp\/v2\/users\/2"}],"replies":[{"embeddable":true,"href":"https:\/\/sinprofaz.org.br\/2024\/wp-json\/wp\/v2\/comments?post=15405"}],"version-history":[{"count":4,"href":"https:\/\/sinprofaz.org.br\/2024\/wp-json\/wp\/v2\/posts\/15405\/revisions"}],"predecessor-version":[{"id":15426,"href":"https:\/\/sinprofaz.org.br\/2024\/wp-json\/wp\/v2\/posts\/15405\/revisions\/15426"}],"wp:featuredmedia":[{"embeddable":true,"href":"https:\/\/sinprofaz.org.br\/2024\/wp-json\/wp\/v2\/media\/15406"}],"wp:attachment":[{"href":"https:\/\/sinprofaz.org.br\/2024\/wp-json\/wp\/v2\/media?parent=15405"}],"wp:term":[{"taxonomy":"category","embeddable":true,"href":"https:\/\/sinprofaz.org.br\/2024\/wp-json\/wp\/v2\/categories?post=15405"},{"taxonomy":"post_tag","embeddable":true,"href":"https:\/\/sinprofaz.org.br\/2024\/wp-json\/wp\/v2\/tags?post=15405"}],"curies":[{"name":"wp","href":"https:\/\/api.w.org\/{rel}","templated":true}]}}