{"id":15386,"date":"2022-12-12T08:21:44","date_gmt":"2022-12-12T11:21:44","guid":{"rendered":"http:\/\/www.sinprofaz.org.br\/?p=15386"},"modified":"2022-12-13T11:34:45","modified_gmt":"2022-12-13T14:34:45","slug":"segunda-noite-do-20o-encontro-tem-palestras-sobre-saude-mental-comunicacao-e-solucao-de-conflitos","status":"publish","type":"post","link":"https:\/\/sinprofaz.org.br\/2024\/noticias\/segunda-noite-do-20o-encontro-tem-palestras-sobre-saude-mental-comunicacao-e-solucao-de-conflitos\/","title":{"rendered":"SEGUNDA NOITE DO 20\u00ba ENCONTRO TEM PALESTRAS SOBRE SA\u00daDE MENTAL, COMUNICA\u00c7\u00c3O E SOLU\u00c7\u00c3O DE CONFLITOS"},"content":{"rendered":"<p>A segunda noite do 20\u00ba Encontro Nacional dos PFNs contou com palestras de autoridades e convidados queridos pela Carreira. A Mesa de Honra, presidida pela vice-presidente do Sindicato, Iolanda Guindani, foi composta pela diretora do SINPROFAZ Ana Cristina Rodrigues Guimar\u00e3es; pelo assessor-chefe da Assessoria Consultiva do TSE, ex-PGFN e ex-vice-AGU, Fabr\u00edcio Da Soller; pelo advogado-geral da Uni\u00e3o adjunto Claudio Seefelder; pelo representante do Grupo Jur\u00eddico do Sindicato Nacional das Distribuidoras de Combust\u00edveis e de Lubrificantes &#8211; SINDICOM, Jos\u00e9 Guilherme Fontes de Azevedo Costa; pela especialista em gest\u00e3o de reputa\u00e7\u00e3o e diretora-executiva da Oficina Consultoria, Liliane Pinheiro; e pelo psic\u00f3logo, coordenador do Projeto do SINPROFAZ de Sa\u00fade Mental e Qualidade de Vida na PFN, Cristiano Costa.<\/p>\n<p>Representantes da Administra\u00e7\u00e3o, Fabr\u00edcio Da Soller e Claudio Seefelder abordaram assuntos relacionados ao tema do 20\u00ba Encontro: &#8220;A PGFN e os Meios Alternativos de Solu\u00e7\u00e3o de Conflitos&#8221;. Ao apresentar um hist\u00f3rico da formula\u00e7\u00e3o, no \u00e2mbito da PFN, das ferramentas adequadas de solu\u00e7\u00e3o, Seefelder ressaltou que &#8220;conseguimos construir uma outra concep\u00e7\u00e3o de Advocacia P\u00fablica. Aliado a isso, desenvolvemos uma nova gest\u00e3o da d\u00edvida, que passou a olhar mais para a quest\u00e3o do respeito ao contribuinte&#8221;. Fabr\u00edcio Da Soller, por sua vez, aproveitou a ocasi\u00e3o do evento para agradecer aos Colegas que elegeram a Lista S\u00eaxtupla: &#8220;Encaro a elei\u00e7\u00e3o como um reconhecimento por parte da Carreira. \u00c9 importante demonstrarmos nosso apre\u00e7o por lideran\u00e7as, tanto na PGFN como na AGU, que conhe\u00e7am bem as duas institui\u00e7\u00f5es&#8221;.<\/p>\n<p>Patrocinador do evento, o SINDICOM foi representado por Jos\u00e9 Guilherme Fontes de Azevedo Costa, integrante do Grupo Jur\u00eddico da institui\u00e7\u00e3o e diretor jur\u00eddico, tribut\u00e1rio e corporativo da empresa VIBRA. Al\u00e9m de apresentar o Sindicato \u00e0 Carreira, Jos\u00e9 Guilherme Fontes abordou interesses comuns da entidade e da PGFN. De acordo com o palestrante, &#8220;muitas vezes as senhoras e os senhores t\u00eam demandas que envolvem quest\u00f5es do mercado de combust\u00edveis. Podemos, sempre de modo muito republicano, trabalharmos juntos, para que o SINDICOM possa realmente ajud\u00e1-los&#8221;. Conforme explicou Jos\u00e9 Guilherme Fontes, ao longo dos 80 anos de hist\u00f3ria, o Sindicato Nacional das Distribuidoras de Combust\u00edveis e de Lubrificantes se destacou por apresentar atua\u00e7\u00e3o consistente em apoio \u00e0 neutralidade fiscal e em combate \u00e0 sonega\u00e7\u00e3o.<\/p>\n<p><strong>Pain\u00e9is especiais<\/strong><br \/>\nIolanda Guindani abordou o tema da sa\u00fade mental. De acordo com a vice-presidente do SINPROFAZ, &#8220;muitas vezes colocamos nosso trabalho no centro de nossas vidas e deixamos de lado pilares que s\u00e3o t\u00e3o importantes quanto. Na PGFN, antes mesmo da pandemia, percebemos que era preciso cuidar melhor de n\u00f3s mesmos e dos nossos Colegas&#8221;. O tema tamb\u00e9m norteou a exposi\u00e7\u00e3o de Cristiano Costa. Ao p\u00fablico do 20\u00ba Encontro, o psic\u00f3logo apresentou um panorama do Projeto de Sa\u00fade Mental, abordando os eixos que sustentam as diversas iniciativas e detalhando as a\u00e7\u00f5es j\u00e1 implementadas. Ao comentar a import\u00e2ncia das unidades do Subsistema Integrado de Aten\u00e7\u00e3o \u00e0 Sa\u00fade do Servidor (SIASS), Costa ressaltou que &#8220;\u00e9 fundamental, em uma grande institui\u00e7\u00e3o como a PGFN, que tenhamos uma equipe focada na sa\u00fade das pessoas&#8221;.<\/p>\n<p>O desafio das carreiras do servi\u00e7o p\u00fablico de se conectarem a pautas importantes para a sociedade foi apresentado na palestra de Liliane Pinheiro. Especialista em gest\u00e3o de reputa\u00e7\u00e3o, a jornalista destacou a evolu\u00e7\u00e3o da identidade e da imagem do Sindicato: &#8220;O SINPROFAZ \u00e9 hoje uma entidade muito forte. Ouso dizer que, em termos de representa\u00e7\u00e3o institucional, maturidade e articula\u00e7\u00e3o, \u00e9 uma das mais importantes entidades de operadores do direito&#8221;. Diretora de Comunica\u00e7\u00e3o Social do Sindicato, Ana Cristina Rodrigues Guimar\u00e3es ressaltou a necessidade de se promover a visibilidade da Carreira junto aos p\u00fablicos de interesse dos PFNs. Para a dirigente sindical, tal visibilidade se relaciona \u00e0 ideia que a sociedade possui sobre a PGFN. &#8220;Se pensarmos na mentalidade coletiva a respeito dos tributos, percebemos que, hoje, essa mentalidade \u00e9 negativa, mas nem sempre foi assim&#8221;, exemplificou.<\/p>\n\n\t\t<style type=\"text\/css\">\n\t\t\t#gallery-1 {\n\t\t\t\tmargin: auto;\n\t\t\t}\n\t\t\t#gallery-1 .gallery-item {\n\t\t\t\tfloat: left;\n\t\t\t\tmargin-top: 10px;\n\t\t\t\ttext-align: center;\n\t\t\t\twidth: 33%;\n\t\t\t}\n\t\t\t#gallery-1 img {\n\t\t\t\tborder: 2px solid #cfcfcf;\n\t\t\t}\n\t\t\t#gallery-1 .gallery-caption {\n\t\t\t\tmargin-left: 0;\n\t\t\t}\n\t\t\t\/* see gallery_shortcode() in wp-includes\/media.php *\/\n\t\t<\/style>\n\t\t<div id='gallery-1' class='gallery galleryid-15386 gallery-columns-3 gallery-size-thumbnail'><dl class='gallery-item'>\n\t\t\t<dt class='gallery-icon landscape'>\n\t\t\t\t<a href='https:\/\/sinprofaz.org.br\/2024\/wp-content\/uploads\/2022\/12\/encontro-2.jpg'><img loading=\"lazy\" decoding=\"async\" width=\"150\" height=\"150\" src=\"https:\/\/sinprofaz.org.br\/2024\/wp-content\/uploads\/2022\/12\/encontro-2-150x150.jpg\" class=\"attachment-thumbnail size-thumbnail\" alt=\"\" aria-describedby=\"gallery-1-15388\" \/><\/a>\n\t\t\t<\/dt>\n\t\t\t\t<dd class='wp-caption-text gallery-caption' id='gallery-1-15388'>\n\t\t\t\tIolanda Guindani\n\t\t\t\t<\/dd><\/dl><dl class='gallery-item'>\n\t\t\t<dt class='gallery-icon landscape'>\n\t\t\t\t<a href='https:\/\/sinprofaz.org.br\/2024\/wp-content\/uploads\/2022\/12\/encontro-3.jpg'><img loading=\"lazy\" decoding=\"async\" width=\"150\" height=\"150\" src=\"https:\/\/sinprofaz.org.br\/2024\/wp-content\/uploads\/2022\/12\/encontro-3-150x150.jpg\" class=\"attachment-thumbnail size-thumbnail\" alt=\"\" aria-describedby=\"gallery-1-15389\" \/><\/a>\n\t\t\t<\/dt>\n\t\t\t\t<dd class='wp-caption-text gallery-caption' id='gallery-1-15389'>\n\t\t\t\tFabr\u00edcio Da Soller\n\t\t\t\t<\/dd><\/dl><dl class='gallery-item'>\n\t\t\t<dt class='gallery-icon landscape'>\n\t\t\t\t<a href='https:\/\/sinprofaz.org.br\/2024\/wp-content\/uploads\/2022\/12\/encontro-4.jpg'><img loading=\"lazy\" decoding=\"async\" width=\"150\" height=\"150\" src=\"https:\/\/sinprofaz.org.br\/2024\/wp-content\/uploads\/2022\/12\/encontro-4-150x150.jpg\" class=\"attachment-thumbnail size-thumbnail\" alt=\"\" aria-describedby=\"gallery-1-15390\" \/><\/a>\n\t\t\t<\/dt>\n\t\t\t\t<dd class='wp-caption-text gallery-caption' id='gallery-1-15390'>\n\t\t\t\tClaudio Seefelder\n\t\t\t\t<\/dd><\/dl><br style=\"clear: both\" \/><dl class='gallery-item'>\n\t\t\t<dt class='gallery-icon landscape'>\n\t\t\t\t<a href='https:\/\/sinprofaz.org.br\/2024\/wp-content\/uploads\/2022\/12\/encontro-5.jpg'><img loading=\"lazy\" decoding=\"async\" width=\"150\" height=\"150\" src=\"https:\/\/sinprofaz.org.br\/2024\/wp-content\/uploads\/2022\/12\/encontro-5-150x150.jpg\" class=\"attachment-thumbnail size-thumbnail\" alt=\"\" aria-describedby=\"gallery-1-15391\" \/><\/a>\n\t\t\t<\/dt>\n\t\t\t\t<dd class='wp-caption-text gallery-caption' id='gallery-1-15391'>\n\t\t\t\tJos\u00e9 Guilherme Fontes\n\t\t\t\t<\/dd><\/dl><dl class='gallery-item'>\n\t\t\t<dt class='gallery-icon landscape'>\n\t\t\t\t<a href='https:\/\/sinprofaz.org.br\/2024\/wp-content\/uploads\/2022\/12\/encontro-6.jpg'><img loading=\"lazy\" decoding=\"async\" width=\"150\" height=\"150\" src=\"https:\/\/sinprofaz.org.br\/2024\/wp-content\/uploads\/2022\/12\/encontro-6-150x150.jpg\" class=\"attachment-thumbnail size-thumbnail\" alt=\"\" aria-describedby=\"gallery-1-15392\" \/><\/a>\n\t\t\t<\/dt>\n\t\t\t\t<dd class='wp-caption-text gallery-caption' id='gallery-1-15392'>\n\t\t\t\tLiliane Pinheiro\n\t\t\t\t<\/dd><\/dl><dl class='gallery-item'>\n\t\t\t<dt class='gallery-icon landscape'>\n\t\t\t\t<a href='https:\/\/sinprofaz.org.br\/2024\/wp-content\/uploads\/2022\/12\/encontro-7.jpg'><img loading=\"lazy\" decoding=\"async\" width=\"150\" height=\"150\" src=\"https:\/\/sinprofaz.org.br\/2024\/wp-content\/uploads\/2022\/12\/encontro-7-150x150.jpg\" class=\"attachment-thumbnail size-thumbnail\" alt=\"\" aria-describedby=\"gallery-1-15393\" \/><\/a>\n\t\t\t<\/dt>\n\t\t\t\t<dd class='wp-caption-text gallery-caption' id='gallery-1-15393'>\n\t\t\t\tCristiano Costa\n\t\t\t\t<\/dd><\/dl><br style=\"clear: both\" \/><dl class='gallery-item'>\n\t\t\t<dt class='gallery-icon landscape'>\n\t\t\t\t<a href='https:\/\/sinprofaz.org.br\/2024\/wp-content\/uploads\/2022\/12\/encontro-8.jpg'><img loading=\"lazy\" decoding=\"async\" width=\"150\" height=\"150\" src=\"https:\/\/sinprofaz.org.br\/2024\/wp-content\/uploads\/2022\/12\/encontro-8-150x150.jpg\" class=\"attachment-thumbnail size-thumbnail\" alt=\"\" aria-describedby=\"gallery-1-15394\" \/><\/a>\n\t\t\t<\/dt>\n\t\t\t\t<dd class='wp-caption-text gallery-caption' id='gallery-1-15394'>\n\t\t\t\tAna Cristina Rodrigues Guimar\u00e3es\n\t\t\t\t<\/dd><\/dl><dl class='gallery-item'>\n\t\t\t<dt class='gallery-icon landscape'>\n\t\t\t\t<a href='https:\/\/sinprofaz.org.br\/2024\/wp-content\/uploads\/2022\/12\/encontro-9.jpg'><img loading=\"lazy\" decoding=\"async\" width=\"150\" height=\"150\" src=\"https:\/\/sinprofaz.org.br\/2024\/wp-content\/uploads\/2022\/12\/encontro-9-150x150.jpg\" class=\"attachment-thumbnail size-thumbnail\" alt=\"\" aria-describedby=\"gallery-1-15395\" \/><\/a>\n\t\t\t<\/dt>\n\t\t\t\t<dd class='wp-caption-text gallery-caption' id='gallery-1-15395'>\n\t\t\t\tIolanda Guindani e Fabr\u00edcio Da Soller\n\t\t\t\t<\/dd><\/dl><dl class='gallery-item'>\n\t\t\t<dt class='gallery-icon landscape'>\n\t\t\t\t<a href='https:\/\/sinprofaz.org.br\/2024\/wp-content\/uploads\/2022\/12\/encontro-10.jpg'><img loading=\"lazy\" decoding=\"async\" width=\"150\" height=\"150\" src=\"https:\/\/sinprofaz.org.br\/2024\/wp-content\/uploads\/2022\/12\/encontro-10-150x150.jpg\" class=\"attachment-thumbnail size-thumbnail\" alt=\"\" aria-describedby=\"gallery-1-15396\" \/><\/a>\n\t\t\t<\/dt>\n\t\t\t\t<dd class='wp-caption-text gallery-caption' id='gallery-1-15396'>\n\t\t\t\tClaudio Seefelder e Luciane de Abreu\n\t\t\t\t<\/dd><\/dl><br style=\"clear: both\" \/><dl class='gallery-item'>\n\t\t\t<dt class='gallery-icon landscape'>\n\t\t\t\t<a href='https:\/\/sinprofaz.org.br\/2024\/wp-content\/uploads\/2022\/12\/encontro-11.jpg'><img loading=\"lazy\" decoding=\"async\" width=\"150\" height=\"150\" src=\"https:\/\/sinprofaz.org.br\/2024\/wp-content\/uploads\/2022\/12\/encontro-11-150x150.jpg\" class=\"attachment-thumbnail size-thumbnail\" alt=\"\" aria-describedby=\"gallery-1-15397\" \/><\/a>\n\t\t\t<\/dt>\n\t\t\t\t<dd class='wp-caption-text gallery-caption' id='gallery-1-15397'>\n\t\t\t\tJos\u00e9 Guilherme Fontes e Ju\u00e7ara Valadares\n\t\t\t\t<\/dd><\/dl><dl class='gallery-item'>\n\t\t\t<dt class='gallery-icon landscape'>\n\t\t\t\t<a href='https:\/\/sinprofaz.org.br\/2024\/wp-content\/uploads\/2022\/12\/encontro-12.jpg'><img loading=\"lazy\" decoding=\"async\" width=\"150\" height=\"150\" src=\"https:\/\/sinprofaz.org.br\/2024\/wp-content\/uploads\/2022\/12\/encontro-12-150x150.jpg\" class=\"attachment-thumbnail size-thumbnail\" alt=\"\" aria-describedby=\"gallery-1-15398\" \/><\/a>\n\t\t\t<\/dt>\n\t\t\t\t<dd class='wp-caption-text gallery-caption' id='gallery-1-15398'>\n\t\t\t\tLiliane Pinheiro e Ana Cristina Rodrigues Guimar\u00e3es\n\t\t\t\t<\/dd><\/dl><dl class='gallery-item'>\n\t\t\t<dt class='gallery-icon landscape'>\n\t\t\t\t<a href='https:\/\/sinprofaz.org.br\/2024\/wp-content\/uploads\/2022\/12\/encontro-13.jpg'><img loading=\"lazy\" decoding=\"async\" width=\"150\" height=\"150\" src=\"https:\/\/sinprofaz.org.br\/2024\/wp-content\/uploads\/2022\/12\/encontro-13-150x150.jpg\" class=\"attachment-thumbnail size-thumbnail\" alt=\"\" aria-describedby=\"gallery-1-15399\" \/><\/a>\n\t\t\t<\/dt>\n\t\t\t\t<dd class='wp-caption-text gallery-caption' id='gallery-1-15399'>\n\t\t\t\tCristiano Costa e S\u00e9rgio Carneiro\n\t\t\t\t<\/dd><\/dl><br style=\"clear: both\" \/>\n\t\t<\/div>\n\n","protected":false},"excerpt":{"rendered":"<p>A segunda noite do 20\u00ba Encontro Nacional dos PFNs contou com palestras de autoridades e convidados queridos pela Carreira. A Mesa foi presidida pela vice-presidente do Sindicato, Iolanda Guindani.<\/p>\n","protected":false},"author":2,"featured_media":15387,"comment_status":"open","ping_status":"open","sticky":false,"template":"","format":"standard","meta":{"footnotes":""},"categories":[8],"tags":[32,62,25],"featured_image_url":"https:\/\/sinprofaz.org.br\/2024\/wp-content\/uploads\/2022\/12\/encontro-1.jpg","character_count":2688,"formatted_date":"12\/12\/2022 - 08:21","contentNovo":"A segunda noite do 20\u00ba Encontro Nacional dos PFNs contou com palestras de autoridades e convidados queridos pela Carreira. A Mesa de Honra, presidida pela vice-presidente do Sindicato, Iolanda Guindani, foi composta pela diretora do SINPROFAZ Ana Cristina Rodrigues Guimar\u00e3es; pelo assessor-chefe da Assessoria Consultiva do TSE, ex-PGFN e ex-vice-AGU, Fabr\u00edcio Da Soller; pelo advogado-geral da Uni\u00e3o adjunto Claudio Seefelder; pelo representante do Grupo Jur\u00eddico do Sindicato Nacional das Distribuidoras de Combust\u00edveis e de Lubrificantes - SINDICOM, Jos\u00e9 Guilherme Fontes de Azevedo Costa; pela especialista em gest\u00e3o de reputa\u00e7\u00e3o e diretora-executiva da Oficina Consultoria, Liliane Pinheiro; e pelo psic\u00f3logo, coordenador do Projeto do SINPROFAZ de Sa\u00fade Mental e Qualidade de Vida na PFN, Cristiano Costa.\r\n\r\nRepresentantes da Administra\u00e7\u00e3o, Fabr\u00edcio Da Soller e Claudio Seefelder abordaram assuntos relacionados ao tema do 20\u00ba Encontro: \"A PGFN e os Meios Alternativos de Solu\u00e7\u00e3o de Conflitos\". Ao apresentar um hist\u00f3rico da formula\u00e7\u00e3o, no \u00e2mbito da PFN, das ferramentas adequadas de solu\u00e7\u00e3o, Seefelder ressaltou que \"conseguimos construir uma outra concep\u00e7\u00e3o de Advocacia P\u00fablica. Aliado a isso, desenvolvemos uma nova gest\u00e3o da d\u00edvida, que passou a olhar mais para a quest\u00e3o do respeito ao contribuinte\". Fabr\u00edcio Da Soller, por sua vez, aproveitou a ocasi\u00e3o do evento para agradecer aos Colegas que elegeram a Lista S\u00eaxtupla: \"Encaro a elei\u00e7\u00e3o como um reconhecimento por parte da Carreira. \u00c9 importante demonstrarmos nosso apre\u00e7o por lideran\u00e7as, tanto na PGFN como na AGU, que conhe\u00e7am bem as duas institui\u00e7\u00f5es\".\r\n\r\nPatrocinador do evento, o SINDICOM foi representado por Jos\u00e9 Guilherme Fontes de Azevedo Costa, integrante do Grupo Jur\u00eddico da institui\u00e7\u00e3o e diretor jur\u00eddico, tribut\u00e1rio e corporativo da empresa VIBRA. Al\u00e9m de apresentar o Sindicato \u00e0 Carreira, Jos\u00e9 Guilherme Fontes abordou interesses comuns da entidade e da PGFN. De acordo com o palestrante, \"muitas vezes as senhoras e os senhores t\u00eam demandas que envolvem quest\u00f5es do mercado de combust\u00edveis. Podemos, sempre de modo muito republicano, trabalharmos juntos, para que o SINDICOM possa realmente ajud\u00e1-los\". Conforme explicou Jos\u00e9 Guilherme Fontes, ao longo dos 80 anos de hist\u00f3ria, o Sindicato Nacional das Distribuidoras de Combust\u00edveis e de Lubrificantes se destacou por apresentar atua\u00e7\u00e3o consistente em apoio \u00e0 neutralidade fiscal e em combate \u00e0 sonega\u00e7\u00e3o.\r\n\r\n<strong>Pain\u00e9is especiais<\/strong>\r\nIolanda Guindani abordou o tema da sa\u00fade mental. De acordo com a vice-presidente do SINPROFAZ, \"muitas vezes colocamos nosso trabalho no centro de nossas vidas e deixamos de lado pilares que s\u00e3o t\u00e3o importantes quanto. Na PGFN, antes mesmo da pandemia, percebemos que era preciso cuidar melhor de n\u00f3s mesmos e dos nossos Colegas\". O tema tamb\u00e9m norteou a exposi\u00e7\u00e3o de Cristiano Costa. Ao p\u00fablico do 20\u00ba Encontro, o psic\u00f3logo apresentou um panorama do Projeto de Sa\u00fade Mental, abordando os eixos que sustentam as diversas iniciativas e detalhando as a\u00e7\u00f5es j\u00e1 implementadas. Ao comentar a import\u00e2ncia das unidades do Subsistema Integrado de Aten\u00e7\u00e3o \u00e0 Sa\u00fade do Servidor (SIASS), Costa ressaltou que \"\u00e9 fundamental, em uma grande institui\u00e7\u00e3o como a PGFN, que tenhamos uma equipe focada na sa\u00fade das pessoas\".\r\n\r\nO desafio das carreiras do servi\u00e7o p\u00fablico de se conectarem a pautas importantes para a sociedade foi apresentado na palestra de Liliane Pinheiro. Especialista em gest\u00e3o de reputa\u00e7\u00e3o, a jornalista destacou a evolu\u00e7\u00e3o da identidade e da imagem do Sindicato: \"O SINPROFAZ \u00e9 hoje uma entidade muito forte. Ouso dizer que, em termos de representa\u00e7\u00e3o institucional, maturidade e articula\u00e7\u00e3o, \u00e9 uma das mais importantes entidades de operadores do direito\". Diretora de Comunica\u00e7\u00e3o Social do Sindicato, Ana Cristina Rodrigues Guimar\u00e3es ressaltou a necessidade de se promover a visibilidade da Carreira junto aos p\u00fablicos de interesse dos PFNs. Para a dirigente sindical, tal visibilidade se relaciona \u00e0 ideia que a sociedade possui sobre a PGFN. \"Se pensarmos na mentalidade coletiva a respeito dos tributos, percebemos que, hoje, essa mentalidade \u00e9 negativa, mas nem sempre foi assim\", exemplificou.\r\n\r\n[gallery link=\"file\" ids=\"15388,15389,15390,15391,15392,15393,15394,15395,15396,15397,15398,15399\"]","_links":{"self":[{"href":"https:\/\/sinprofaz.org.br\/2024\/wp-json\/wp\/v2\/posts\/15386"}],"collection":[{"href":"https:\/\/sinprofaz.org.br\/2024\/wp-json\/wp\/v2\/posts"}],"about":[{"href":"https:\/\/sinprofaz.org.br\/2024\/wp-json\/wp\/v2\/types\/post"}],"author":[{"embeddable":true,"href":"https:\/\/sinprofaz.org.br\/2024\/wp-json\/wp\/v2\/users\/2"}],"replies":[{"embeddable":true,"href":"https:\/\/sinprofaz.org.br\/2024\/wp-json\/wp\/v2\/comments?post=15386"}],"version-history":[{"count":3,"href":"https:\/\/sinprofaz.org.br\/2024\/wp-json\/wp\/v2\/posts\/15386\/revisions"}],"predecessor-version":[{"id":15409,"href":"https:\/\/sinprofaz.org.br\/2024\/wp-json\/wp\/v2\/posts\/15386\/revisions\/15409"}],"wp:featuredmedia":[{"embeddable":true,"href":"https:\/\/sinprofaz.org.br\/2024\/wp-json\/wp\/v2\/media\/15387"}],"wp:attachment":[{"href":"https:\/\/sinprofaz.org.br\/2024\/wp-json\/wp\/v2\/media?parent=15386"}],"wp:term":[{"taxonomy":"category","embeddable":true,"href":"https:\/\/sinprofaz.org.br\/2024\/wp-json\/wp\/v2\/categories?post=15386"},{"taxonomy":"post_tag","embeddable":true,"href":"https:\/\/sinprofaz.org.br\/2024\/wp-json\/wp\/v2\/tags?post=15386"}],"curies":[{"name":"wp","href":"https:\/\/api.w.org\/{rel}","templated":true}]}}