{"id":15357,"date":"2022-12-02T08:24:39","date_gmt":"2022-12-02T11:24:39","guid":{"rendered":"http:\/\/www.sinprofaz.org.br\/?p=15357"},"modified":"2022-12-05T11:22:23","modified_gmt":"2022-12-05T14:22:23","slug":"filiada-apresenta-palestra-em-edicao-do-tedx-promovida-pela-esmpu","status":"publish","type":"post","link":"https:\/\/sinprofaz.org.br\/2024\/noticias\/filiada-apresenta-palestra-em-edicao-do-tedx-promovida-pela-esmpu\/","title":{"rendered":"FILIADA APRESENTA PALESTRA EM EDI\u00c7\u00c3O DO TEDX PROMOVIDA PELA ESMPU"},"content":{"rendered":"<p>A filiada Herta Rani Teles Santos foi uma das palestrantes da edi\u00e7\u00e3o do TEDx promovida em 23 de novembro pela Escola Superior do Minist\u00e9rio P\u00fablico da Uni\u00e3o &#8211; ESMPU. Na oportunidade do evento, a procuradora da Fazenda Nacional abordou o tema da aus\u00eancia feminina em espa\u00e7os de poder, como cargos pol\u00edticos, postos da Administra\u00e7\u00e3o, cadeiras da doc\u00eancia universit\u00e1ria e at\u00e9 mesmo na literatura. De acordo com a filiada, o cen\u00e1rio \u00e9 parecido em todo o mundo e s\u00f3 mudar\u00e1 a partir da conscientiza\u00e7\u00e3o e do trabalho coletivo &#8211; de mulheres e homens &#8211; por maior representatividade e protagonismo feminino.<\/p>\n<p>&#8220;A aus\u00eancia das mulheres \u00e9 resultado de m\u00faltiplos fatores. S\u00e3o obst\u00e1culos que passam pela viol\u00eancia dom\u00e9stica, pelos &#8216;tetos de vidro&#8217; que as impedem de al\u00e7ar voos, pelo inconsciente coletivo e pela constru\u00e7\u00e3o sociol\u00f3gica de s\u00e9culos que nos faz acreditar que o lugar da mulher \u00e9 dentro de casa, cuidando das crian\u00e7as. Essa divis\u00e3o sexual do trabalho nos revela alguns dados: 75% do trabalho de cuidado &#8211; n\u00e3o remunerado &#8211; no mundo \u00e9 realizado por meninas e mulheres, equivale a 12 milh\u00f5es de horas por dia e, se fosse computado para a economia, valeria 10 milh\u00f5es de d\u00f3lares por ano&#8221;, destacou a PFN em trecho da palestra.<\/p>\n<p><strong>Sobre o TEDxESMPU<\/strong><br \/>\nCom o tema &#8220;De volta para o futuro&#8221;, a s\u00e9rie de palestras prop\u00f4s a dissemina\u00e7\u00e3o de ideias inspiradoras capazes de motivar reflex\u00f5es, transformar realidades e construir futuros desej\u00e1veis, diversos e integrados a uma sociedade mais justa e solid\u00e1ria. Tendo em vista o p\u00fablico interno, o evento tamb\u00e9m teve como intuito contribuir para o amadurecimento da vis\u00e3o cr\u00edtica da comunidade acad\u00eamica da ESMPU e do ecossistema do Minist\u00e9rio P\u00fablico brasileiro, estimulando possibilidades de reflex\u00e3o e mudan\u00e7as de pensamento.<\/p>\n<p><strong>Sobre o TEDx<\/strong><br \/>\nSigla que remete \u00e0s palavras <em>Technology, Entertainment<\/em> <em>e<\/em> <em>Design<\/em>, TED \u00e9 uma organiza\u00e7\u00e3o sem fins lucrativos que objetiva disseminar ideias de impacto por meio de <em>talks<\/em> &#8211; &#8220;conversas&#8221;, em portugu\u00eas. O modelo de palestras curtas de at\u00e9 18 minutos nasceu em 1984, na Calif\u00f3rnia (EUA), e tornou-se conhecido mundialmente. TEDx, por sua vez, se refere ao programa que auxilia volunt\u00e1rios a organizarem a pr\u00f3pria s\u00e9rie de palestras no modelo de confer\u00eancia TED, com conte\u00fados capazes de inspirar pessoas de forma regional.<\/p>\n<p>Assista \u00e0 palestra de Herta Rani em: <a href=\"https:\/\/drive.google.com\/file\/d\/1mmnv8tgBYnk6S9GofzXwpggAlDbMUa3Z\/view\">drive.google.com\/file\/d\/1mmnv8tgBYnk6S9GofzXwpggAlDbMUa3Z\/view?usp=sharing<\/a><\/p>\n\n\t\t<style type=\"text\/css\">\n\t\t\t#gallery-1 {\n\t\t\t\tmargin: auto;\n\t\t\t}\n\t\t\t#gallery-1 .gallery-item {\n\t\t\t\tfloat: left;\n\t\t\t\tmargin-top: 10px;\n\t\t\t\ttext-align: center;\n\t\t\t\twidth: 33%;\n\t\t\t}\n\t\t\t#gallery-1 img {\n\t\t\t\tborder: 2px solid #cfcfcf;\n\t\t\t}\n\t\t\t#gallery-1 .gallery-caption {\n\t\t\t\tmargin-left: 0;\n\t\t\t}\n\t\t\t\/* see gallery_shortcode() in wp-includes\/media.php *\/\n\t\t<\/style>\n\t\t<div id='gallery-1' class='gallery galleryid-15357 gallery-columns-3 gallery-size-thumbnail'><dl class='gallery-item'>\n\t\t\t<dt class='gallery-icon landscape'>\n\t\t\t\t<a href='https:\/\/sinprofaz.org.br\/2024\/wp-content\/uploads\/2022\/12\/tedx-2.jpg'><img loading=\"lazy\" decoding=\"async\" width=\"150\" height=\"150\" src=\"https:\/\/sinprofaz.org.br\/2024\/wp-content\/uploads\/2022\/12\/tedx-2-150x150.jpg\" class=\"attachment-thumbnail size-thumbnail\" alt=\"\" \/><\/a>\n\t\t\t<\/dt><\/dl><dl class='gallery-item'>\n\t\t\t<dt class='gallery-icon landscape'>\n\t\t\t\t<a href='https:\/\/sinprofaz.org.br\/2024\/wp-content\/uploads\/2022\/12\/tedx-3.jpg'><img loading=\"lazy\" decoding=\"async\" width=\"150\" height=\"150\" src=\"https:\/\/sinprofaz.org.br\/2024\/wp-content\/uploads\/2022\/12\/tedx-3-150x150.jpg\" class=\"attachment-thumbnail size-thumbnail\" alt=\"\" \/><\/a>\n\t\t\t<\/dt><\/dl>\n\t\t\t<br style='clear: both' \/>\n\t\t<\/div>\n\n","protected":false},"excerpt":{"rendered":"<p>Herta Rani Teles Santos foi uma das palestrantes da edi\u00e7\u00e3o do TEDx promovida pela Escola Superior do Minist\u00e9rio P\u00fablico da Uni\u00e3o. Na oportunidade do evento, a procuradora da Fazenda Nacional abordou o tema da aus\u00eancia feminina em espa\u00e7os de poder. Confira!<\/p>\n","protected":false},"author":2,"featured_media":15358,"comment_status":"open","ping_status":"open","sticky":false,"template":"","format":"standard","meta":{"footnotes":""},"categories":[8],"tags":[32,25],"featured_image_url":"https:\/\/sinprofaz.org.br\/2024\/wp-content\/uploads\/2022\/12\/tedx-1.jpg","character_count":1458,"formatted_date":"02\/12\/2022 - 08:24","contentNovo":"A filiada Herta Rani Teles Santos foi uma das palestrantes da edi\u00e7\u00e3o do TEDx promovida em 23 de novembro pela Escola Superior do Minist\u00e9rio P\u00fablico da Uni\u00e3o - ESMPU. Na oportunidade do evento, a procuradora da Fazenda Nacional abordou o tema da aus\u00eancia feminina em espa\u00e7os de poder, como cargos pol\u00edticos, postos da Administra\u00e7\u00e3o, cadeiras da doc\u00eancia universit\u00e1ria e at\u00e9 mesmo na literatura. De acordo com a filiada, o cen\u00e1rio \u00e9 parecido em todo o mundo e s\u00f3 mudar\u00e1 a partir da conscientiza\u00e7\u00e3o e do trabalho coletivo - de mulheres e homens - por maior representatividade e protagonismo feminino.\r\n\r\n\"A aus\u00eancia das mulheres \u00e9 resultado de m\u00faltiplos fatores. S\u00e3o obst\u00e1culos que passam pela viol\u00eancia dom\u00e9stica, pelos 'tetos de vidro' que as impedem de al\u00e7ar voos, pelo inconsciente coletivo e pela constru\u00e7\u00e3o sociol\u00f3gica de s\u00e9culos que nos faz acreditar que o lugar da mulher \u00e9 dentro de casa, cuidando das crian\u00e7as. Essa divis\u00e3o sexual do trabalho nos revela alguns dados: 75% do trabalho de cuidado - n\u00e3o remunerado - no mundo \u00e9 realizado por meninas e mulheres, equivale a 12 milh\u00f5es de horas por dia e, se fosse computado para a economia, valeria 10 milh\u00f5es de d\u00f3lares por ano\", destacou a PFN em trecho da palestra.\r\n\r\n<strong>Sobre o TEDxESMPU<\/strong>\r\nCom o tema \"De volta para o futuro\", a s\u00e9rie de palestras prop\u00f4s a dissemina\u00e7\u00e3o de ideias inspiradoras capazes de motivar reflex\u00f5es, transformar realidades e construir futuros desej\u00e1veis, diversos e integrados a uma sociedade mais justa e solid\u00e1ria. Tendo em vista o p\u00fablico interno, o evento tamb\u00e9m teve como intuito contribuir para o amadurecimento da vis\u00e3o cr\u00edtica da comunidade acad\u00eamica da ESMPU e do ecossistema do Minist\u00e9rio P\u00fablico brasileiro, estimulando possibilidades de reflex\u00e3o e mudan\u00e7as de pensamento.\r\n\r\n<strong>Sobre o TEDx<\/strong>\r\nSigla que remete \u00e0s palavras <em>Technology, Entertainment<\/em> <em>e<\/em> <em>Design<\/em>, TED \u00e9 uma organiza\u00e7\u00e3o sem fins lucrativos que objetiva disseminar ideias de impacto por meio de <em>talks<\/em> - \"conversas\", em portugu\u00eas. O modelo de palestras curtas de at\u00e9 18 minutos nasceu em 1984, na Calif\u00f3rnia (EUA), e tornou-se conhecido mundialmente. TEDx, por sua vez, se refere ao programa que auxilia volunt\u00e1rios a organizarem a pr\u00f3pria s\u00e9rie de palestras no modelo de confer\u00eancia TED, com conte\u00fados capazes de inspirar pessoas de forma regional.\r\n\r\nAssista \u00e0 palestra de Herta Rani em: <a href=\"https:\/\/drive.google.com\/file\/d\/1mmnv8tgBYnk6S9GofzXwpggAlDbMUa3Z\/view\">drive.google.com\/file\/d\/1mmnv8tgBYnk6S9GofzXwpggAlDbMUa3Z\/view?usp=sharing<\/a>\r\n\r\n[gallery link=\"file\" ids=\"15359,15360\"]","_links":{"self":[{"href":"https:\/\/sinprofaz.org.br\/2024\/wp-json\/wp\/v2\/posts\/15357"}],"collection":[{"href":"https:\/\/sinprofaz.org.br\/2024\/wp-json\/wp\/v2\/posts"}],"about":[{"href":"https:\/\/sinprofaz.org.br\/2024\/wp-json\/wp\/v2\/types\/post"}],"author":[{"embeddable":true,"href":"https:\/\/sinprofaz.org.br\/2024\/wp-json\/wp\/v2\/users\/2"}],"replies":[{"embeddable":true,"href":"https:\/\/sinprofaz.org.br\/2024\/wp-json\/wp\/v2\/comments?post=15357"}],"version-history":[{"count":3,"href":"https:\/\/sinprofaz.org.br\/2024\/wp-json\/wp\/v2\/posts\/15357\/revisions"}],"predecessor-version":[{"id":15369,"href":"https:\/\/sinprofaz.org.br\/2024\/wp-json\/wp\/v2\/posts\/15357\/revisions\/15369"}],"wp:featuredmedia":[{"embeddable":true,"href":"https:\/\/sinprofaz.org.br\/2024\/wp-json\/wp\/v2\/media\/15358"}],"wp:attachment":[{"href":"https:\/\/sinprofaz.org.br\/2024\/wp-json\/wp\/v2\/media?parent=15357"}],"wp:term":[{"taxonomy":"category","embeddable":true,"href":"https:\/\/sinprofaz.org.br\/2024\/wp-json\/wp\/v2\/categories?post=15357"},{"taxonomy":"post_tag","embeddable":true,"href":"https:\/\/sinprofaz.org.br\/2024\/wp-json\/wp\/v2\/tags?post=15357"}],"curies":[{"name":"wp","href":"https:\/\/api.w.org\/{rel}","templated":true}]}}