{"id":15347,"date":"2022-11-30T08:23:53","date_gmt":"2022-11-30T11:23:53","guid":{"rendered":"http:\/\/www.sinprofaz.org.br\/?p=15347"},"modified":"2022-11-30T09:03:13","modified_gmt":"2022-11-30T12:03:13","slug":"sinprofaz-reune-se-com-transicao-governamental","status":"publish","type":"post","link":"https:\/\/sinprofaz.org.br\/2024\/noticias\/sinprofaz-reune-se-com-transicao-governamental\/","title":{"rendered":"SINPROFAZ RE\u00daNE-SE COM TRANSI\u00c7\u00c3O GOVERNAMENTAL"},"content":{"rendered":"<p>O SINPROFAZ, representado pelo presidente Achilles Frias, esteve reunido ontem (29) com Aloizio Mercadante, coordenador t\u00e9cnico da transi\u00e7\u00e3o do governo, e Jorge Messias, filiado integrante do grupo t\u00e9cnico sobre Transpar\u00eancia, Integridade e Controle. O encontro ocorreu em Bras\u00edlia\/DF, no CCBB, pr\u00e9dio escolhido para sediar o trabalho da equipe de transi\u00e7\u00e3o.<\/p>\n<p>Achilles Frias pautou temas como a justi\u00e7a fiscal e a recomposi\u00e7\u00e3o salarial necess\u00e1ria em raz\u00e3o das perdas inflacion\u00e1rias. Tendo em conta a forma\u00e7\u00e3o do novo governo, o presidente do SINPROFAZ e do F\u00f3rum Nacional da Advocacia P\u00fablica Federal pleiteou a nomea\u00e7\u00e3o, para a chefia da Advocacia-Geral da Uni\u00e3o, de um Membro da Institui\u00e7\u00e3o, na linha da Lista S\u00eaxtupla formulada pelos Membros e protocolada pelo FORVM.<\/p>\n<p>Mercadante agradeceu as contribui\u00e7\u00f5es e ressaltou a necessidade do trabalho conjunto para o atendimento das pautas e recupera\u00e7\u00e3o do prest\u00edgio do servi\u00e7o p\u00fablico. Ao comentar a fala do presidente do SINPROFAZ e a escolha do pr\u00f3ximo AGU, o ex-ministro manifestou irrestrito apoio \u00e0 nomea\u00e7\u00e3o de um integrante da Institui\u00e7\u00e3o. De acordo com Mercadante, o novo governo ser\u00e1 de valoriza\u00e7\u00e3o dos servidores e das carreiras de Estado.<\/p>\n","protected":false},"excerpt":{"rendered":"<p>O SINPROFAZ, representado pelo presidente Achilles Frias, esteve reunido ontem (29) com Aloizio Mercadante, coordenador t\u00e9cnico da transi\u00e7\u00e3o do governo, e Jorge Messias, filiado integrante do grupo t\u00e9cnico sobre Transpar\u00eancia, Integridade e Controle. O encontro ocorreu no CCBB, em Bras\u00edlia\/DF.<\/p>\n","protected":false},"author":2,"featured_media":15348,"comment_status":"open","ping_status":"open","sticky":false,"template":"","format":"standard","meta":{"footnotes":""},"categories":[8],"tags":[43,32,25],"featured_image_url":"https:\/\/sinprofaz.org.br\/2024\/wp-content\/uploads\/2022\/11\/SINPROFAZ-RE\u00daNE-SE-COM-TRANSI\u00c7\u00c3O-GOVERNAMENTAL.jpg","character_count":618,"formatted_date":"30\/11\/2022 - 08:23","contentNovo":"O SINPROFAZ, representado pelo presidente Achilles Frias, esteve reunido ontem (29) com Aloizio Mercadante, coordenador t\u00e9cnico da transi\u00e7\u00e3o do governo, e Jorge Messias, filiado integrante do grupo t\u00e9cnico sobre Transpar\u00eancia, Integridade e Controle. O encontro ocorreu em Bras\u00edlia\/DF, no CCBB, pr\u00e9dio escolhido para sediar o trabalho da equipe de transi\u00e7\u00e3o.\r\n\r\nAchilles Frias pautou temas como a justi\u00e7a fiscal e a recomposi\u00e7\u00e3o salarial necess\u00e1ria em raz\u00e3o das perdas inflacion\u00e1rias. Tendo em conta a forma\u00e7\u00e3o do novo governo, o presidente do SINPROFAZ e do F\u00f3rum Nacional da Advocacia P\u00fablica Federal pleiteou a nomea\u00e7\u00e3o, para a chefia da Advocacia-Geral da Uni\u00e3o, de um Membro da Institui\u00e7\u00e3o, na linha da Lista S\u00eaxtupla formulada pelos Membros e protocolada pelo FORVM.\r\n\r\nMercadante agradeceu as contribui\u00e7\u00f5es e ressaltou a necessidade do trabalho conjunto para o atendimento das pautas e recupera\u00e7\u00e3o do prest\u00edgio do servi\u00e7o p\u00fablico. Ao comentar a fala do presidente do SINPROFAZ e a escolha do pr\u00f3ximo AGU, o ex-ministro manifestou irrestrito apoio \u00e0 nomea\u00e7\u00e3o de um integrante da Institui\u00e7\u00e3o. De acordo com Mercadante, o novo governo ser\u00e1 de valoriza\u00e7\u00e3o dos servidores e das carreiras de Estado.","_links":{"self":[{"href":"https:\/\/sinprofaz.org.br\/2024\/wp-json\/wp\/v2\/posts\/15347"}],"collection":[{"href":"https:\/\/sinprofaz.org.br\/2024\/wp-json\/wp\/v2\/posts"}],"about":[{"href":"https:\/\/sinprofaz.org.br\/2024\/wp-json\/wp\/v2\/types\/post"}],"author":[{"embeddable":true,"href":"https:\/\/sinprofaz.org.br\/2024\/wp-json\/wp\/v2\/users\/2"}],"replies":[{"embeddable":true,"href":"https:\/\/sinprofaz.org.br\/2024\/wp-json\/wp\/v2\/comments?post=15347"}],"version-history":[{"count":2,"href":"https:\/\/sinprofaz.org.br\/2024\/wp-json\/wp\/v2\/posts\/15347\/revisions"}],"predecessor-version":[{"id":15350,"href":"https:\/\/sinprofaz.org.br\/2024\/wp-json\/wp\/v2\/posts\/15347\/revisions\/15350"}],"wp:featuredmedia":[{"embeddable":true,"href":"https:\/\/sinprofaz.org.br\/2024\/wp-json\/wp\/v2\/media\/15348"}],"wp:attachment":[{"href":"https:\/\/sinprofaz.org.br\/2024\/wp-json\/wp\/v2\/media?parent=15347"}],"wp:term":[{"taxonomy":"category","embeddable":true,"href":"https:\/\/sinprofaz.org.br\/2024\/wp-json\/wp\/v2\/categories?post=15347"},{"taxonomy":"post_tag","embeddable":true,"href":"https:\/\/sinprofaz.org.br\/2024\/wp-json\/wp\/v2\/tags?post=15347"}],"curies":[{"name":"wp","href":"https:\/\/api.w.org\/{rel}","templated":true}]}}