{"id":15327,"date":"2022-11-24T08:21:21","date_gmt":"2022-11-24T11:21:21","guid":{"rendered":"http:\/\/www.sinprofaz.org.br\/?p=15327"},"modified":"2022-11-25T10:54:45","modified_gmt":"2022-11-25T13:54:45","slug":"em-oficio-ao-presidente-da-republica-eleito-forvm-comunica-nomes-da-lista-sextupla","status":"publish","type":"post","link":"https:\/\/sinprofaz.org.br\/2024\/noticias\/em-oficio-ao-presidente-da-republica-eleito-forvm-comunica-nomes-da-lista-sextupla\/","title":{"rendered":"EM OF\u00cdCIO AO PRESIDENTE DA REP\u00daBLICA ELEITO, FORVM COMUNICA NOMES DA LISTA S\u00caXTUPLA"},"content":{"rendered":"<p>O F\u00f3rum Nacional da Advocacia P\u00fablica Federal, formado por SINPROFAZ, ANAJUR e ANAUNI, protocolou Of\u00edcio endere\u00e7ado ao Presidente da Rep\u00fablica eleito, Luiz In\u00e1cio Lula da Silva.<\/p>\n<p>Na comunica\u00e7\u00e3o, o FORVM apresentou os nomes escolhidos para integrar a Lista S\u00eaxtupla do cargo de Advogado-Geral da Uni\u00e3o. A Lista \u00e9 resultado do processo eleitoral que, promovido de 2 a 11 de novembro, contou com ampla participa\u00e7\u00e3o de Procuradoras e Procuradores da Fazenda Nacional, Advogadas e Advogados da Uni\u00e3o.<\/p>\n<p>Conforme consta do Of\u00edcio, estes foram os eleitos para a Lista Tr\u00edplice da carreira de Procurador da Fazenda Nacional:<br \/>\n1. Jorge Rodrigo Ara\u00fajo Messias<br \/>\n2. Fabr\u00edcio Da Soller<br \/>\n3. Claudia Aparecida de Souza Trindade<\/p>\n<p>Estes, por sua vez, foram os eleitos para a Lista Tr\u00edplice da carreira de Advogado da Uni\u00e3o:<br \/>\n1. Izabel Vinchon Nogueira de Andrade<br \/>\n2. Arthur Cerqueira Val\u00e9rio<br \/>\n3. Vinicius Torquetti Domingos Rocha<\/p>\n<p>Os seis indicados s\u00e3o, sem qualquer ressalva, Advogadas P\u00fablicas e Advogados P\u00fablicos de not\u00e1vel saber jur\u00eddico e reputa\u00e7\u00e3o ilibada, que receberam elevado voto de confian\u00e7a dos pares para exercer o m\u00fanus mais importante da Advocacia P\u00fablica Nacional: o cargo de AGU. Especialmente quanto \u00e0 filiada e aos filiados escolhidos, o SINPROFAZ se sente honrado em apresentar, ao Presidente da Rep\u00fablica eleito, nomes da mais alta compet\u00eancia t\u00e9cnica e notoriedade.<\/p>\n<p>Confira o Of\u00edcio protocolado: <a href=\"http:\/\/sinprofaz.org.br\/pdfs\/lista-sextupla-form.pdf\">sinprofaz.org.br\/pdfs\/lista-sextupla-form.pdf<\/a><\/p>\n","protected":false},"excerpt":{"rendered":"<p>Na comunica\u00e7\u00e3o, o FORVM apresentou os nomes eleitos para a Lista S\u00eaxtupla do cargo de AGU. A Lista \u00e9 resultado do processo eleitoral que, promovido de 2 a 11 de novembro, contou com ampla participa\u00e7\u00e3o da Carreira.<\/p>\n","protected":false},"author":2,"featured_media":13497,"comment_status":"open","ping_status":"open","sticky":false,"template":"","format":"standard","meta":{"footnotes":""},"categories":[8],"tags":[43,137,146,25],"featured_image_url":"https:\/\/sinprofaz.org.br\/2024\/wp-content\/uploads\/2021\/07\/forvm-naciona-logo.jpg","character_count":737,"formatted_date":"24\/11\/2022 - 08:21","contentNovo":"O F\u00f3rum Nacional da Advocacia P\u00fablica Federal, formado por SINPROFAZ, ANAJUR e ANAUNI, protocolou Of\u00edcio endere\u00e7ado ao Presidente da Rep\u00fablica eleito, Luiz In\u00e1cio Lula da Silva.\r\n\r\nNa comunica\u00e7\u00e3o, o FORVM apresentou os nomes escolhidos para integrar a Lista S\u00eaxtupla do cargo de Advogado-Geral da Uni\u00e3o. A Lista \u00e9 resultado do processo eleitoral que, promovido de 2 a 11 de novembro, contou com ampla participa\u00e7\u00e3o de Procuradoras e Procuradores da Fazenda Nacional, Advogadas e Advogados da Uni\u00e3o.\r\n\r\nConforme consta do Of\u00edcio, estes foram os eleitos para a Lista Tr\u00edplice da carreira de Procurador da Fazenda Nacional:\r\n1. Jorge Rodrigo Ara\u00fajo Messias\r\n2. Fabr\u00edcio Da Soller\r\n3. Claudia Aparecida de Souza Trindade\r\n\r\nEstes, por sua vez, foram os eleitos para a Lista Tr\u00edplice da carreira de Advogado da Uni\u00e3o:\r\n1. Izabel Vinchon Nogueira de Andrade\r\n2. Arthur Cerqueira Val\u00e9rio\r\n3. Vinicius Torquetti Domingos Rocha\r\n\r\nOs seis indicados s\u00e3o, sem qualquer ressalva, Advogadas P\u00fablicas e Advogados P\u00fablicos de not\u00e1vel saber jur\u00eddico e reputa\u00e7\u00e3o ilibada, que receberam elevado voto de confian\u00e7a dos pares para exercer o m\u00fanus mais importante da Advocacia P\u00fablica Nacional: o cargo de AGU. Especialmente quanto \u00e0 filiada e aos filiados escolhidos, o SINPROFAZ se sente honrado em apresentar, ao Presidente da Rep\u00fablica eleito, nomes da mais alta compet\u00eancia t\u00e9cnica e notoriedade.\r\n\r\nConfira o Of\u00edcio protocolado: <a href=\"http:\/\/sinprofaz.org.br\/pdfs\/lista-sextupla-form.pdf\">sinprofaz.org.br\/pdfs\/lista-sextupla-form.pdf<\/a>","_links":{"self":[{"href":"https:\/\/sinprofaz.org.br\/2024\/wp-json\/wp\/v2\/posts\/15327"}],"collection":[{"href":"https:\/\/sinprofaz.org.br\/2024\/wp-json\/wp\/v2\/posts"}],"about":[{"href":"https:\/\/sinprofaz.org.br\/2024\/wp-json\/wp\/v2\/types\/post"}],"author":[{"embeddable":true,"href":"https:\/\/sinprofaz.org.br\/2024\/wp-json\/wp\/v2\/users\/2"}],"replies":[{"embeddable":true,"href":"https:\/\/sinprofaz.org.br\/2024\/wp-json\/wp\/v2\/comments?post=15327"}],"version-history":[{"count":4,"href":"https:\/\/sinprofaz.org.br\/2024\/wp-json\/wp\/v2\/posts\/15327\/revisions"}],"predecessor-version":[{"id":15337,"href":"https:\/\/sinprofaz.org.br\/2024\/wp-json\/wp\/v2\/posts\/15327\/revisions\/15337"}],"wp:featuredmedia":[{"embeddable":true,"href":"https:\/\/sinprofaz.org.br\/2024\/wp-json\/wp\/v2\/media\/13497"}],"wp:attachment":[{"href":"https:\/\/sinprofaz.org.br\/2024\/wp-json\/wp\/v2\/media?parent=15327"}],"wp:term":[{"taxonomy":"category","embeddable":true,"href":"https:\/\/sinprofaz.org.br\/2024\/wp-json\/wp\/v2\/categories?post=15327"},{"taxonomy":"post_tag","embeddable":true,"href":"https:\/\/sinprofaz.org.br\/2024\/wp-json\/wp\/v2\/tags?post=15327"}],"curies":[{"name":"wp","href":"https:\/\/api.w.org\/{rel}","templated":true}]}}