{"id":15313,"date":"2022-11-22T08:22:36","date_gmt":"2022-11-22T11:22:36","guid":{"rendered":"http:\/\/www.sinprofaz.org.br\/?p=15313"},"modified":"2022-11-23T09:16:27","modified_gmt":"2022-11-23T12:16:27","slug":"com-apoio-do-sinprofaz-cfoab-promoveu-palestra-sobre-lideranca-feminina","status":"publish","type":"post","link":"https:\/\/sinprofaz.org.br\/2024\/noticias\/com-apoio-do-sinprofaz-cfoab-promoveu-palestra-sobre-lideranca-feminina\/","title":{"rendered":"COM APOIO DO SINPROFAZ, CFOAB PROMOVEU PALESTRA SOBRE LIDERAN\u00c7A FEMININA"},"content":{"rendered":"<p>O Conselho Federal da OAB, por meio da Comiss\u00e3o Nacional da Mulher Advogada, promoveu, no m\u00eas de setembro em Bras\u00edlia\/DF, uma palestra com Gis\u00e8le Szczglak. Fil\u00f3sofa e professora da \u00c9cole Nationale d\u00b4Administration (ENA), Szczglak \u00e9 fundadora e CEO da WLC Partners e da associa\u00e7\u00e3o Open Mentoring Network. \u00c9 especialista em mentoring, intelig\u00eancia coletiva, gest\u00e3o de talentos, implementa\u00e7\u00e3o de redes profissionais e marketing pessoal.<\/p>\n<p>No evento, que contou com o apoio do SINPROFAZ, a palestrante abordou o tema &#8220;Lideran\u00e7a Feminina &#8211; Um desafio para carreiras jur\u00eddicas mais igualit\u00e1rias&#8221;. De acordo com Gis\u00e8le Szczglak, &#8220;a lideran\u00e7a, em sua origem, traz uma no\u00e7\u00e3o ligada ao masculino. H\u00e1 uma falta de diversidade terr\u00edvel, raramente encontramos lideran\u00e7as femininas. Existe uma condi\u00e7\u00e3o universal ligada \u00e0s mulheres: a desvaloriza\u00e7\u00e3o sociol\u00f3gica e cultural do feminino&#8221;.<\/p>\n<p>A \u00edntegra da palestra est\u00e1 dispon\u00edvel no canal da OAB Nacional no YouTube. Confira: <a href=\"https:\/\/www.youtube.com\/watch?v=e3Nm0EgGvtg\">youtube.com\/watch?v=e3Nm0EgGvtg<\/a><\/p>\n\n\t\t<style type=\"text\/css\">\n\t\t\t#gallery-1 {\n\t\t\t\tmargin: auto;\n\t\t\t}\n\t\t\t#gallery-1 .gallery-item {\n\t\t\t\tfloat: left;\n\t\t\t\tmargin-top: 10px;\n\t\t\t\ttext-align: center;\n\t\t\t\twidth: 33%;\n\t\t\t}\n\t\t\t#gallery-1 img {\n\t\t\t\tborder: 2px solid #cfcfcf;\n\t\t\t}\n\t\t\t#gallery-1 .gallery-caption {\n\t\t\t\tmargin-left: 0;\n\t\t\t}\n\t\t\t\/* see gallery_shortcode() in wp-includes\/media.php *\/\n\t\t<\/style>\n\t\t<div id='gallery-1' class='gallery galleryid-15313 gallery-columns-3 gallery-size-thumbnail'><dl class='gallery-item'>\n\t\t\t<dt class='gallery-icon landscape'>\n\t\t\t\t<a href='https:\/\/sinprofaz.org.br\/2024\/wp-content\/uploads\/2022\/11\/CF-2.png'><img loading=\"lazy\" decoding=\"async\" width=\"150\" height=\"150\" src=\"https:\/\/sinprofaz.org.br\/2024\/wp-content\/uploads\/2022\/11\/CF-2-150x150.png\" class=\"attachment-thumbnail size-thumbnail\" alt=\"\" \/><\/a>\n\t\t\t<\/dt><\/dl>\n\t\t\t<br style='clear: both' \/>\n\t\t<\/div>\n\n","protected":false},"excerpt":{"rendered":"<p>O Conselho Federal da Ordem dos Advogados do Brasil, por meio da Comiss\u00e3o Nacional da Mulher Advogada, promoveu, no m\u00eas de setembro em Bras\u00edlia\/DF, uma palestra com Gis\u00e8le Szczglak, fil\u00f3sofa e professora da \u00c9cole Nationale d\u00b4Administration (ENA).<\/p>\n","protected":false},"author":2,"featured_media":15316,"comment_status":"open","ping_status":"open","sticky":false,"template":"","format":"standard","meta":{"footnotes":""},"categories":[8],"tags":[32,29,25],"featured_image_url":"https:\/\/sinprofaz.org.br\/2024\/wp-content\/uploads\/2022\/11\/CF-1-1.png","character_count":704,"formatted_date":"22\/11\/2022 - 08:22","contentNovo":"O Conselho Federal da OAB, por meio da Comiss\u00e3o Nacional da Mulher Advogada, promoveu, no m\u00eas de setembro em Bras\u00edlia\/DF, uma palestra com Gis\u00e8le Szczglak. Fil\u00f3sofa e professora da \u00c9cole Nationale d\u00b4Administration (ENA), Szczglak \u00e9 fundadora e CEO da WLC Partners e da associa\u00e7\u00e3o Open Mentoring Network. \u00c9 especialista em mentoring, intelig\u00eancia coletiva, gest\u00e3o de talentos, implementa\u00e7\u00e3o de redes profissionais e marketing pessoal.\r\n\r\nNo evento, que contou com o apoio do SINPROFAZ, a palestrante abordou o tema \"Lideran\u00e7a Feminina - Um desafio para carreiras jur\u00eddicas mais igualit\u00e1rias\". De acordo com Gis\u00e8le Szczglak, \"a lideran\u00e7a, em sua origem, traz uma no\u00e7\u00e3o ligada ao masculino. H\u00e1 uma falta de diversidade terr\u00edvel, raramente encontramos lideran\u00e7as femininas. Existe uma condi\u00e7\u00e3o universal ligada \u00e0s mulheres: a desvaloriza\u00e7\u00e3o sociol\u00f3gica e cultural do feminino\".\r\n\r\nA \u00edntegra da palestra est\u00e1 dispon\u00edvel no canal da OAB Nacional no YouTube. Confira: <a href=\"https:\/\/www.youtube.com\/watch?v=e3Nm0EgGvtg\">youtube.com\/watch?v=e3Nm0EgGvtg<\/a>\r\n\r\n[gallery link=\"file\" ids=\"15315\"]","_links":{"self":[{"href":"https:\/\/sinprofaz.org.br\/2024\/wp-json\/wp\/v2\/posts\/15313"}],"collection":[{"href":"https:\/\/sinprofaz.org.br\/2024\/wp-json\/wp\/v2\/posts"}],"about":[{"href":"https:\/\/sinprofaz.org.br\/2024\/wp-json\/wp\/v2\/types\/post"}],"author":[{"embeddable":true,"href":"https:\/\/sinprofaz.org.br\/2024\/wp-json\/wp\/v2\/users\/2"}],"replies":[{"embeddable":true,"href":"https:\/\/sinprofaz.org.br\/2024\/wp-json\/wp\/v2\/comments?post=15313"}],"version-history":[{"count":2,"href":"https:\/\/sinprofaz.org.br\/2024\/wp-json\/wp\/v2\/posts\/15313\/revisions"}],"predecessor-version":[{"id":15326,"href":"https:\/\/sinprofaz.org.br\/2024\/wp-json\/wp\/v2\/posts\/15313\/revisions\/15326"}],"wp:featuredmedia":[{"embeddable":true,"href":"https:\/\/sinprofaz.org.br\/2024\/wp-json\/wp\/v2\/media\/15316"}],"wp:attachment":[{"href":"https:\/\/sinprofaz.org.br\/2024\/wp-json\/wp\/v2\/media?parent=15313"}],"wp:term":[{"taxonomy":"category","embeddable":true,"href":"https:\/\/sinprofaz.org.br\/2024\/wp-json\/wp\/v2\/categories?post=15313"},{"taxonomy":"post_tag","embeddable":true,"href":"https:\/\/sinprofaz.org.br\/2024\/wp-json\/wp\/v2\/tags?post=15313"}],"curies":[{"name":"wp","href":"https:\/\/api.w.org\/{rel}","templated":true}]}}