{"id":153,"date":"2011-02-09T12:51:31","date_gmt":"2011-02-09T12:51:31","guid":{"rendered":""},"modified":"-0001-11-30T00:00:00","modified_gmt":"-0001-11-30T03:00:00","slug":"20073400002892-1","status":"publish","type":"post","link":"https:\/\/sinprofaz.org.br\/2024\/sem-categoria\/20073400002892-1\/","title":{"rendered":"2007.34.00.002892-1"},"content":{"rendered":"","protected":false},"excerpt":{"rendered":"<p><strong>Arquivos:<\/strong><br \/><a class=\"book_icon\" title=\"Processo 2007.34.00.002892.1 VOL 1\" href=\"images\/stories\/processos\/2007.34.00.002892.1_vol1.pdf\" target=\"_blank\">Volume 1<\/a><br \/><a class=\"book_icon\" title=\"Processo 2007.34.00.002892.1 APENSO\" href=\"images\/stories\/processos\/2007.34.00.002892.1_apenso.pdf\" target=\"_blank\">Apenso<\/a><\/p>\n<p><b>IMPORTANTE:<\/b> (OS N\u00daMEROS DE FLS. INDICADOS S\u00c3O OS DO ARQUIVO DIGITAL. O VOLUME CORRESPONDE A UM DOS ARQUIVOS DIGITAIS QUE S\u00c3O DIVIDIDOS EM VOLUMES)<\/p>\n<p><b>\u00cdndice:<\/b><\/p>\n<table class=\"tb_processo\">\n<thead>\n<tr>\n<td>Identifica\u00e7\u00e3o<\/td>\n<td>Fl.<\/td>\n<td>Vol.<\/td>\n<\/tr>\n<\/thead>\n<tbody>\n<tr>\n<td>Peti\u00e7\u00e3o inicial<\/td>\n<td>02<\/td>\n<td>01<\/td>\n<\/tr>\n<tr>\n<td>Lista de Associados<\/td>\n<td>64<\/td>\n<td>01<\/td>\n<\/tr>\n<tr>\n<td>Decis\u00e3o liminar<\/td>\n<td>94<\/td>\n<td>01<\/td>\n<\/tr>\n<tr>\n<td>Peti\u00e7\u00e3o que Informa Interposi\u00e7\u00e3o de Agravo<\/td>\n<td>100<\/td>\n<td>01<\/td>\n<\/tr>\n<tr>\n<td>Contesta\u00e7\u00e3o<\/td>\n<td>156<\/td>\n<td>01<\/td>\n<\/tr>\n<tr>\n<td>R\u00e9plica<\/td>\n<td>174<\/td>\n<td>01<\/td>\n<\/tr>\n<tr>\n<td>Senten\u00e7a<\/td>\n<td>204<\/td>\n<td>01<\/td>\n<\/tr>\n<tr>\n<td>Apela\u00e7\u00e3o Sinprofaz<\/td>\n<td>214<\/td>\n<td>01<\/td>\n<\/tr>\n<tr>\n<td>Contrarraz\u00f5es Uni\u00e3o<\/td>\n<td>268<\/td>\n<td>01<\/td>\n<\/tr>\n<\/tbody>\n<\/table>\n<p><!--\n\n<p><b>Data de atualiza\u00e7\u00e3o:<\/b> 06\/12\/2010<\/p>\n\n--><\/p>\n<p><b>\u00daltima folha:<\/b> 271<\/p>\n<p><b>OBJETO:<\/b><\/p>\n<p>a) concess\u00e3o de antecipa\u00e7\u00e3o de tutela, inaudita altera parte, para determinar \u00e0 R\u00e9 que continue a pagar aos Substitu\u00eddos, de forma cumulativa com o subs\u00eddio e vedada sua absor\u00e7\u00e3o pelo valor deste, as vantagens individuais que comp\u00f5em o patrim\u00f4nio jur\u00eddico dos servidores, relativas a:<\/p>\n<p>I.valores incorporados referentes a quintos e d\u00e9cimos;<\/p>\n<p>II.valores incorporados em decorr\u00eancia do exerc\u00edcio de fun\u00e7\u00e3o de dire\u00e7\u00e3o, chefia ou assessoramento, cargo de provimento em comiss\u00e3o ou de Natureza Especial;<\/p>\n<p>III.vantagens incorporadas aos proventos ou pens\u00f5es por for\u00e7a dos arts. 180 e 184 da Lei 1.711\/52 e dos arts. 190 e 192 da Lei 8.112\/90;<\/p>\n<p>IV.vantagens incorporadas \u00e0 remunera\u00e7\u00e3o por for\u00e7a de decis\u00e3o administrativa ou judicial, desde que decorrentes do reconhecimento do direito do servidor \u00e0 percep\u00e7\u00e3o das tr\u00eas verbas elencadas nos itens anteriores.<\/p>\n<p>a.1) concedido o pedido anterior, comprove nos autos o atendimento da determina\u00e7\u00e3o, em prazo que este ju\u00edzo fixar, sob pena de multa;<\/p>\n<p>c.1) declarar o direito dos substitu\u00eddos \u00e0 continuidade do pagamento de forma cumulativa com o subs\u00eddio e vedada sua absor\u00e7\u00e3o pelo valor daquele, das seguintes vantagens individuais que j\u00e1 estejam incorporadas aos seus patrim\u00f4nios jur\u00eddicos:<\/p>\n<p>c.1.1) valores incorporados referentes a quintos e d\u00e9cimos;<\/p>\n<p>c.1.2) valores incorporados em decorr\u00eancia do exerc\u00edcio de fun\u00e7\u00e3o de dire\u00e7\u00e3o, chefia ou assessoramento, cargo de provimento em comiss\u00e3o ou de Natureza Especial;<\/p>\n<p>c.1.3) vantagens incorporadas aos proventos ou pens\u00f5es por for\u00e7a dos arts. 180 e 184 da Lei 1.711\/52 e dos arts. 190 e 192 da Lei 8.112\/90;<\/p>\n<p>c.1.4) vantagens incorporadas \u00e0 remunera\u00e7\u00e3o por for\u00e7a de decis\u00e3o administrativa ou judicial, desde que decorrentes do reconhecimento do direito do servidor \u00e0 percep\u00e7\u00e3o das tr\u00eas verbas elencadas nos itens anter\u00edores.<\/p>\n<p>c.2) determinar \u00e0 r\u00e9 que proceda \u00e0 inclus\u00e3o definitiva das parcelas referidas no pedido &#8220;c.1&#8221; na folha de pagamento dos Substitu\u00eddos, conforme a sistem\u00e1tica ali indicada;<\/p>\n<p>c.3) condenar a R\u00e9 a pagar aos Substitu\u00eddos eventuais valores atrasados decorrentes do pagamento das verbas elencadas no item c.1 de forma diversa do ali requerido, acrescidos de corre\u00e7\u00e3o monet\u00e1ria com base no INPC e de juros morat\u00f3rios \u00e0 taxa de 1% ao m\u00eas, ambos incidentes desde a data da les\u00e3o;<\/p>\n<p>c.4) condenar a R\u00e9, ainda, a arcar integralmente com as custas judicia\u00eds e os honor\u00e1rios de advogado, estes arbitrados em 20% sobre o valor da condena\u00e7\u00e3o, bem como com eventuais despesas referentes \u00e0 contrata\u00e7\u00e3o peritos, com fulcro nos artigos 20, 9 2\u00b0 e 604 do C\u00f3digo de Processo Civil;<\/p>\n","protected":false},"author":1,"featured_media":0,"comment_status":"closed","ping_status":"open","sticky":false,"template":"","format":"standard","meta":{"footnotes":""},"categories":[1],"tags":[],"featured_image_url":"https:\/\/dummyimage.com\/720x400","character_count":0,"formatted_date":"09\/02\/2011 - 12:51","contentNovo":"","_links":{"self":[{"href":"https:\/\/sinprofaz.org.br\/2024\/wp-json\/wp\/v2\/posts\/153"}],"collection":[{"href":"https:\/\/sinprofaz.org.br\/2024\/wp-json\/wp\/v2\/posts"}],"about":[{"href":"https:\/\/sinprofaz.org.br\/2024\/wp-json\/wp\/v2\/types\/post"}],"author":[{"embeddable":true,"href":"https:\/\/sinprofaz.org.br\/2024\/wp-json\/wp\/v2\/users\/1"}],"replies":[{"embeddable":true,"href":"https:\/\/sinprofaz.org.br\/2024\/wp-json\/wp\/v2\/comments?post=153"}],"version-history":[{"count":0,"href":"https:\/\/sinprofaz.org.br\/2024\/wp-json\/wp\/v2\/posts\/153\/revisions"}],"wp:attachment":[{"href":"https:\/\/sinprofaz.org.br\/2024\/wp-json\/wp\/v2\/media?parent=153"}],"wp:term":[{"taxonomy":"category","embeddable":true,"href":"https:\/\/sinprofaz.org.br\/2024\/wp-json\/wp\/v2\/categories?post=153"},{"taxonomy":"post_tag","embeddable":true,"href":"https:\/\/sinprofaz.org.br\/2024\/wp-json\/wp\/v2\/tags?post=153"}],"curies":[{"name":"wp","href":"https:\/\/api.w.org\/{rel}","templated":true}]}}