{"id":1528,"date":"2013-11-06T18:57:21","date_gmt":"2013-11-06T18:57:21","guid":{"rendered":""},"modified":"-0001-11-30T00:00:00","modified_gmt":"-0001-11-30T03:00:00","slug":"plp-2052012-entidades-oficiam-ao-advogado-geral-da-uniao","status":"publish","type":"post","link":"https:\/\/sinprofaz.org.br\/2024\/noticias\/plp-2052012-entidades-oficiam-ao-advogado-geral-da-uniao\/","title":{"rendered":"PLP 205\/2012: Entidades oficiam ao Advogado-Geral da Uni\u00e3o"},"content":{"rendered":"<p style=\"text-align: justify;\">No referido expediente, as entidades fazem considera\u00e7\u00f5es sobre not\u00edcia veiculada pela AGU, no dia 05 de novembro, tratando do Projeto de Lei Complementar n\u00ba 205\/2012 (Projeto de Lei Org\u00e2nica da AGU).<\/p>\n<p style=\"text-align: justify;\">Da mesma forma, as entidades destacam a necessidade de que o Advogado-Geral da Uni\u00e3o \u201cadote medidas necess\u00e1rias a resguardar os direitos dos Advogados P\u00fablicos, tanto no Projeto de Lei Complementar n\u00ba 205\/2012, como tamb\u00e9m, de modo mais urgente, no Projeto de Lei n\u00ba 6.025\/2005\u201d (Projeto do Novo C\u00f3digo de Processo Civil).<\/p>\n<p style=\"text-align: justify;\">Por fim, \u00e9 requerido ao Advogado-Geral da Uni\u00e3o o \u201cencaminhamento formal, a estas entidades de classe, das conclus\u00f5es definitivas da Advocacia-Geral da Uni\u00e3o, relativamente a eventuais altera\u00e7\u00f5es no Projeto de Lei Complementar n\u00ba 205\/2012, a fim de que possam ser examinadas antes de eventual reuni\u00e3o\u201d com a AGU.<\/p>\n<p style=\"text-align: justify;\">Leia a \u00edntegra do <a href=\"images\/stories\/pdfs\/oficio-conjunto-n-06-2013-anauni-apbc-sinprofaz-unafe.pdf\" target=\"_blank\">Of\u00edcio Conjunto n\u00ba 06\/2013-ANAUNI\/APBC\/SINPROFAZ\/UNAFE<\/a>.<\/p>\n","protected":false},"excerpt":{"rendered":"<p style=\"text-align: justify;\">Nesta quarta-feira (06\/11), o SINPROFAZ, a ANAUNI, a APBC e a UNAFE remeteram o Of\u00edcio Conjunto n\u00ba 06\/2013, ao Advogado-Geral da Uni\u00e3o, Lu\u00eds In\u00e1cio Lucena Adams.<\/p>\n","protected":false},"author":1,"featured_media":0,"comment_status":"closed","ping_status":"open","sticky":false,"template":"","format":"standard","meta":{"footnotes":""},"categories":[8],"tags":[],"featured_image_url":"https:\/\/dummyimage.com\/720x400","character_count":471,"formatted_date":"06\/11\/2013 - 18:57","contentNovo":"\r\n<p style=\"text-align: justify;\">No referido expediente, as entidades fazem considera\u00e7\u00f5es sobre not\u00edcia veiculada pela AGU, no dia 05 de novembro, tratando do Projeto de Lei Complementar n\u00ba 205\/2012 (Projeto de Lei Org\u00e2nica da AGU).<\/p>\r\n<p style=\"text-align: justify;\">Da mesma forma, as entidades destacam a necessidade de que o Advogado-Geral da Uni\u00e3o \u201cadote medidas necess\u00e1rias a resguardar os direitos dos Advogados P\u00fablicos, tanto no Projeto de Lei Complementar n\u00ba 205\/2012, como tamb\u00e9m, de modo mais urgente, no Projeto de Lei n\u00ba 6.025\/2005\u201d (Projeto do Novo C\u00f3digo de Processo Civil).<\/p>\r\n<p style=\"text-align: justify;\">Por fim, \u00e9 requerido ao Advogado-Geral da Uni\u00e3o o \u201cencaminhamento formal, a estas entidades de classe, das conclus\u00f5es definitivas da Advocacia-Geral da Uni\u00e3o, relativamente a eventuais altera\u00e7\u00f5es no Projeto de Lei Complementar n\u00ba 205\/2012, a fim de que possam ser examinadas antes de eventual reuni\u00e3o\u201d com a AGU.<\/p>\r\n<p style=\"text-align: justify;\">Leia a \u00edntegra do <a href=\"images\/stories\/pdfs\/oficio-conjunto-n-06-2013-anauni-apbc-sinprofaz-unafe.pdf\" target=\"_blank\">Of\u00edcio Conjunto n\u00ba 06\/2013-ANAUNI\/APBC\/SINPROFAZ\/UNAFE<\/a>.<\/p>","_links":{"self":[{"href":"https:\/\/sinprofaz.org.br\/2024\/wp-json\/wp\/v2\/posts\/1528"}],"collection":[{"href":"https:\/\/sinprofaz.org.br\/2024\/wp-json\/wp\/v2\/posts"}],"about":[{"href":"https:\/\/sinprofaz.org.br\/2024\/wp-json\/wp\/v2\/types\/post"}],"author":[{"embeddable":true,"href":"https:\/\/sinprofaz.org.br\/2024\/wp-json\/wp\/v2\/users\/1"}],"replies":[{"embeddable":true,"href":"https:\/\/sinprofaz.org.br\/2024\/wp-json\/wp\/v2\/comments?post=1528"}],"version-history":[{"count":0,"href":"https:\/\/sinprofaz.org.br\/2024\/wp-json\/wp\/v2\/posts\/1528\/revisions"}],"wp:attachment":[{"href":"https:\/\/sinprofaz.org.br\/2024\/wp-json\/wp\/v2\/media?parent=1528"}],"wp:term":[{"taxonomy":"category","embeddable":true,"href":"https:\/\/sinprofaz.org.br\/2024\/wp-json\/wp\/v2\/categories?post=1528"},{"taxonomy":"post_tag","embeddable":true,"href":"https:\/\/sinprofaz.org.br\/2024\/wp-json\/wp\/v2\/tags?post=1528"}],"curies":[{"name":"wp","href":"https:\/\/api.w.org\/{rel}","templated":true}]}}