{"id":15272,"date":"2022-11-14T08:25:13","date_gmt":"2022-11-14T11:25:13","guid":{"rendered":"http:\/\/www.sinprofaz.org.br\/?p=15272"},"modified":"2022-11-14T08:52:05","modified_gmt":"2022-11-14T11:52:05","slug":"lista-sextupla-para-agu-definidos-os-representantes-da-carreira","status":"publish","type":"post","link":"https:\/\/sinprofaz.org.br\/2024\/noticias\/lista-sextupla-para-agu-definidos-os-representantes-da-carreira\/","title":{"rendered":"LISTA S\u00caXTUPLA PARA AGU: DEFINIDOS OS REPRESENTANTES DA CARREIRA"},"content":{"rendered":"<p>O SINPROFAZ torna p\u00fablicos os nomes da Procuradora e dos Procuradores da Fazenda Nacional que mais votos receberam na segunda e \u00faltima fase da Lista S\u00eaxtupla para AGU. Em ordem de classifica\u00e7\u00e3o, foram eles: Jorge Messias, Fabr\u00edcio Da Soller e Claudia Trindade. A Lista \u00e9 uma iniciativa do F\u00f3rum Nacional da Advocacia P\u00fablica Federal, composto por SINPROFAZ, ANAJUR e ANAUNI.<\/p>\n<p>Os tr\u00eas PFNs compor\u00e3o a Lista S\u00eaxtupla juntamente com os tr\u00eas Advogados da Uni\u00e3o escolhidos pelos pares. Os seis nomes ser\u00e3o oportunamente encaminhados ao Presidente da Rep\u00fablica eleito. As entidades do FORVM acreditam que a Lista S\u00eaxtupla ser\u00e1 bem-recebida pelo novo governo, especialmente em raz\u00e3o da legitimidade dos indicados, que refletem diretamente a opini\u00e3o dos Membros da AGU sobre os Colegas mais preparados para chefiar a Institui\u00e7\u00e3o.<\/p>\n<p>Saiba mais sobre os PFNs escolhidos pela Carreira:<\/p>\n<p><strong>Jorge Rodrigo Ara\u00fajo Messias<\/strong><br \/>\nExerceu cargos como os de Subchefe para Assuntos Jur\u00eddicos da Presid\u00eancia da Rep\u00fablica e Subchefe de An\u00e1lise e Acompanhamento de Pol\u00edticas Governamentais da Casa Civil. No Minist\u00e9rio da Educa\u00e7\u00e3o, foi Consultor Jur\u00eddico e Secret\u00e1rio de Regula\u00e7\u00e3o e Supervis\u00e3o da Educa\u00e7\u00e3o Superior. Ex-Procurador do Banco Central do Brasil e ex-Consultor Jur\u00eddico do Minist\u00e9rio da Ci\u00eancia, Tecnologia e Inova\u00e7\u00e3o. Doutorando (UnB) e Mestre em Desenvolvimento, Sociedade e Coopera\u00e7\u00e3o Internacional (UnB). Atua\u00e7\u00e3o e pesquisa em Law, Development and Innovation e em Gest\u00e3o P\u00fablica e nas \u00e1reas de Direito Empresarial, Direito do Estado e da Regula\u00e7\u00e3o e Direito Administrativo Econ\u00f4mico.<\/p>\n<p><strong>Fabr\u00edcio Da Soller<\/strong><br \/>\nAssessor-Chefe da Assessoria Consultiva do Tribunal Superior Eleitoral. J\u00e1 exerceu os cargos de Procurador-Geral da Fazenda Nacional, Secret\u00e1rio-Geral de Consultoria da AGU, Consultor-Geral da Uni\u00e3o Substituto, Procurador-Geral Adjunto de Consultoria e Contencioso Tribut\u00e1rio, Adjunto do Advogado-Geral da Uni\u00e3o, dentre outros. \u00c9 p\u00f3s-graduado em Direito Tribut\u00e1rio (UCB), Direito Econ\u00f4mico e das Empresas (FGV) e Administra\u00e7\u00e3o P\u00fablica (FGV).<\/p>\n<p><strong>Claudia Aparecida de Souza Trindade<\/strong><br \/>\nProcuradora da Fazenda Nacional desde 1993. Doutora em Direito Econ\u00f4mico e Financeiro (USP). Especialista em Direito Privado (UFPR) e em Administra\u00e7\u00e3o P\u00fablica (FGV). Lotada na Coordena\u00e7\u00e3o-Geral de Assuntos Societ\u00e1rios da Uni\u00e3o. Atuou como Coordenadora da Atua\u00e7\u00e3o Judicial da Fazenda Nacional perante o Supremo Tribunal Federal e como Assessora Parlamentar da Procuradoria-Geral da Fazenda Nacional. Integra o Tributos a Elas. \u00c9 Conselheira Seccional da OAB\/DF.<\/p>\n\n\t\t<style type=\"text\/css\">\n\t\t\t#gallery-1 {\n\t\t\t\tmargin: auto;\n\t\t\t}\n\t\t\t#gallery-1 .gallery-item {\n\t\t\t\tfloat: left;\n\t\t\t\tmargin-top: 10px;\n\t\t\t\ttext-align: center;\n\t\t\t\twidth: 33%;\n\t\t\t}\n\t\t\t#gallery-1 img {\n\t\t\t\tborder: 2px solid #cfcfcf;\n\t\t\t}\n\t\t\t#gallery-1 .gallery-caption {\n\t\t\t\tmargin-left: 0;\n\t\t\t}\n\t\t\t\/* see gallery_shortcode() in wp-includes\/media.php *\/\n\t\t<\/style>\n\t\t<div id='gallery-1' class='gallery galleryid-15272 gallery-columns-3 gallery-size-thumbnail'><dl class='gallery-item'>\n\t\t\t<dt class='gallery-icon landscape'>\n\t\t\t\t<a href='https:\/\/sinprofaz.org.br\/2024\/wp-content\/uploads\/2022\/11\/lista-final-1.jpg'><img loading=\"lazy\" decoding=\"async\" width=\"150\" height=\"150\" src=\"https:\/\/sinprofaz.org.br\/2024\/wp-content\/uploads\/2022\/11\/lista-final-1-150x150.jpg\" class=\"attachment-thumbnail size-thumbnail\" alt=\"\" aria-describedby=\"gallery-1-15273\" \/><\/a>\n\t\t\t<\/dt>\n\t\t\t\t<dd class='wp-caption-text gallery-caption' id='gallery-1-15273'>\n\t\t\t\tJorge Rodrigo Ara\u00fajo Messias\n\t\t\t\t<\/dd><\/dl><dl class='gallery-item'>\n\t\t\t<dt class='gallery-icon landscape'>\n\t\t\t\t<a href='https:\/\/sinprofaz.org.br\/2024\/wp-content\/uploads\/2022\/11\/lista-final-2.jpg'><img loading=\"lazy\" decoding=\"async\" width=\"150\" height=\"150\" src=\"https:\/\/sinprofaz.org.br\/2024\/wp-content\/uploads\/2022\/11\/lista-final-2-150x150.jpg\" class=\"attachment-thumbnail size-thumbnail\" alt=\"\" aria-describedby=\"gallery-1-15274\" \/><\/a>\n\t\t\t<\/dt>\n\t\t\t\t<dd class='wp-caption-text gallery-caption' id='gallery-1-15274'>\n\t\t\t\tFabr\u00edcio Da Soller\n\t\t\t\t<\/dd><\/dl><dl class='gallery-item'>\n\t\t\t<dt class='gallery-icon landscape'>\n\t\t\t\t<a href='https:\/\/sinprofaz.org.br\/2024\/wp-content\/uploads\/2022\/11\/lista-final-3.jpg'><img loading=\"lazy\" decoding=\"async\" width=\"150\" height=\"150\" src=\"https:\/\/sinprofaz.org.br\/2024\/wp-content\/uploads\/2022\/11\/lista-final-3-150x150.jpg\" class=\"attachment-thumbnail size-thumbnail\" alt=\"\" aria-describedby=\"gallery-1-15275\" \/><\/a>\n\t\t\t<\/dt>\n\t\t\t\t<dd class='wp-caption-text gallery-caption' id='gallery-1-15275'>\n\t\t\t\tClaudia Aparecida de Souza Trindade\n\t\t\t\t<\/dd><\/dl><br style=\"clear: both\" \/>\n\t\t<\/div>\n\n","protected":false},"excerpt":{"rendered":"<p>O SINPROFAZ torna p\u00fablicos os nomes da Procuradora e dos Procuradores da Fazenda Nacional que mais votos receberam na segunda e \u00faltima fase da Lista S\u00eaxtupla para AGU. Em ordem de classifica\u00e7\u00e3o, foram eles: Jorge Messias, Fabr\u00edcio Da Soller e Claudia Trindade. <\/p>\n","protected":false},"author":2,"featured_media":14871,"comment_status":"open","ping_status":"open","sticky":false,"template":"","format":"standard","meta":{"footnotes":""},"categories":[8],"tags":[32,137,146,25],"featured_image_url":"https:\/\/sinprofaz.org.br\/2024\/wp-content\/uploads\/2022\/08\/logo-sinprofaz.jpg","character_count":1553,"formatted_date":"14\/11\/2022 - 08:25","contentNovo":"O SINPROFAZ torna p\u00fablicos os nomes da Procuradora e dos Procuradores da Fazenda Nacional que mais votos receberam na segunda e \u00faltima fase da Lista S\u00eaxtupla para AGU. Em ordem de classifica\u00e7\u00e3o, foram eles: Jorge Messias, Fabr\u00edcio Da Soller e Claudia Trindade. A Lista \u00e9 uma iniciativa do F\u00f3rum Nacional da Advocacia P\u00fablica Federal, composto por SINPROFAZ, ANAJUR e ANAUNI.\r\n\r\nOs tr\u00eas PFNs compor\u00e3o a Lista S\u00eaxtupla juntamente com os tr\u00eas Advogados da Uni\u00e3o escolhidos pelos pares. Os seis nomes ser\u00e3o oportunamente encaminhados ao Presidente da Rep\u00fablica eleito. As entidades do FORVM acreditam que a Lista S\u00eaxtupla ser\u00e1 bem-recebida pelo novo governo, especialmente em raz\u00e3o da legitimidade dos indicados, que refletem diretamente a opini\u00e3o dos Membros da AGU sobre os Colegas mais preparados para chefiar a Institui\u00e7\u00e3o.\r\n\r\nSaiba mais sobre os PFNs escolhidos pela Carreira:\r\n\r\n<strong>Jorge Rodrigo Ara\u00fajo Messias<\/strong>\r\nExerceu cargos como os de Subchefe para Assuntos Jur\u00eddicos da Presid\u00eancia da Rep\u00fablica e Subchefe de An\u00e1lise e Acompanhamento de Pol\u00edticas Governamentais da Casa Civil. No Minist\u00e9rio da Educa\u00e7\u00e3o, foi Consultor Jur\u00eddico e Secret\u00e1rio de Regula\u00e7\u00e3o e Supervis\u00e3o da Educa\u00e7\u00e3o Superior. Ex-Procurador do Banco Central do Brasil e ex-Consultor Jur\u00eddico do Minist\u00e9rio da Ci\u00eancia, Tecnologia e Inova\u00e7\u00e3o. Doutorando (UnB) e Mestre em Desenvolvimento, Sociedade e Coopera\u00e7\u00e3o Internacional (UnB). Atua\u00e7\u00e3o e pesquisa em Law, Development and Innovation e em Gest\u00e3o P\u00fablica e nas \u00e1reas de Direito Empresarial, Direito do Estado e da Regula\u00e7\u00e3o e Direito Administrativo Econ\u00f4mico.\r\n\r\n<strong>Fabr\u00edcio Da Soller<\/strong>\r\nAssessor-Chefe da Assessoria Consultiva do Tribunal Superior Eleitoral. J\u00e1 exerceu os cargos de Procurador-Geral da Fazenda Nacional, Secret\u00e1rio-Geral de Consultoria da AGU, Consultor-Geral da Uni\u00e3o Substituto, Procurador-Geral Adjunto de Consultoria e Contencioso Tribut\u00e1rio, Adjunto do Advogado-Geral da Uni\u00e3o, dentre outros. \u00c9 p\u00f3s-graduado em Direito Tribut\u00e1rio (UCB), Direito Econ\u00f4mico e das Empresas (FGV) e Administra\u00e7\u00e3o P\u00fablica (FGV).\r\n\r\n<strong>Claudia Aparecida de Souza Trindade<\/strong>\r\nProcuradora da Fazenda Nacional desde 1993. Doutora em Direito Econ\u00f4mico e Financeiro (USP). Especialista em Direito Privado (UFPR) e em Administra\u00e7\u00e3o P\u00fablica (FGV). Lotada na Coordena\u00e7\u00e3o-Geral de Assuntos Societ\u00e1rios da Uni\u00e3o. Atuou como Coordenadora da Atua\u00e7\u00e3o Judicial da Fazenda Nacional perante o Supremo Tribunal Federal e como Assessora Parlamentar da Procuradoria-Geral da Fazenda Nacional. Integra o Tributos a Elas. \u00c9 Conselheira Seccional da OAB\/DF.\r\n\r\n[gallery link=\"file\" ids=\"15273,15274,15275\"]","_links":{"self":[{"href":"https:\/\/sinprofaz.org.br\/2024\/wp-json\/wp\/v2\/posts\/15272"}],"collection":[{"href":"https:\/\/sinprofaz.org.br\/2024\/wp-json\/wp\/v2\/posts"}],"about":[{"href":"https:\/\/sinprofaz.org.br\/2024\/wp-json\/wp\/v2\/types\/post"}],"author":[{"embeddable":true,"href":"https:\/\/sinprofaz.org.br\/2024\/wp-json\/wp\/v2\/users\/2"}],"replies":[{"embeddable":true,"href":"https:\/\/sinprofaz.org.br\/2024\/wp-json\/wp\/v2\/comments?post=15272"}],"version-history":[{"count":2,"href":"https:\/\/sinprofaz.org.br\/2024\/wp-json\/wp\/v2\/posts\/15272\/revisions"}],"predecessor-version":[{"id":15277,"href":"https:\/\/sinprofaz.org.br\/2024\/wp-json\/wp\/v2\/posts\/15272\/revisions\/15277"}],"wp:featuredmedia":[{"embeddable":true,"href":"https:\/\/sinprofaz.org.br\/2024\/wp-json\/wp\/v2\/media\/14871"}],"wp:attachment":[{"href":"https:\/\/sinprofaz.org.br\/2024\/wp-json\/wp\/v2\/media?parent=15272"}],"wp:term":[{"taxonomy":"category","embeddable":true,"href":"https:\/\/sinprofaz.org.br\/2024\/wp-json\/wp\/v2\/categories?post=15272"},{"taxonomy":"post_tag","embeddable":true,"href":"https:\/\/sinprofaz.org.br\/2024\/wp-json\/wp\/v2\/tags?post=15272"}],"curies":[{"name":"wp","href":"https:\/\/api.w.org\/{rel}","templated":true}]}}