{"id":15251,"date":"2022-11-09T08:37:13","date_gmt":"2022-11-09T11:37:13","guid":{"rendered":"http:\/\/www.sinprofaz.org.br\/?p=15251"},"modified":"2022-11-09T08:38:43","modified_gmt":"2022-11-09T11:38:43","slug":"conheca-os-pfns-mais-votados-na-primeira-fase-da-lista-sextupla-para-agu","status":"publish","type":"post","link":"https:\/\/sinprofaz.org.br\/2024\/noticias\/conheca-os-pfns-mais-votados-na-primeira-fase-da-lista-sextupla-para-agu\/","title":{"rendered":"CONHE\u00c7A OS PFNS MAIS VOTADOS NA PRIMEIRA FASE DA LISTA S\u00caXTUPLA PARA AGU"},"content":{"rendered":"<p>O SINPROFAZ torna p\u00fablicos os nomes das Procuradoras e dos Procuradores da Fazenda Nacional que mais votos receberam na primeira fase de elei\u00e7\u00e3o da Lista S\u00eaxtupla para AGU. Os dez (10) escolhidos participar\u00e3o da segunda etapa do processo eleitoral. Os tr\u00eas (3) mais votados na fase final compor\u00e3o a Lista S\u00eaxtupla juntamente com tr\u00eas (3) Advogadas ou Advogados da Uni\u00e3o. A Lista \u00e9 uma iniciativa do F\u00f3rum Nacional da Advocacia P\u00fablica Federal, composto por SINPROFAZ, ANAJUR e ANAUNI.<\/p>\n<p>A seguir, em ordem alfab\u00e9tica, as Procuradoras e os Procuradores da Fazenda Nacional indicados pela Carreira para liderar a Advocacia-Geral da Uni\u00e3o:<\/p>\n<p><strong>Adriana Gomes de Paula Rocha<\/strong><br \/>\nProcuradora-Geral Adjunta de Consultoria e Estrat\u00e9gia da Representa\u00e7\u00e3o Judicial. Na PGFN, atua tamb\u00e9m como Procuradora-Geral da Fazenda Nacional Substituta. Mestranda e P\u00f3s-Graduada em Administra\u00e7\u00e3o P\u00fablica (FGV). Exerceu os cargos de Procuradora-Regional da PRFN 1\u00aa Regi\u00e3o, Procuradora-Chefe da PFN\/GO e Procuradora-Seccional da PSFN\/An\u00e1polis. Procuradora da Fazenda Nacional desde 2008. Integrante do Coletivo Feminino Tributos a Elas.<\/p>\n<p><strong>Andalessia Lana Borges<\/strong><br \/>\nProcuradora da Fazenda Nacional desde 2008, com atua\u00e7\u00e3o nos Tribunais Superiores. Ex-Assessora no STF e na PGR. Ex-Coordenadora da Atua\u00e7\u00e3o da PGFN no STJ (2016 a 2018). Atualmente \u00e9 Coordenadora das Estrat\u00e9gias Judiciais da Fazenda Nacional. Coidealizadora e Cofundadora do Movimento Tributos a Elas. Integrante do Grupo Tributa\u00e7\u00e3o e G\u00eanero (FGV-SP) e WIT. Integra o Movimento Tributos a Elas. Mestre em Direito e Pol\u00edticas P\u00fablicas (UniCEUB).<\/p>\n<p><strong>Anelize Lenzi Ruas de Almeida<\/strong><br \/>\nSubprocuradora-Geral da Fazenda Nacional. Mestre em Pol\u00edtica P\u00fablica (Universidade de Oxford) e P\u00f3s-Graduada em Administra\u00e7\u00e3o P\u00fablica (FGV). Atuou na Subchefia de Assuntos Jur\u00eddicos da Presid\u00eancia da Rep\u00fablica. Foi Procuradora-Chefe da D\u00edvida Ativa na 1\u00aa Regi\u00e3o, Chefe de Gabinete da Procuradoria-Geral da Fazenda Nacional e Diretora de Gest\u00e3o da D\u00edvida Ativa da Uni\u00e3o (atual Procuradoria-Geral Adjunta de Gest\u00e3o da D\u00edvida Ativa e do FGTS).<\/p>\n<p><strong>Claudia Aparecida de Souza Trindade<\/strong><br \/>\nProcuradora da Fazenda Nacional desde 1993. Doutora em Direito Econ\u00f4mico e Financeiro (USP). Especialista em Direito Privado (UFPR) e em Administra\u00e7\u00e3o P\u00fablica (FGV). Lotada na Coordena\u00e7\u00e3o-Geral de Assuntos Societ\u00e1rios da Uni\u00e3o. Atuou como Coordenadora da Atua\u00e7\u00e3o Judicial da Fazenda Nacional perante o STF e como Assessora Parlamentar da PGFN. Integra o Tributos a Elas. \u00c9 Conselheira Seccional da OAB\/DF.<\/p>\n<p><strong>Fabr\u00edcio Da Soller<\/strong><br \/>\nAssessor-Chefe da Assessoria Consultiva do Tribunal Superior Eleitoral. J\u00e1 exerceu os cargos de Procurador-Geral da Fazenda Nacional, Secret\u00e1rio-Geral de Consultoria da AGU, Consultor-Geral da Uni\u00e3o Substituto, Procurador-Geral Adjunto de Consultoria e Contencioso Tribut\u00e1rio, Adjunto do Advogado-Geral da Uni\u00e3o, dentre outros. \u00c9 p\u00f3s-graduado em Direito Tribut\u00e1rio (UCB), Direito Econ\u00f4mico e das Empresas (FGV) e Administra\u00e7\u00e3o P\u00fablica (FGV).<\/p>\n<p><strong>Francisco Tadeu Barbosa de Alencar<\/strong><br \/>\nDeputado federal (PSB\/PE) em segundo mandato, tendo sido l\u00edder do PSB em dois per\u00edodos (2018 e 2019) e vice-l\u00edder da oposi\u00e7\u00e3o ao Governo Bolsonaro, em 2021 e 2022. Membro titular da Comiss\u00e3o de Constitui\u00e7\u00e3o e Justi\u00e7a e Cidadania, da Comiss\u00e3o de Rela\u00e7\u00f5es Exteriores e da Comiss\u00e3o de Cultura. Preside a Frente Parlamentar em Defesa do Cinema e do Audiovisual brasileiros. Procurador da Fazenda Nacional desde 1993, exerceu, na PGFN, os cargos de Procurador-Geral Adjunto da Fazenda Nacional no primeiro Governo do Presidente Lula e de Procurador-Regional da PRFN 5\u00aa Regi\u00e3o. Foi Delegado Sindical do SINPROFAZ. Em Pernambuco, atuou como Procurador-Geral do Estado e como Secret\u00e1rio da Casa Civil no Governo de Eduardo Campos (2007 a 2014). Presidiu o Conselho de Administra\u00e7\u00e3o da Empresa Pernambuco de Comunica\u00e7\u00e3o (EPC) e o Conselho Fiscal do BNB. Especialista em Direito Tribut\u00e1rio (UFPE\/ESAF), participou do curso em Administra\u00e7\u00e3o Judicial &#8211; Programa Internacional de Treinamento (Universidade da Ge\u00f3rgia, Atlanta, EUA). Escritor e articulista do Jornal do Commercio desde 2010, publicou o livro Li\u00e7\u00f5es de Madrugada (2021). Em todos os 8 (oito) anos de mandato, foi colocado pelo DIAP entre os cabe\u00e7as do Congresso Nacional e, pelo Congresso em Foco, entre os 10 melhores parlamentares e parlamentar representante da Advocacia P\u00fablica (2019). \u00c9 o \u00fanico representante da AGU no Congresso Nacional.<\/p>\n<p><strong>Her\u00e1clio Mendes de Camargo Neto<\/strong><br \/>\nEx-Presidente do Sindicato Nacional dos Procuradores da Fazenda Nacional &#8211; SINPROFAZ (2013-2015). Mestre em Direito pela Universidade de Sheffield, Inglaterra. Bacharel em Direito pela Faculdade de Direito do Largo de S\u00e3o Francisco &#8211; Universidade de S\u00e3o Paulo (USP). Procurador da Fazenda Nacional na Divis\u00e3o de A\u00e7\u00f5es Especiais de Intelig\u00eancia Fiscal (DAESI) da PRFN3. Membro da Carreira desde 2003.<\/p>\n<p><strong>Jorge Rodrigo Ara\u00fajo Messias<\/strong><br \/>\nExerceu cargos como os de Subchefe para Assuntos Jur\u00eddicos da Presid\u00eancia da Rep\u00fablica e Subchefe de An\u00e1lise e Acompanhamento de Pol\u00edticas Governamentais da Casa Civil. No Minist\u00e9rio da Educa\u00e7\u00e3o, foi Consultor Jur\u00eddico e Secret\u00e1rio de Regula\u00e7\u00e3o e Supervis\u00e3o da Educa\u00e7\u00e3o Superior. Ex-Procurador do Banco Central do Brasil e ex-Consultor Jur\u00eddico do Minist\u00e9rio da Ci\u00eancia, Tecnologia e Inova\u00e7\u00e3o. Doutorando (UnB) e Mestre em Desenvolvimento, Sociedade e Coopera\u00e7\u00e3o Internacional (UnB). Atua\u00e7\u00e3o e pesquisa em Law, Development and Innovation e em Gest\u00e3o P\u00fablica e nas \u00e1reas de Direito Empresarial, Direito do Estado e da Regula\u00e7\u00e3o e Direito Administrativo Econ\u00f4mico.<\/p>\n<p><strong>Ricardo Soriano de Alencar<\/strong><br \/>\nProcurador-Geral da Fazenda Nacional, com quase 25 anos de advocacia p\u00fablica federal. Atuou como Procurador-Geral Adjunto da Consultoria Administrativa, como Coordenador-Geral Jur\u00eddico na PGFN e como Consultor da Uni\u00e3o. Foi membro de diversas bancas examinadoras de concursos p\u00fablicos, inclusive para o provimento de cargos de Procurador da Fazenda Nacional. Presidiu o Conselho Fiscal da CAIXA e o Conselho de Administra\u00e7\u00e3o do BNB, entre outras experi\u00eancias na Administra\u00e7\u00e3o indireta. Bacharel em Direito (UnB), \u00e9 especialista em Direito Administrativo (UGF), em Direito Constitucional (UGF) e em Ordem Jur\u00eddica e Minist\u00e9rio P\u00fablico (FESMPDFT). Foi tamb\u00e9m Procurador Federal.<\/p>\n<p><strong>Rog\u00e9rio Campos<\/strong><br \/>\nRepresentante da Carreira no CCHA, de cuja cria\u00e7\u00e3o participou ativamente, sendo inclusive o primeiro presidente. \u00c9 Diretor de Programa de Previd\u00eancia, Trabalho e Assist\u00eancia Social da Secretaria Executiva do Minist\u00e9rio da Economia, onde tamb\u00e9m atuou como Assessor Especial. Na Casa Civil da Presid\u00eancia da Rep\u00fablica, foi Subchefe Adjunto de Pol\u00edtica Econ\u00f4mica e, na PGFN, Coordenador-Geral da Representa\u00e7\u00e3o Judicial da Fazenda Nacional. Membro da atual comiss\u00e3o de concurso de ingresso na carreira de PFN. \u00c9 Mestre em Pol\u00edticas P\u00fablicas e Governo (FGV).<\/p>\n<p>A segunda etapa do processo eleitoral se inicia \u00e0s 9h de amanh\u00e3 (10), com prazo final definido para as 23h59 da sexta-feira (11). Para votar, os PFNs utilizar\u00e3o novamente a plataforma <a href=\"http:\/\/www.listatripliceagu.com.br\">www.listatripliceagu.com.br<\/a>. Nesta nova fase, filiadas e filiados ao SINPROFAZ poder\u00e3o votar em at\u00e9 tr\u00eas (3) nomes dentre os dez (10) vencedores da primeira etapa. A Lista S\u00eaxtupla ser\u00e1 conhecida no dia 14 de novembro e posteriormente entregue pelas entidades do FORVM ao Presidente da Rep\u00fablica eleito.<\/p>\n\n\t\t<style type=\"text\/css\">\n\t\t\t#gallery-1 {\n\t\t\t\tmargin: auto;\n\t\t\t}\n\t\t\t#gallery-1 .gallery-item {\n\t\t\t\tfloat: left;\n\t\t\t\tmargin-top: 10px;\n\t\t\t\ttext-align: center;\n\t\t\t\twidth: 33%;\n\t\t\t}\n\t\t\t#gallery-1 img {\n\t\t\t\tborder: 2px solid #cfcfcf;\n\t\t\t}\n\t\t\t#gallery-1 .gallery-caption {\n\t\t\t\tmargin-left: 0;\n\t\t\t}\n\t\t\t\/* see gallery_shortcode() in wp-includes\/media.php *\/\n\t\t<\/style>\n\t\t<div id='gallery-1' class='gallery galleryid-15251 gallery-columns-3 gallery-size-thumbnail'><dl class='gallery-item'>\n\t\t\t<dt class='gallery-icon landscape'>\n\t\t\t\t<a href='https:\/\/sinprofaz.org.br\/2024\/wp-content\/uploads\/2022\/11\/1.jpg'><img loading=\"lazy\" decoding=\"async\" width=\"150\" height=\"150\" src=\"https:\/\/sinprofaz.org.br\/2024\/wp-content\/uploads\/2022\/11\/1-150x150.jpg\" class=\"attachment-thumbnail size-thumbnail\" alt=\"\" aria-describedby=\"gallery-1-15252\" \/><\/a>\n\t\t\t<\/dt>\n\t\t\t\t<dd class='wp-caption-text gallery-caption' id='gallery-1-15252'>\n\t\t\t\tAdriana Gomes de Paula Rocha\n\t\t\t\t<\/dd><\/dl><dl class='gallery-item'>\n\t\t\t<dt class='gallery-icon landscape'>\n\t\t\t\t<a href='https:\/\/sinprofaz.org.br\/2024\/wp-content\/uploads\/2022\/11\/2.jpg'><img loading=\"lazy\" decoding=\"async\" width=\"150\" height=\"150\" src=\"https:\/\/sinprofaz.org.br\/2024\/wp-content\/uploads\/2022\/11\/2-150x150.jpg\" class=\"attachment-thumbnail size-thumbnail\" alt=\"\" aria-describedby=\"gallery-1-15253\" \/><\/a>\n\t\t\t<\/dt>\n\t\t\t\t<dd class='wp-caption-text gallery-caption' id='gallery-1-15253'>\n\t\t\t\tAndalessia Lana Borges C\u00e2mara\n\t\t\t\t<\/dd><\/dl><dl class='gallery-item'>\n\t\t\t<dt class='gallery-icon landscape'>\n\t\t\t\t<a href='https:\/\/sinprofaz.org.br\/2024\/wp-content\/uploads\/2022\/11\/3.jpg'><img loading=\"lazy\" decoding=\"async\" width=\"150\" height=\"150\" src=\"https:\/\/sinprofaz.org.br\/2024\/wp-content\/uploads\/2022\/11\/3-150x150.jpg\" class=\"attachment-thumbnail size-thumbnail\" alt=\"\" aria-describedby=\"gallery-1-15254\" \/><\/a>\n\t\t\t<\/dt>\n\t\t\t\t<dd class='wp-caption-text gallery-caption' id='gallery-1-15254'>\n\t\t\t\tAnelize Lenzi Ruas de Almeida\n\t\t\t\t<\/dd><\/dl><br style=\"clear: both\" \/><dl class='gallery-item'>\n\t\t\t<dt class='gallery-icon landscape'>\n\t\t\t\t<a href='https:\/\/sinprofaz.org.br\/2024\/wp-content\/uploads\/2022\/11\/4.jpg'><img loading=\"lazy\" decoding=\"async\" width=\"150\" height=\"150\" src=\"https:\/\/sinprofaz.org.br\/2024\/wp-content\/uploads\/2022\/11\/4-150x150.jpg\" class=\"attachment-thumbnail size-thumbnail\" alt=\"\" aria-describedby=\"gallery-1-15255\" \/><\/a>\n\t\t\t<\/dt>\n\t\t\t\t<dd class='wp-caption-text gallery-caption' id='gallery-1-15255'>\n\t\t\t\tClaudia Aparecida de Souza Trindade\n\t\t\t\t<\/dd><\/dl><dl class='gallery-item'>\n\t\t\t<dt class='gallery-icon landscape'>\n\t\t\t\t<a href='https:\/\/sinprofaz.org.br\/2024\/wp-content\/uploads\/2022\/11\/5.jpg'><img loading=\"lazy\" decoding=\"async\" width=\"150\" height=\"150\" src=\"https:\/\/sinprofaz.org.br\/2024\/wp-content\/uploads\/2022\/11\/5-150x150.jpg\" class=\"attachment-thumbnail size-thumbnail\" alt=\"\" aria-describedby=\"gallery-1-15256\" \/><\/a>\n\t\t\t<\/dt>\n\t\t\t\t<dd class='wp-caption-text gallery-caption' id='gallery-1-15256'>\n\t\t\t\tFabr\u00edcio Da Soller\n\t\t\t\t<\/dd><\/dl><dl class='gallery-item'>\n\t\t\t<dt class='gallery-icon landscape'>\n\t\t\t\t<a href='https:\/\/sinprofaz.org.br\/2024\/wp-content\/uploads\/2022\/11\/6.jpg'><img loading=\"lazy\" decoding=\"async\" width=\"150\" height=\"150\" src=\"https:\/\/sinprofaz.org.br\/2024\/wp-content\/uploads\/2022\/11\/6-150x150.jpg\" class=\"attachment-thumbnail size-thumbnail\" alt=\"\" aria-describedby=\"gallery-1-15257\" \/><\/a>\n\t\t\t<\/dt>\n\t\t\t\t<dd class='wp-caption-text gallery-caption' id='gallery-1-15257'>\n\t\t\t\tFrancisco Tadeu Barbosa de Alencar\n\t\t\t\t<\/dd><\/dl><br style=\"clear: both\" \/><dl class='gallery-item'>\n\t\t\t<dt class='gallery-icon landscape'>\n\t\t\t\t<a href='https:\/\/sinprofaz.org.br\/2024\/wp-content\/uploads\/2022\/11\/7.jpg'><img loading=\"lazy\" decoding=\"async\" width=\"150\" height=\"150\" src=\"https:\/\/sinprofaz.org.br\/2024\/wp-content\/uploads\/2022\/11\/7-150x150.jpg\" class=\"attachment-thumbnail size-thumbnail\" alt=\"\" aria-describedby=\"gallery-1-15258\" \/><\/a>\n\t\t\t<\/dt>\n\t\t\t\t<dd class='wp-caption-text gallery-caption' id='gallery-1-15258'>\n\t\t\t\tHer\u00e1clio Mendes de Camargo Neto\n\t\t\t\t<\/dd><\/dl><dl class='gallery-item'>\n\t\t\t<dt class='gallery-icon landscape'>\n\t\t\t\t<a href='https:\/\/sinprofaz.org.br\/2024\/wp-content\/uploads\/2022\/11\/8.jpg'><img loading=\"lazy\" decoding=\"async\" width=\"150\" height=\"150\" src=\"https:\/\/sinprofaz.org.br\/2024\/wp-content\/uploads\/2022\/11\/8-150x150.jpg\" class=\"attachment-thumbnail size-thumbnail\" alt=\"\" aria-describedby=\"gallery-1-15259\" \/><\/a>\n\t\t\t<\/dt>\n\t\t\t\t<dd class='wp-caption-text gallery-caption' id='gallery-1-15259'>\n\t\t\t\tJorge Rodrigo Ara\u00fajo Messias\n\t\t\t\t<\/dd><\/dl><dl class='gallery-item'>\n\t\t\t<dt class='gallery-icon landscape'>\n\t\t\t\t<a href='https:\/\/sinprofaz.org.br\/2024\/wp-content\/uploads\/2022\/11\/9.jpg'><img loading=\"lazy\" decoding=\"async\" width=\"150\" height=\"150\" src=\"https:\/\/sinprofaz.org.br\/2024\/wp-content\/uploads\/2022\/11\/9-150x150.jpg\" class=\"attachment-thumbnail size-thumbnail\" alt=\"\" aria-describedby=\"gallery-1-15260\" \/><\/a>\n\t\t\t<\/dt>\n\t\t\t\t<dd class='wp-caption-text gallery-caption' id='gallery-1-15260'>\n\t\t\t\tRicardo Soriano de Alencar\n\t\t\t\t<\/dd><\/dl><br style=\"clear: both\" \/><dl class='gallery-item'>\n\t\t\t<dt class='gallery-icon landscape'>\n\t\t\t\t<a href='https:\/\/sinprofaz.org.br\/2024\/wp-content\/uploads\/2022\/11\/10.jpg'><img loading=\"lazy\" decoding=\"async\" width=\"150\" height=\"150\" src=\"https:\/\/sinprofaz.org.br\/2024\/wp-content\/uploads\/2022\/11\/10-150x150.jpg\" class=\"attachment-thumbnail size-thumbnail\" alt=\"\" aria-describedby=\"gallery-1-15261\" \/><\/a>\n\t\t\t<\/dt>\n\t\t\t\t<dd class='wp-caption-text gallery-caption' id='gallery-1-15261'>\n\t\t\t\tRog\u00e9rio Campos\n\t\t\t\t<\/dd><\/dl>\n\t\t\t<br style='clear: both' \/>\n\t\t<\/div>\n\n","protected":false},"excerpt":{"rendered":"<p>O SINPROFAZ torna p\u00fablicos os nomes das Procuradoras e dos Procuradores da Fazenda Nacional que mais votos receberam na primeira fase de elei\u00e7\u00e3o da Lista S\u00eaxtupla para AGU. Os escolhidos participar\u00e3o da segunda etapa do processo eleitoral.<\/p>\n","protected":false},"author":2,"featured_media":14871,"comment_status":"open","ping_status":"open","sticky":false,"template":"","format":"standard","meta":{"footnotes":""},"categories":[8],"tags":[32,137,146,25],"featured_image_url":"https:\/\/sinprofaz.org.br\/2024\/wp-content\/uploads\/2022\/08\/logo-sinprofaz.jpg","character_count":4182,"formatted_date":"09\/11\/2022 - 08:37","contentNovo":"O SINPROFAZ torna p\u00fablicos os nomes das Procuradoras e dos Procuradores da Fazenda Nacional que mais votos receberam na primeira fase de elei\u00e7\u00e3o da Lista S\u00eaxtupla para AGU. Os dez (10) escolhidos participar\u00e3o da segunda etapa do processo eleitoral. Os tr\u00eas (3) mais votados na fase final compor\u00e3o a Lista S\u00eaxtupla juntamente com tr\u00eas (3) Advogadas ou Advogados da Uni\u00e3o. A Lista \u00e9 uma iniciativa do F\u00f3rum Nacional da Advocacia P\u00fablica Federal, composto por SINPROFAZ, ANAJUR e ANAUNI.\r\n\r\nA seguir, em ordem alfab\u00e9tica, as Procuradoras e os Procuradores da Fazenda Nacional indicados pela Carreira para liderar a Advocacia-Geral da Uni\u00e3o:\r\n\r\n<strong>Adriana Gomes de Paula Rocha<\/strong>\r\nProcuradora-Geral Adjunta de Consultoria e Estrat\u00e9gia da Representa\u00e7\u00e3o Judicial. Na PGFN, atua tamb\u00e9m como Procuradora-Geral da Fazenda Nacional Substituta. Mestranda e P\u00f3s-Graduada em Administra\u00e7\u00e3o P\u00fablica (FGV). Exerceu os cargos de Procuradora-Regional da PRFN 1\u00aa Regi\u00e3o, Procuradora-Chefe da PFN\/GO e Procuradora-Seccional da PSFN\/An\u00e1polis. Procuradora da Fazenda Nacional desde 2008. Integrante do Coletivo Feminino Tributos a Elas.\r\n\r\n<strong>Andalessia Lana Borges<\/strong>\r\nProcuradora da Fazenda Nacional desde 2008, com atua\u00e7\u00e3o nos Tribunais Superiores. Ex-Assessora no STF e na PGR. Ex-Coordenadora da Atua\u00e7\u00e3o da PGFN no STJ (2016 a 2018). Atualmente \u00e9 Coordenadora das Estrat\u00e9gias Judiciais da Fazenda Nacional. Coidealizadora e Cofundadora do Movimento Tributos a Elas. Integrante do Grupo Tributa\u00e7\u00e3o e G\u00eanero (FGV-SP) e WIT. Integra o Movimento Tributos a Elas. Mestre em Direito e Pol\u00edticas P\u00fablicas (UniCEUB).\r\n\r\n<strong>Anelize Lenzi Ruas de Almeida<\/strong>\r\nSubprocuradora-Geral da Fazenda Nacional. Mestre em Pol\u00edtica P\u00fablica (Universidade de Oxford) e P\u00f3s-Graduada em Administra\u00e7\u00e3o P\u00fablica (FGV). Atuou na Subchefia de Assuntos Jur\u00eddicos da Presid\u00eancia da Rep\u00fablica. Foi Procuradora-Chefe da D\u00edvida Ativa na 1\u00aa Regi\u00e3o, Chefe de Gabinete da Procuradoria-Geral da Fazenda Nacional e Diretora de Gest\u00e3o da D\u00edvida Ativa da Uni\u00e3o (atual Procuradoria-Geral Adjunta de Gest\u00e3o da D\u00edvida Ativa e do FGTS).\r\n\r\n<strong>Claudia Aparecida de Souza Trindade<\/strong>\r\nProcuradora da Fazenda Nacional desde 1993. Doutora em Direito Econ\u00f4mico e Financeiro (USP). Especialista em Direito Privado (UFPR) e em Administra\u00e7\u00e3o P\u00fablica (FGV). Lotada na Coordena\u00e7\u00e3o-Geral de Assuntos Societ\u00e1rios da Uni\u00e3o. Atuou como Coordenadora da Atua\u00e7\u00e3o Judicial da Fazenda Nacional perante o STF e como Assessora Parlamentar da PGFN. Integra o Tributos a Elas. \u00c9 Conselheira Seccional da OAB\/DF.\r\n\r\n<strong>Fabr\u00edcio Da Soller<\/strong>\r\nAssessor-Chefe da Assessoria Consultiva do Tribunal Superior Eleitoral. J\u00e1 exerceu os cargos de Procurador-Geral da Fazenda Nacional, Secret\u00e1rio-Geral de Consultoria da AGU, Consultor-Geral da Uni\u00e3o Substituto, Procurador-Geral Adjunto de Consultoria e Contencioso Tribut\u00e1rio, Adjunto do Advogado-Geral da Uni\u00e3o, dentre outros. \u00c9 p\u00f3s-graduado em Direito Tribut\u00e1rio (UCB), Direito Econ\u00f4mico e das Empresas (FGV) e Administra\u00e7\u00e3o P\u00fablica (FGV).\r\n\r\n<strong>Francisco Tadeu Barbosa de Alencar<\/strong>\r\nDeputado federal (PSB\/PE) em segundo mandato, tendo sido l\u00edder do PSB em dois per\u00edodos (2018 e 2019) e vice-l\u00edder da oposi\u00e7\u00e3o ao Governo Bolsonaro, em 2021 e 2022. Membro titular da Comiss\u00e3o de Constitui\u00e7\u00e3o e Justi\u00e7a e Cidadania, da Comiss\u00e3o de Rela\u00e7\u00f5es Exteriores e da Comiss\u00e3o de Cultura. Preside a Frente Parlamentar em Defesa do Cinema e do Audiovisual brasileiros. Procurador da Fazenda Nacional desde 1993, exerceu, na PGFN, os cargos de Procurador-Geral Adjunto da Fazenda Nacional no primeiro Governo do Presidente Lula e de Procurador-Regional da PRFN 5\u00aa Regi\u00e3o. Foi Delegado Sindical do SINPROFAZ. Em Pernambuco, atuou como Procurador-Geral do Estado e como Secret\u00e1rio da Casa Civil no Governo de Eduardo Campos (2007 a 2014). Presidiu o Conselho de Administra\u00e7\u00e3o da Empresa Pernambuco de Comunica\u00e7\u00e3o (EPC) e o Conselho Fiscal do BNB. Especialista em Direito Tribut\u00e1rio (UFPE\/ESAF), participou do curso em Administra\u00e7\u00e3o Judicial - Programa Internacional de Treinamento (Universidade da Ge\u00f3rgia, Atlanta, EUA). Escritor e articulista do Jornal do Commercio desde 2010, publicou o livro Li\u00e7\u00f5es de Madrugada (2021). Em todos os 8 (oito) anos de mandato, foi colocado pelo DIAP entre os cabe\u00e7as do Congresso Nacional e, pelo Congresso em Foco, entre os 10 melhores parlamentares e parlamentar representante da Advocacia P\u00fablica (2019). \u00c9 o \u00fanico representante da AGU no Congresso Nacional.\r\n\r\n<strong>Her\u00e1clio Mendes de Camargo Neto<\/strong>\r\nEx-Presidente do Sindicato Nacional dos Procuradores da Fazenda Nacional - SINPROFAZ (2013-2015). Mestre em Direito pela Universidade de Sheffield, Inglaterra. Bacharel em Direito pela Faculdade de Direito do Largo de S\u00e3o Francisco - Universidade de S\u00e3o Paulo (USP). Procurador da Fazenda Nacional na Divis\u00e3o de A\u00e7\u00f5es Especiais de Intelig\u00eancia Fiscal (DAESI) da PRFN3. Membro da Carreira desde 2003.\r\n\r\n<strong>Jorge Rodrigo Ara\u00fajo Messias<\/strong>\r\nExerceu cargos como os de Subchefe para Assuntos Jur\u00eddicos da Presid\u00eancia da Rep\u00fablica e Subchefe de An\u00e1lise e Acompanhamento de Pol\u00edticas Governamentais da Casa Civil. No Minist\u00e9rio da Educa\u00e7\u00e3o, foi Consultor Jur\u00eddico e Secret\u00e1rio de Regula\u00e7\u00e3o e Supervis\u00e3o da Educa\u00e7\u00e3o Superior. Ex-Procurador do Banco Central do Brasil e ex-Consultor Jur\u00eddico do Minist\u00e9rio da Ci\u00eancia, Tecnologia e Inova\u00e7\u00e3o. Doutorando (UnB) e Mestre em Desenvolvimento, Sociedade e Coopera\u00e7\u00e3o Internacional (UnB). Atua\u00e7\u00e3o e pesquisa em Law, Development and Innovation e em Gest\u00e3o P\u00fablica e nas \u00e1reas de Direito Empresarial, Direito do Estado e da Regula\u00e7\u00e3o e Direito Administrativo Econ\u00f4mico.\r\n\r\n<strong>Ricardo Soriano de Alencar<\/strong>\r\nProcurador-Geral da Fazenda Nacional, com quase 25 anos de advocacia p\u00fablica federal. Atuou como Procurador-Geral Adjunto da Consultoria Administrativa, como Coordenador-Geral Jur\u00eddico na PGFN e como Consultor da Uni\u00e3o. Foi membro de diversas bancas examinadoras de concursos p\u00fablicos, inclusive para o provimento de cargos de Procurador da Fazenda Nacional. Presidiu o Conselho Fiscal da CAIXA e o Conselho de Administra\u00e7\u00e3o do BNB, entre outras experi\u00eancias na Administra\u00e7\u00e3o indireta. Bacharel em Direito (UnB), \u00e9 especialista em Direito Administrativo (UGF), em Direito Constitucional (UGF) e em Ordem Jur\u00eddica e Minist\u00e9rio P\u00fablico (FESMPDFT). Foi tamb\u00e9m Procurador Federal.\r\n\r\n<strong>Rog\u00e9rio Campos<\/strong>\r\nRepresentante da Carreira no CCHA, de cuja cria\u00e7\u00e3o participou ativamente, sendo inclusive o primeiro presidente. \u00c9 Diretor de Programa de Previd\u00eancia, Trabalho e Assist\u00eancia Social da Secretaria Executiva do Minist\u00e9rio da Economia, onde tamb\u00e9m atuou como Assessor Especial. Na Casa Civil da Presid\u00eancia da Rep\u00fablica, foi Subchefe Adjunto de Pol\u00edtica Econ\u00f4mica e, na PGFN, Coordenador-Geral da Representa\u00e7\u00e3o Judicial da Fazenda Nacional. Membro da atual comiss\u00e3o de concurso de ingresso na carreira de PFN. \u00c9 Mestre em Pol\u00edticas P\u00fablicas e Governo (FGV).\r\n\r\nA segunda etapa do processo eleitoral se inicia \u00e0s 9h de amanh\u00e3 (10), com prazo final definido para as 23h59 da sexta-feira (11). Para votar, os PFNs utilizar\u00e3o novamente a plataforma <a href=\"http:\/\/www.listatripliceagu.com.br\">www.listatripliceagu.com.br<\/a>. Nesta nova fase, filiadas e filiados ao SINPROFAZ poder\u00e3o votar em at\u00e9 tr\u00eas (3) nomes dentre os dez (10) vencedores da primeira etapa. A Lista S\u00eaxtupla ser\u00e1 conhecida no dia 14 de novembro e posteriormente entregue pelas entidades do FORVM ao Presidente da Rep\u00fablica eleito.\r\n\r\n[gallery link=\"file\" ids=\"15252,15253,15254,15255,15256,15257,15258,15259,15260,15261\"]","_links":{"self":[{"href":"https:\/\/sinprofaz.org.br\/2024\/wp-json\/wp\/v2\/posts\/15251"}],"collection":[{"href":"https:\/\/sinprofaz.org.br\/2024\/wp-json\/wp\/v2\/posts"}],"about":[{"href":"https:\/\/sinprofaz.org.br\/2024\/wp-json\/wp\/v2\/types\/post"}],"author":[{"embeddable":true,"href":"https:\/\/sinprofaz.org.br\/2024\/wp-json\/wp\/v2\/users\/2"}],"replies":[{"embeddable":true,"href":"https:\/\/sinprofaz.org.br\/2024\/wp-json\/wp\/v2\/comments?post=15251"}],"version-history":[{"count":1,"href":"https:\/\/sinprofaz.org.br\/2024\/wp-json\/wp\/v2\/posts\/15251\/revisions"}],"predecessor-version":[{"id":15262,"href":"https:\/\/sinprofaz.org.br\/2024\/wp-json\/wp\/v2\/posts\/15251\/revisions\/15262"}],"wp:featuredmedia":[{"embeddable":true,"href":"https:\/\/sinprofaz.org.br\/2024\/wp-json\/wp\/v2\/media\/14871"}],"wp:attachment":[{"href":"https:\/\/sinprofaz.org.br\/2024\/wp-json\/wp\/v2\/media?parent=15251"}],"wp:term":[{"taxonomy":"category","embeddable":true,"href":"https:\/\/sinprofaz.org.br\/2024\/wp-json\/wp\/v2\/categories?post=15251"},{"taxonomy":"post_tag","embeddable":true,"href":"https:\/\/sinprofaz.org.br\/2024\/wp-json\/wp\/v2\/tags?post=15251"}],"curies":[{"name":"wp","href":"https:\/\/api.w.org\/{rel}","templated":true}]}}