{"id":1525,"date":"2013-11-06T13:51:19","date_gmt":"2013-11-06T13:51:19","guid":{"rendered":""},"modified":"-0001-11-30T00:00:00","modified_gmt":"-0001-11-30T03:00:00","slug":"pec-443-relatorio-que-contempla-os-advogados-publicos-ja-foi-lido-na-comissao-especial","status":"publish","type":"post","link":"https:\/\/sinprofaz.org.br\/2024\/noticias\/pec-443-relatorio-que-contempla-os-advogados-publicos-ja-foi-lido-na-comissao-especial\/","title":{"rendered":"PEC 443: relat\u00f3rio que contempla os Advogados P\u00fablicos j\u00e1 foi lido na Comiss\u00e3o Especial"},"content":{"rendered":"<p><img loading=\"lazy\" decoding=\"async\" style=\"margin-right: 10px; border: 1px solid #000000; float: left;\" alt=\"\" src=\"images\/noticias\/pec443\/foto-13.jpg\" height=\"154\" width=\"206\" \/><\/p>\n<p>Reunidos ontem, 05\/11, membros do colegiado ouviram leitura do relat\u00f3rio do deputado Mauro Benevides, o qual contempla os Advogados P\u00fablicos, e pedido de vista coletiva suspendeu discuss\u00e3o da mat\u00e9ria por duas sess\u00f5es.<\/p>\n<p>A Comiss\u00e3o Especial que analisa a proposta de emenda \u00e0 Constitui\u00e7\u00e3o e fixa a remunera\u00e7\u00e3o m\u00e1xima dos advogados p\u00fablicos (PEC 443\/09) reuniu-se nesta ter\u00e7a-feira e conheceu o parecer do relator, Mauro Benevides (PMDB-CE), que contempla os pleitos das Carreiras.<\/p>\n<p>De autoria do deputado Bonif\u00e1cio de Andrada (PSDB-MG), a PEC 443 estabelece que o maior sal\u00e1rio das carreiras da Advocacia-Geral da Uni\u00e3o (AGU) e das procuradorias dos estados e do Distrito Federal equivaler\u00e1 a 90,25% do sal\u00e1rio dos ministros do Supremo Tribunal Federal (STF), que \u00e9 hoje R$ 28.059.<\/p>\n<p>Logo ap\u00f3s a leitura do relat\u00f3rio, pedido de vista coletiva dos deputados Amauri Teixeira (PT-BA), Policarpo (PT-DF) e Jo\u00e3o Dado (SDD-SP) adiou o debate da proposi\u00e7\u00e3o por duas sess\u00f5es, de acordo com o que prev\u00ea o regimento interno da Casa Legislativa. Portanto, a retomada da discuss\u00e3o do texto de Benevides dever\u00e1 ser retomada em reuni\u00e3o j\u00e1 marcada para o dia 19 de novembro.<\/p>\n","protected":false},"excerpt":{"rendered":"<p>Reunidos ontem, 05\/11, membros do colegiado ouviram leitura do relat\u00f3rio do deputado Mauro Benevides, o qual contempla os Advogados P\u00fablicos, e pedido de vista coletiva suspendeu discuss\u00e3o da mat\u00e9ria por duas sess\u00f5es.<\/p>\n","protected":false},"author":1,"featured_media":0,"comment_status":"closed","ping_status":"open","sticky":false,"template":"","format":"standard","meta":{"footnotes":""},"categories":[8],"tags":[],"featured_image_url":"https:\/\/dummyimage.com\/720x400","character_count":593,"formatted_date":"06\/11\/2013 - 13:51","contentNovo":"\r\n<p><\/p>\r\n<p>Reunidos ontem, 05\/11, membros do colegiado ouviram leitura do relat\u00f3rio do deputado Mauro Benevides, o qual contempla os Advogados P\u00fablicos, e pedido de vista coletiva suspendeu discuss\u00e3o da mat\u00e9ria por duas sess\u00f5es.<\/p>\r\n<p>A Comiss\u00e3o Especial que analisa a proposta de emenda \u00e0 Constitui\u00e7\u00e3o e fixa a remunera\u00e7\u00e3o m\u00e1xima dos advogados p\u00fablicos (PEC 443\/09) reuniu-se nesta ter\u00e7a-feira e conheceu o parecer do relator, Mauro Benevides (PMDB-CE), que contempla os pleitos das Carreiras.<\/p>\r\n<p>De autoria do deputado Bonif\u00e1cio de Andrada (PSDB-MG), a PEC 443 estabelece que o maior sal\u00e1rio das carreiras da Advocacia-Geral da Uni\u00e3o (AGU) e das procuradorias dos estados e do Distrito Federal equivaler\u00e1 a 90,25% do sal\u00e1rio dos ministros do Supremo Tribunal Federal (STF), que \u00e9 hoje R$ 28.059.<\/p>\r\n<p>Logo ap\u00f3s a leitura do relat\u00f3rio, pedido de vista coletiva dos deputados Amauri Teixeira (PT-BA), Policarpo (PT-DF) e Jo\u00e3o Dado (SDD-SP) adiou o debate da proposi\u00e7\u00e3o por duas sess\u00f5es, de acordo com o que prev\u00ea o regimento interno da Casa Legislativa. Portanto, a retomada da discuss\u00e3o do texto de Benevides dever\u00e1 ser retomada em reuni\u00e3o j\u00e1 marcada para o dia 19 de novembro.<\/p>","_links":{"self":[{"href":"https:\/\/sinprofaz.org.br\/2024\/wp-json\/wp\/v2\/posts\/1525"}],"collection":[{"href":"https:\/\/sinprofaz.org.br\/2024\/wp-json\/wp\/v2\/posts"}],"about":[{"href":"https:\/\/sinprofaz.org.br\/2024\/wp-json\/wp\/v2\/types\/post"}],"author":[{"embeddable":true,"href":"https:\/\/sinprofaz.org.br\/2024\/wp-json\/wp\/v2\/users\/1"}],"replies":[{"embeddable":true,"href":"https:\/\/sinprofaz.org.br\/2024\/wp-json\/wp\/v2\/comments?post=1525"}],"version-history":[{"count":0,"href":"https:\/\/sinprofaz.org.br\/2024\/wp-json\/wp\/v2\/posts\/1525\/revisions"}],"wp:attachment":[{"href":"https:\/\/sinprofaz.org.br\/2024\/wp-json\/wp\/v2\/media?parent=1525"}],"wp:term":[{"taxonomy":"category","embeddable":true,"href":"https:\/\/sinprofaz.org.br\/2024\/wp-json\/wp\/v2\/categories?post=1525"},{"taxonomy":"post_tag","embeddable":true,"href":"https:\/\/sinprofaz.org.br\/2024\/wp-json\/wp\/v2\/tags?post=1525"}],"curies":[{"name":"wp","href":"https:\/\/api.w.org\/{rel}","templated":true}]}}