{"id":15227,"date":"2022-11-01T09:46:14","date_gmt":"2022-11-01T12:46:14","guid":{"rendered":"http:\/\/www.sinprofaz.org.br\/?p=15227"},"modified":"2022-11-01T09:46:14","modified_gmt":"2022-11-01T12:46:14","slug":"sinprofaz-garante-a-filiados-indenizacao-por-ferias-nao-gozadas","status":"publish","type":"post","link":"https:\/\/sinprofaz.org.br\/2024\/noticias\/sinprofaz-garante-a-filiados-indenizacao-por-ferias-nao-gozadas\/","title":{"rendered":"SINPROFAZ GARANTE A FILIADOS INDENIZA\u00c7\u00c3O POR F\u00c9RIAS N\u00c3O GOZADAS"},"content":{"rendered":"<p>O per\u00edodo de f\u00e9rias adquirido e n\u00e3o gozado, ou n\u00e3o utilizado para fins de aposentadoria, deve ser convertido em pec\u00fania. Essa foi a decis\u00e3o proferida pela 16\u00aa Vara Federal do Distrito Federal, ap\u00f3s julgar a\u00e7\u00e3o entre o SINPROFAZ e a Uni\u00e3o.<\/p>\n<p>Em raz\u00e3o de aposentadoria volunt\u00e1ria ou por invalidez permanente, Membros da Carreira passaram \u00e0 inatividade sem usufruir do direito aos respectivos per\u00edodos de f\u00e9rias. A n\u00e3o utiliza\u00e7\u00e3o deveria ter sido indenizada em pec\u00fania, o que n\u00e3o ocorreu.<\/p>\n<p>Entre os argumentos de defesa, a Uni\u00e3o alegou que, nos autos, n\u00e3o foram comprovadas as aposentadorias dos PFNs. A senten\u00e7a, por sua vez, refutou o argumento e decidiu favoravelmente ao SINPROFAZ, representado, na a\u00e7\u00e3o, por Wagner Advogados Associados. Da decis\u00e3o cabe recurso.<\/p>\n","protected":false},"excerpt":{"rendered":"<p>Entre os argumentos de defesa, a Uni\u00e3o alegou que, nos autos, n\u00e3o foram comprovadas as aposentadorias dos PFNs. A senten\u00e7a, por sua vez, refutou o argumento e decidiu favoravelmente ao SINPROFAZ, representado, na a\u00e7\u00e3o, por Wagner Advogados Associados.<\/p>\n","protected":false},"author":2,"featured_media":14871,"comment_status":"open","ping_status":"open","sticky":false,"template":"","format":"standard","meta":{"footnotes":""},"categories":[8],"tags":[32,26,146,25],"featured_image_url":"https:\/\/sinprofaz.org.br\/2024\/wp-content\/uploads\/2022\/08\/logo-sinprofaz.jpg","character_count":394,"formatted_date":"01\/11\/2022 - 09:46","contentNovo":"O per\u00edodo de f\u00e9rias adquirido e n\u00e3o gozado, ou n\u00e3o utilizado para fins de aposentadoria, deve ser convertido em pec\u00fania. Essa foi a decis\u00e3o proferida pela 16\u00aa Vara Federal do Distrito Federal, ap\u00f3s julgar a\u00e7\u00e3o entre o SINPROFAZ e a Uni\u00e3o.\r\n\r\nEm raz\u00e3o de aposentadoria volunt\u00e1ria ou por invalidez permanente, Membros da Carreira passaram \u00e0 inatividade sem usufruir do direito aos respectivos per\u00edodos de f\u00e9rias. A n\u00e3o utiliza\u00e7\u00e3o deveria ter sido indenizada em pec\u00fania, o que n\u00e3o ocorreu.\r\n\r\nEntre os argumentos de defesa, a Uni\u00e3o alegou que, nos autos, n\u00e3o foram comprovadas as aposentadorias dos PFNs. A senten\u00e7a, por sua vez, refutou o argumento e decidiu favoravelmente ao SINPROFAZ, representado, na a\u00e7\u00e3o, por Wagner Advogados Associados. Da decis\u00e3o cabe recurso.","_links":{"self":[{"href":"https:\/\/sinprofaz.org.br\/2024\/wp-json\/wp\/v2\/posts\/15227"}],"collection":[{"href":"https:\/\/sinprofaz.org.br\/2024\/wp-json\/wp\/v2\/posts"}],"about":[{"href":"https:\/\/sinprofaz.org.br\/2024\/wp-json\/wp\/v2\/types\/post"}],"author":[{"embeddable":true,"href":"https:\/\/sinprofaz.org.br\/2024\/wp-json\/wp\/v2\/users\/2"}],"replies":[{"embeddable":true,"href":"https:\/\/sinprofaz.org.br\/2024\/wp-json\/wp\/v2\/comments?post=15227"}],"version-history":[{"count":1,"href":"https:\/\/sinprofaz.org.br\/2024\/wp-json\/wp\/v2\/posts\/15227\/revisions"}],"predecessor-version":[{"id":15228,"href":"https:\/\/sinprofaz.org.br\/2024\/wp-json\/wp\/v2\/posts\/15227\/revisions\/15228"}],"wp:featuredmedia":[{"embeddable":true,"href":"https:\/\/sinprofaz.org.br\/2024\/wp-json\/wp\/v2\/media\/14871"}],"wp:attachment":[{"href":"https:\/\/sinprofaz.org.br\/2024\/wp-json\/wp\/v2\/media?parent=15227"}],"wp:term":[{"taxonomy":"category","embeddable":true,"href":"https:\/\/sinprofaz.org.br\/2024\/wp-json\/wp\/v2\/categories?post=15227"},{"taxonomy":"post_tag","embeddable":true,"href":"https:\/\/sinprofaz.org.br\/2024\/wp-json\/wp\/v2\/tags?post=15227"}],"curies":[{"name":"wp","href":"https:\/\/api.w.org\/{rel}","templated":true}]}}