{"id":1522,"date":"2013-11-04T19:43:10","date_gmt":"2013-11-04T19:43:10","guid":{"rendered":""},"modified":"-0001-11-30T00:00:00","modified_gmt":"-0001-11-30T03:00:00","slug":"pb-sinprofaz-em-contato-com-parlamentares-na-defesa-dos-honorarios","status":"publish","type":"post","link":"https:\/\/sinprofaz.org.br\/2024\/noticias\/pb-sinprofaz-em-contato-com-parlamentares-na-defesa-dos-honorarios\/","title":{"rendered":"PB: SINPROFAZ em contato com parlamentares na defesa dos honor\u00e1rios"},"content":{"rendered":"<p>Nesta empreitada, representam o SINPROFAZ: o delegado sindical na Para\u00edba, Jo\u00e3o Soares da Costa Neto, e os colegas PFNs Marco Gadelha e Cesar Verzulei.<\/p>\n<p>A abordagem dos membros das Carreiras \u00e9 no sentido de pedir apoio \u00e0 aprova\u00e7\u00e3o do par\u00e1grafo que reconhece a titularidade dos honor\u00e1rios em favor dos advogados p\u00fablicos no projeto de lei do novo CPC.<\/p>\n<p>At\u00e9 o momento os seguintes deputados j\u00e1 foram visitados: Ruy Carneiro (PSDB) e Hugo Mota (PMDB), este \u00faltimo comprometendo-se a colaborar no convencimento de seus pares e, sobretudo, do l\u00edder do partido, deputado Eduardo Cunha (RJ).<\/p>\n<p>Ainda hoje os deputados Major F\u00e1bio (PROS) e Leonardo Gadelha (PSC) v\u00e3o receber representantes das Carreiras. Vale registrar tamb\u00e9m que o deputado Efraim Filho (DEM) novamente hipotecou seu apoio ao pleito. Outros Colegas Advogados P\u00fablicos fizeram contatos com os deputados Luiz Couto (PT) e Benjamim Maranh\u00e3o (PMDB).<\/p>\n","protected":false},"excerpt":{"rendered":"<p>&nbsp;<\/p>\n<p>Em for\u00e7a-tarefa, Advogados P\u00fablicos Federais est\u00e3o mantendo contato com os 12 parlamentares da bancada paraibana na C\u00e2mara.<\/p>\n","protected":false},"author":1,"featured_media":0,"comment_status":"closed","ping_status":"open","sticky":false,"template":"","format":"standard","meta":{"footnotes":""},"categories":[8],"tags":[],"featured_image_url":"https:\/\/dummyimage.com\/720x400","character_count":460,"formatted_date":"04\/11\/2013 - 19:43","contentNovo":"\r\n<p>Nesta empreitada, representam o SINPROFAZ: o delegado sindical na Para\u00edba, Jo\u00e3o Soares da Costa Neto, e os colegas PFNs Marco Gadelha e Cesar Verzulei.<\/p>\r\n<p>A abordagem dos membros das Carreiras \u00e9 no sentido de pedir apoio \u00e0 aprova\u00e7\u00e3o do par\u00e1grafo que reconhece a titularidade dos honor\u00e1rios em favor dos advogados p\u00fablicos no projeto de lei do novo CPC.<\/p>\r\n<p>At\u00e9 o momento os seguintes deputados j\u00e1 foram visitados: Ruy Carneiro (PSDB) e Hugo Mota (PMDB), este \u00faltimo comprometendo-se a colaborar no convencimento de seus pares e, sobretudo, do l\u00edder do partido, deputado Eduardo Cunha (RJ).<\/p>\r\n<p>Ainda hoje os deputados Major F\u00e1bio (PROS) e Leonardo Gadelha (PSC) v\u00e3o receber representantes das Carreiras. Vale registrar tamb\u00e9m que o deputado Efraim Filho (DEM) novamente hipotecou seu apoio ao pleito. Outros Colegas Advogados P\u00fablicos fizeram contatos com os deputados Luiz Couto (PT) e Benjamim Maranh\u00e3o (PMDB).<\/p>","_links":{"self":[{"href":"https:\/\/sinprofaz.org.br\/2024\/wp-json\/wp\/v2\/posts\/1522"}],"collection":[{"href":"https:\/\/sinprofaz.org.br\/2024\/wp-json\/wp\/v2\/posts"}],"about":[{"href":"https:\/\/sinprofaz.org.br\/2024\/wp-json\/wp\/v2\/types\/post"}],"author":[{"embeddable":true,"href":"https:\/\/sinprofaz.org.br\/2024\/wp-json\/wp\/v2\/users\/1"}],"replies":[{"embeddable":true,"href":"https:\/\/sinprofaz.org.br\/2024\/wp-json\/wp\/v2\/comments?post=1522"}],"version-history":[{"count":0,"href":"https:\/\/sinprofaz.org.br\/2024\/wp-json\/wp\/v2\/posts\/1522\/revisions"}],"wp:attachment":[{"href":"https:\/\/sinprofaz.org.br\/2024\/wp-json\/wp\/v2\/media?parent=1522"}],"wp:term":[{"taxonomy":"category","embeddable":true,"href":"https:\/\/sinprofaz.org.br\/2024\/wp-json\/wp\/v2\/categories?post=1522"},{"taxonomy":"post_tag","embeddable":true,"href":"https:\/\/sinprofaz.org.br\/2024\/wp-json\/wp\/v2\/tags?post=1522"}],"curies":[{"name":"wp","href":"https:\/\/api.w.org\/{rel}","templated":true}]}}