{"id":1521,"date":"2013-11-04T17:46:19","date_gmt":"2013-11-04T17:46:19","guid":{"rendered":""},"modified":"-0001-11-30T00:00:00","modified_gmt":"-0001-11-30T03:00:00","slug":"pe-sinprofaz-atua-nas-bases-junto-a-parlamentares-em-prol-dos-honorarios","status":"publish","type":"post","link":"https:\/\/sinprofaz.org.br\/2024\/noticias\/pe-sinprofaz-atua-nas-bases-junto-a-parlamentares-em-prol-dos-honorarios\/","title":{"rendered":"PE: SINPROFAZ atua nas bases junto a parlamentares em prol dos honor\u00e1rios"},"content":{"rendered":"<p><img loading=\"lazy\" decoding=\"async\" style=\"margin-right: 10px; margin-bottom: 5px; border: 1px solid #000000; float: left;\" alt=\"\" src=\"images\/noticias\/pe-sinprofaz-atua\/foto-2.jpg\" height=\"154\" width=\"218\" \/>Diretor, subdelegado sindical e outros PFNs pediram apoio a deputados de Pernambuco \u00e0 bandeira da Advocacia P\u00fablica na vota\u00e7\u00e3o do novo CPC.<\/p>\n<p>Os representantes da Carreira conversaram com tr\u00eas deputados federais de Pernambuco em seus escrit\u00f3rios no estado.<\/p>\n<p>O diretor de Rela\u00e7\u00f5es Intersindicais do Sindicato, Jo\u00e3o Paulo Cordeiro Cavalcanti, e o subdelegado Paulo Lins de Souza, juntamente como outros advogados p\u00fablicos federais visitaram os deputados Jo\u00e3o Paulo Lima (PT), Silvio Costa (PSC) e Eduardo da Fonte (PP).<\/p>\n<p>Neste momento decisivo para a Advocacia P\u00fablica, \u00e9 muito importante que os Colegas das bases colaborem na divulga\u00e7\u00e3o do pleito dos honor\u00e1rios junto aos parlamentares.Nos encontros, os membros das Carreiras esclareceram que os honor\u00e1rios fazem parte do Acordo Salarial firmado em 2012, inclusive resultando na cria\u00e7\u00e3o de Grupo de Trabalho no \u00e2mbito de AGU. A conclus\u00e3o do Grupo de Trabalho foi a de que a verba proveniente de honor\u00e1rios n\u00e3o pertence \u00e0 Uni\u00e3o mas sim aos Advogados P\u00fablicos.<\/p>\n<p><img loading=\"lazy\" decoding=\"async\" style=\"border: 1px solid #000000;\" alt=\"\" src=\"images\/noticias\/pe-sinprofaz-atua\/foto-1.jpg\" height=\"154\" width=\"218\" \/><img loading=\"lazy\" decoding=\"async\" style=\"margin-left: 10px; border: 1px solid #000000;\" alt=\"\" src=\"images\/noticias\/pe-sinprofaz-atua\/foto-12.jpg\" height=\"154\" width=\"218\" \/><\/p>\n","protected":false},"excerpt":{"rendered":"<p>Diretor, subdelegado sindical e outros PFNs pediram apoio a deputados de Pernambuco \u00e0 bandeira da Advocacia P\u00fablica na vota\u00e7\u00e3o do novo CPC.<\/p>\n","protected":false},"author":1,"featured_media":0,"comment_status":"closed","ping_status":"open","sticky":false,"template":"","format":"standard","meta":{"footnotes":""},"categories":[8],"tags":[],"featured_image_url":"https:\/\/dummyimage.com\/720x400","character_count":516,"formatted_date":"04\/11\/2013 - 17:46","contentNovo":"\r\n<p>Diretor, subdelegado sindical e outros PFNs pediram apoio a deputados de Pernambuco \u00e0 bandeira da Advocacia P\u00fablica na vota\u00e7\u00e3o do novo CPC.<\/p>\r\n<p>Os representantes da Carreira conversaram com tr\u00eas deputados federais de Pernambuco em seus escrit\u00f3rios no estado.<\/p>\r\n<p>O diretor de Rela\u00e7\u00f5es Intersindicais do Sindicato, Jo\u00e3o Paulo Cordeiro Cavalcanti, e o subdelegado Paulo Lins de Souza, juntamente como outros advogados p\u00fablicos federais visitaram os deputados Jo\u00e3o Paulo Lima (PT), Silvio Costa (PSC) e Eduardo da Fonte (PP).<\/p>\r\n<p>Neste momento decisivo para a Advocacia P\u00fablica, \u00e9 muito importante que os Colegas das bases colaborem na divulga\u00e7\u00e3o do pleito dos honor\u00e1rios junto aos parlamentares.Nos encontros, os membros das Carreiras esclareceram que os honor\u00e1rios fazem parte do Acordo Salarial firmado em 2012, inclusive resultando na cria\u00e7\u00e3o de Grupo de Trabalho no \u00e2mbito de AGU. A conclus\u00e3o do Grupo de Trabalho foi a de que a verba proveniente de honor\u00e1rios n\u00e3o pertence \u00e0 Uni\u00e3o mas sim aos Advogados P\u00fablicos.<\/p>\r\n<p><\/p>","_links":{"self":[{"href":"https:\/\/sinprofaz.org.br\/2024\/wp-json\/wp\/v2\/posts\/1521"}],"collection":[{"href":"https:\/\/sinprofaz.org.br\/2024\/wp-json\/wp\/v2\/posts"}],"about":[{"href":"https:\/\/sinprofaz.org.br\/2024\/wp-json\/wp\/v2\/types\/post"}],"author":[{"embeddable":true,"href":"https:\/\/sinprofaz.org.br\/2024\/wp-json\/wp\/v2\/users\/1"}],"replies":[{"embeddable":true,"href":"https:\/\/sinprofaz.org.br\/2024\/wp-json\/wp\/v2\/comments?post=1521"}],"version-history":[{"count":0,"href":"https:\/\/sinprofaz.org.br\/2024\/wp-json\/wp\/v2\/posts\/1521\/revisions"}],"wp:attachment":[{"href":"https:\/\/sinprofaz.org.br\/2024\/wp-json\/wp\/v2\/media?parent=1521"}],"wp:term":[{"taxonomy":"category","embeddable":true,"href":"https:\/\/sinprofaz.org.br\/2024\/wp-json\/wp\/v2\/categories?post=1521"},{"taxonomy":"post_tag","embeddable":true,"href":"https:\/\/sinprofaz.org.br\/2024\/wp-json\/wp\/v2\/tags?post=1521"}],"curies":[{"name":"wp","href":"https:\/\/api.w.org\/{rel}","templated":true}]}}