{"id":1519,"date":"2013-11-01T18:39:42","date_gmt":"2013-11-01T18:39:42","guid":{"rendered":""},"modified":"-0001-11-30T00:00:00","modified_gmt":"-0001-11-30T03:00:00","slug":"novo-cpc-sinprofaz-convoca-pfns-a-comparecerem-a-camara","status":"publish","type":"post","link":"https:\/\/sinprofaz.org.br\/2024\/noticias\/novo-cpc-sinprofaz-convoca-pfns-a-comparecerem-a-camara\/","title":{"rendered":"Novo CPC: SINPROFAZ convoca PFNs a comparecerem \u00e0 C\u00e2mara"},"content":{"rendered":"<p>O relat\u00f3rio do deputado Paulo Teixeira (PT-SP) que ir\u00e1 a votos na semana que vem cont\u00e9m par\u00e1grafo assegurando o recebimento de honor\u00e1rios advocat\u00edcios pelos advogados p\u00fablicos nos termos de lei espec\u00edfica (par\u00e1grafo 20, do artigo 85).<\/p>\n<p>O SINPROFAZ tem feito plant\u00e3o na C\u00e2mara desde a primeira vez que o projeto foi pautado em sess\u00e3o do plen\u00e1rio da C\u00e2mara e continuar\u00e1 vigilante at\u00e9 que a tramita\u00e7\u00e3o da mat\u00e9ria se conclua.<\/p>\n<p>A \u00faltima vers\u00e3o do projeto do novo CPC n\u00e3o chegou \u00e0s m\u00e3os dos deputados a tempo de vota\u00e7\u00e3o na \u00faltima quarta-feira (30). Por esse motivo, a discuss\u00e3o do texto foi adiada para a semana que vem.<\/p>\n<p>Alguns deputados est\u00e3o resistindo \u00e0 inclus\u00e3o dos honor\u00e1rios no texto do CPC e, caso n\u00e3o se costure um acordo de lideran\u00e7as, o assunto dever\u00e1 ser resolvido no voto, em plen\u00e1rio.<\/p>\n<p>A diretoria do SINPROFAZ convoca os membros da Carreira a lotarem as galerias do plen\u00e1rio da C\u00e2mara no dia da vota\u00e7\u00e3o. Os honor\u00e1rios s\u00e3o direito do advogado e n\u00e3o podemos nos intimidar na defesa deste pleito.<\/p>\n","protected":false},"excerpt":{"rendered":"<p>A vota\u00e7\u00e3o do novo C\u00f3digo de Processo Civil (PL 8046\/10, apensado ao PL 6025\/05) est\u00e1 marcada para a pr\u00f3xima ter\u00e7a-feira (5) \u00e0 tarde em sess\u00e3o extraordin\u00e1ria.<\/p>\n","protected":false},"author":1,"featured_media":0,"comment_status":"closed","ping_status":"open","sticky":false,"template":"","format":"standard","meta":{"footnotes":""},"categories":[8],"tags":[],"featured_image_url":"https:\/\/dummyimage.com\/720x400","character_count":521,"formatted_date":"01\/11\/2013 - 18:39","contentNovo":"\r\n<p>O relat\u00f3rio do deputado Paulo Teixeira (PT-SP) que ir\u00e1 a votos na semana que vem cont\u00e9m par\u00e1grafo assegurando o recebimento de honor\u00e1rios advocat\u00edcios pelos advogados p\u00fablicos nos termos de lei espec\u00edfica (par\u00e1grafo 20, do artigo 85).<\/p>\r\n<p>O SINPROFAZ tem feito plant\u00e3o na C\u00e2mara desde a primeira vez que o projeto foi pautado em sess\u00e3o do plen\u00e1rio da C\u00e2mara e continuar\u00e1 vigilante at\u00e9 que a tramita\u00e7\u00e3o da mat\u00e9ria se conclua.<\/p>\r\n<p>A \u00faltima vers\u00e3o do projeto do novo CPC n\u00e3o chegou \u00e0s m\u00e3os dos deputados a tempo de vota\u00e7\u00e3o na \u00faltima quarta-feira (30). Por esse motivo, a discuss\u00e3o do texto foi adiada para a semana que vem.<\/p>\r\n<p>Alguns deputados est\u00e3o resistindo \u00e0 inclus\u00e3o dos honor\u00e1rios no texto do CPC e, caso n\u00e3o se costure um acordo de lideran\u00e7as, o assunto dever\u00e1 ser resolvido no voto, em plen\u00e1rio.<\/p>\r\n<p>A diretoria do SINPROFAZ convoca os membros da Carreira a lotarem as galerias do plen\u00e1rio da C\u00e2mara no dia da vota\u00e7\u00e3o. Os honor\u00e1rios s\u00e3o direito do advogado e n\u00e3o podemos nos intimidar na defesa deste pleito.<\/p>","_links":{"self":[{"href":"https:\/\/sinprofaz.org.br\/2024\/wp-json\/wp\/v2\/posts\/1519"}],"collection":[{"href":"https:\/\/sinprofaz.org.br\/2024\/wp-json\/wp\/v2\/posts"}],"about":[{"href":"https:\/\/sinprofaz.org.br\/2024\/wp-json\/wp\/v2\/types\/post"}],"author":[{"embeddable":true,"href":"https:\/\/sinprofaz.org.br\/2024\/wp-json\/wp\/v2\/users\/1"}],"replies":[{"embeddable":true,"href":"https:\/\/sinprofaz.org.br\/2024\/wp-json\/wp\/v2\/comments?post=1519"}],"version-history":[{"count":0,"href":"https:\/\/sinprofaz.org.br\/2024\/wp-json\/wp\/v2\/posts\/1519\/revisions"}],"wp:attachment":[{"href":"https:\/\/sinprofaz.org.br\/2024\/wp-json\/wp\/v2\/media?parent=1519"}],"wp:term":[{"taxonomy":"category","embeddable":true,"href":"https:\/\/sinprofaz.org.br\/2024\/wp-json\/wp\/v2\/categories?post=1519"},{"taxonomy":"post_tag","embeddable":true,"href":"https:\/\/sinprofaz.org.br\/2024\/wp-json\/wp\/v2\/tags?post=1519"}],"curies":[{"name":"wp","href":"https:\/\/api.w.org\/{rel}","templated":true}]}}