{"id":15186,"date":"2022-10-17T08:29:21","date_gmt":"2022-10-17T11:29:21","guid":{"rendered":"http:\/\/www.sinprofaz.org.br\/?p=15186"},"modified":"2022-10-17T08:29:21","modified_gmt":"2022-10-17T11:29:21","slug":"sinprofaz-convida-filiados-para-webinar-com-presidente-da-funpresp","status":"publish","type":"post","link":"https:\/\/sinprofaz.org.br\/2024\/noticias\/sinprofaz-convida-filiados-para-webinar-com-presidente-da-funpresp\/","title":{"rendered":"SINPROFAZ CONVIDA FILIADOS PARA WEBINAR COM PRESIDENTE DA FUNPRESP"},"content":{"rendered":"<p>O SINPROFAZ e o F\u00f3rum Nacional Permanente de Carreiras T\u00edpicas de Estado &#8211; Fonacate convidam a Carreira para um importante evento virtual: em webinar no dia 26 de outubro, \u00e0s 14h30, Cristiano Heckert, presidente da Funpresp, sanar\u00e1 d\u00favidas sobre a ades\u00e3o ao regime de previd\u00eancia complementar. O evento ser\u00e1 transmitido ao vivo pelo Facebook do SINPROFAZ (<a href=\"https:\/\/www.facebook.com\/sinprofaz\">facebook.com\/sinprofaz<\/a>), assim como pelo YouTube do Fonacate. Participe!<\/p>\n<p><strong>Medida Provis\u00f3ria 1.119\/2022<\/strong><br \/>\nEm 4 de outubro, o Senado Federal aprovou a MP 1.119, que mant\u00e9m aberto, at\u00e9 30 de novembro, o prazo para que servidoras e servidores federais migrem de regime previdenci\u00e1rio. Assim, todos que ingressaram no servi\u00e7o p\u00fablico antes de 2013 poder\u00e3o migrar do Regime Pr\u00f3prio (RPPS) para o Regime de Previd\u00eancia Complementar (RPC). Ap\u00f3s a aprova\u00e7\u00e3o no Congresso Nacional, a mat\u00e9ria aguarda san\u00e7\u00e3o presidencial.<\/p>\n<p><strong><em>Tira-d\u00favidas sobre a migra\u00e7\u00e3o<\/em><\/strong><br \/>\n<em>Webinar no dia 26 de outubro, \u00e0s 14h30<\/em><br \/>\n<em>Com Cristiano Heckert, presidente da Funpresp<\/em><br \/>\n<em>Ao vivo em <a href=\"https:\/\/www.facebook.com\/sinprofaz\">facebook.com\/sinprofaz<\/a><\/em><\/p>\n","protected":false},"excerpt":{"rendered":"<p>Em webinar no dia 26 de outubro, \u00e0s 14h30, Cristiano Heckert, presidente da Funpresp, sanar\u00e1 d\u00favidas sobre a ades\u00e3o ao regime de previd\u00eancia complementar. O evento ser\u00e1 transmitido ao vivo pelo Facebook do SINPROFAZ. Participe!<\/p>\n","protected":false},"author":2,"featured_media":15187,"comment_status":"open","ping_status":"open","sticky":false,"template":"","format":"standard","meta":{"footnotes":""},"categories":[8],"tags":[122,76,25],"featured_image_url":"https:\/\/sinprofaz.org.br\/2024\/wp-content\/uploads\/2022\/10\/a-mp-1.119.png","character_count":523,"formatted_date":"17\/10\/2022 - 08:29","contentNovo":"O SINPROFAZ e o F\u00f3rum Nacional Permanente de Carreiras T\u00edpicas de Estado - Fonacate convidam a Carreira para um importante evento virtual: em webinar no dia 26 de outubro, \u00e0s 14h30, Cristiano Heckert, presidente da Funpresp, sanar\u00e1 d\u00favidas sobre a ades\u00e3o ao regime de previd\u00eancia complementar. O evento ser\u00e1 transmitido ao vivo pelo Facebook do SINPROFAZ (<a href=\"https:\/\/www.facebook.com\/sinprofaz\">facebook.com\/sinprofaz<\/a>), assim como pelo YouTube do Fonacate. Participe!\r\n\r\n<strong>Medida Provis\u00f3ria 1.119\/2022<\/strong>\r\nEm 4 de outubro, o Senado Federal aprovou a MP 1.119, que mant\u00e9m aberto, at\u00e9 30 de novembro, o prazo para que servidoras e servidores federais migrem de regime previdenci\u00e1rio. Assim, todos que ingressaram no servi\u00e7o p\u00fablico antes de 2013 poder\u00e3o migrar do Regime Pr\u00f3prio (RPPS) para o Regime de Previd\u00eancia Complementar (RPC). Ap\u00f3s a aprova\u00e7\u00e3o no Congresso Nacional, a mat\u00e9ria aguarda san\u00e7\u00e3o presidencial.\r\n\r\n<strong><em>Tira-d\u00favidas sobre a migra\u00e7\u00e3o<\/em><\/strong>\r\n<em>Webinar no dia 26 de outubro, \u00e0s 14h30<\/em>\r\n<em>Com Cristiano Heckert, presidente da Funpresp<\/em>\r\n<em>Ao vivo em <a href=\"https:\/\/www.facebook.com\/sinprofaz\">facebook.com\/sinprofaz<\/a><\/em>","_links":{"self":[{"href":"https:\/\/sinprofaz.org.br\/2024\/wp-json\/wp\/v2\/posts\/15186"}],"collection":[{"href":"https:\/\/sinprofaz.org.br\/2024\/wp-json\/wp\/v2\/posts"}],"about":[{"href":"https:\/\/sinprofaz.org.br\/2024\/wp-json\/wp\/v2\/types\/post"}],"author":[{"embeddable":true,"href":"https:\/\/sinprofaz.org.br\/2024\/wp-json\/wp\/v2\/users\/2"}],"replies":[{"embeddable":true,"href":"https:\/\/sinprofaz.org.br\/2024\/wp-json\/wp\/v2\/comments?post=15186"}],"version-history":[{"count":1,"href":"https:\/\/sinprofaz.org.br\/2024\/wp-json\/wp\/v2\/posts\/15186\/revisions"}],"predecessor-version":[{"id":15188,"href":"https:\/\/sinprofaz.org.br\/2024\/wp-json\/wp\/v2\/posts\/15186\/revisions\/15188"}],"wp:featuredmedia":[{"embeddable":true,"href":"https:\/\/sinprofaz.org.br\/2024\/wp-json\/wp\/v2\/media\/15187"}],"wp:attachment":[{"href":"https:\/\/sinprofaz.org.br\/2024\/wp-json\/wp\/v2\/media?parent=15186"}],"wp:term":[{"taxonomy":"category","embeddable":true,"href":"https:\/\/sinprofaz.org.br\/2024\/wp-json\/wp\/v2\/categories?post=15186"},{"taxonomy":"post_tag","embeddable":true,"href":"https:\/\/sinprofaz.org.br\/2024\/wp-json\/wp\/v2\/tags?post=15186"}],"curies":[{"name":"wp","href":"https:\/\/api.w.org\/{rel}","templated":true}]}}