{"id":15166,"date":"2022-10-11T08:37:53","date_gmt":"2022-10-11T11:37:53","guid":{"rendered":"http:\/\/www.sinprofaz.org.br\/?p=15166"},"modified":"2022-10-13T10:14:04","modified_gmt":"2022-10-13T13:14:04","slug":"em-palestra-para-a-carreira-neurologista-aborda-o-problema-do-burnout","status":"publish","type":"post","link":"https:\/\/sinprofaz.org.br\/2024\/noticias\/em-palestra-para-a-carreira-neurologista-aborda-o-problema-do-burnout\/","title":{"rendered":"EM PALESTRA PARA A CARREIRA, NEUROLOGISTA ABORDA O PROBLEMA DO BURNOUT"},"content":{"rendered":"<p>O Diagn\u00f3stico Epidemiol\u00f3gico de Sa\u00fade Mental e Qualidade de Vida e de Trabalho na PFN, realizado pelo SINPROFAZ em 2021, revelou um cen\u00e1rio preocupante: procuradoras e procuradores da Fazenda Nacional se encontram em um grave estado de estresse ocupacional e fadiga capaz de desencadear o <em>burnout<\/em>, isto \u00e9, o colapso emocional, cognitivo e f\u00edsico. Em vista disso, o Setembro Amarelo 2022 foi marcado, na PGFN, por uma confer\u00eancia sobre o tema &#8220;O que voc\u00ea precisa saber sobre o <em>Burnout<\/em>&#8220;. O conferencista convidado foi Leandro Teles, m\u00e9dico neurologista formado e especializado pela USP, membro da Academia Brasileira de Neurologia e autor de quatro livros sobre sa\u00fade mental e cognitiva.<\/p>\n<p>De acordo com Leandro Teles, o tema do <em>burnout<\/em> merece discuss\u00e3o, pois, enquanto problema da sa\u00fade mental moderna, envolve muitas d\u00favidas. Segundo o neurologista, por atingir um grande n\u00famero de pessoas, o <em>burnout<\/em> n\u00e3o \u00e9 uma quest\u00e3o individual, mas um problema social. &#8220;Existe uma glamouriza\u00e7\u00e3o do estresse. Que tipo de rela\u00e7\u00f5es de trabalho nossa sociedade est\u00e1 fomentando?&#8221;, provocou. O excesso de burocracia, a quantidade de processos e a baixa toler\u00e2ncia ao erro s\u00e3o, conforme o neurologista, alguns dos motivos do esgotamento cerebral de muitos trabalhadores. Nessa realidade, combater o preconceito com rela\u00e7\u00e3o a doen\u00e7as mentais \u00e9 fundamental, afirmou Teles.<\/p>\n<p>O conferencista chamou a aten\u00e7\u00e3o do p\u00fablico para o preju\u00edzo provocado pelo <em>burnout<\/em>: o profissional tem a sa\u00fade deteriorada; a institui\u00e7\u00e3o perde os bons funcion\u00e1rios do quadro e a sociedade passa a ser mal atendida, haja vista o contexto de estresse em que se encontram os servidores p\u00fablicos. &#8220;O melhor para a produtividade \u00e9 um c\u00e9rebro saud\u00e1vel.&#8221; Na vis\u00e3o de Leandro Teles, muitos profissionais v\u00eam trabalhando em um ritmo insustent\u00e1vel e exigindo do c\u00e9rebro mais do que o \u00f3rg\u00e3o pode entregar. Por isso \u00e9 falsa a tese de que &#8220;ningu\u00e9m morre de trabalhar&#8221;. &#8220;O trabalho, hoje, est\u00e1 no centro das nossas vidas e da vida dos que infartam, que t\u00eam arritmia, que t\u00eam um derrame&#8221;, concluiu o neurologista.<\/p>\n<p>Teles ressaltou o fato de o trabalho consumir os anos de maior vitalidade de uma pessoa, assim como as horas mais produtivas do dia dela. Da\u00ed o <em>burnout<\/em> ser o desfecho de meses, anos ou d\u00e9cadas de dedica\u00e7\u00e3o a uma rela\u00e7\u00e3o laboral prec\u00e1ria. &#8220;O estresse faz parte da vida, mas com intensidade, frequ\u00eancia e gatilhos aceit\u00e1veis. Ele deve surgir em momentos fora da curva. O estresse laboral cr\u00f4nico leva ao esgotamento mental&#8221;, sintetizou. De acordo com o especialista, a baixa autoestima, a impulsividade, a compuls\u00e3o, a irritabilidade e o sofrimento antecipado s\u00e3o sintomas ps\u00edquicos do estresse descompensado, que antecede o completo esgotamento. &#8220;Se tudo est\u00e1 no prisma da melancolia, do ritmo fren\u00e9tico, da fadiga e da ansiedade, \u00e9 bem poss\u00edvel que j\u00e1 exista um problema de sa\u00fade.&#8221;<\/p>\n<p>A \u00edntegra da palestra est\u00e1 dispon\u00edvel em: <a href=\"https:\/\/www.youtube.com\/watch?v=anuf8yBCEnc\">bit.ly\/SetembroAmareloSINPROFAZ<\/a><\/p>\n\n\t\t<style type=\"text\/css\">\n\t\t\t#gallery-1 {\n\t\t\t\tmargin: auto;\n\t\t\t}\n\t\t\t#gallery-1 .gallery-item {\n\t\t\t\tfloat: left;\n\t\t\t\tmargin-top: 10px;\n\t\t\t\ttext-align: center;\n\t\t\t\twidth: 33%;\n\t\t\t}\n\t\t\t#gallery-1 img {\n\t\t\t\tborder: 2px solid #cfcfcf;\n\t\t\t}\n\t\t\t#gallery-1 .gallery-caption {\n\t\t\t\tmargin-left: 0;\n\t\t\t}\n\t\t\t\/* see gallery_shortcode() in wp-includes\/media.php *\/\n\t\t<\/style>\n\t\t<div id='gallery-1' class='gallery galleryid-15166 gallery-columns-3 gallery-size-thumbnail'><dl class='gallery-item'>\n\t\t\t<dt class='gallery-icon landscape'>\n\t\t\t\t<a href='https:\/\/sinprofaz.org.br\/2024\/wp-content\/uploads\/2022\/10\/teles-2.jpg'><img loading=\"lazy\" decoding=\"async\" width=\"150\" height=\"150\" src=\"https:\/\/sinprofaz.org.br\/2024\/wp-content\/uploads\/2022\/10\/teles-2-150x150.jpg\" class=\"attachment-thumbnail size-thumbnail\" alt=\"\" \/><\/a>\n\t\t\t<\/dt><\/dl>\n\t\t\t<br style='clear: both' \/>\n\t\t<\/div>\n\n","protected":false},"excerpt":{"rendered":"<p>O Setembro Amarelo 2022 contou com a participa\u00e7\u00e3o do conferencista Leandro Teles, m\u00e9dico formado e especializado pela USP, membro da Academia Brasileira de Neurologia e autor de quatro livros sobre sa\u00fade mental e cognitiva.<\/p>\n","protected":false},"author":2,"featured_media":15167,"comment_status":"open","ping_status":"open","sticky":false,"template":"","format":"standard","meta":{"footnotes":""},"categories":[8],"tags":[44,166,25],"featured_image_url":"https:\/\/sinprofaz.org.br\/2024\/wp-content\/uploads\/2022\/10\/teles-1.jpg","character_count":1708,"formatted_date":"11\/10\/2022 - 08:37","contentNovo":"O Diagn\u00f3stico Epidemiol\u00f3gico de Sa\u00fade Mental e Qualidade de Vida e de Trabalho na PFN, realizado pelo SINPROFAZ em 2021, revelou um cen\u00e1rio preocupante: procuradoras e procuradores da Fazenda Nacional se encontram em um grave estado de estresse ocupacional e fadiga capaz de desencadear o <em>burnout<\/em>, isto \u00e9, o colapso emocional, cognitivo e f\u00edsico. Em vista disso, o Setembro Amarelo 2022 foi marcado, na PGFN, por uma confer\u00eancia sobre o tema \"O que voc\u00ea precisa saber sobre o <em>Burnout<\/em>\". O conferencista convidado foi Leandro Teles, m\u00e9dico neurologista formado e especializado pela USP, membro da Academia Brasileira de Neurologia e autor de quatro livros sobre sa\u00fade mental e cognitiva.\r\n\r\nDe acordo com Leandro Teles, o tema do <em>burnout<\/em> merece discuss\u00e3o, pois, enquanto problema da sa\u00fade mental moderna, envolve muitas d\u00favidas. Segundo o neurologista, por atingir um grande n\u00famero de pessoas, o <em>burnout<\/em> n\u00e3o \u00e9 uma quest\u00e3o individual, mas um problema social. \"Existe uma glamouriza\u00e7\u00e3o do estresse. Que tipo de rela\u00e7\u00f5es de trabalho nossa sociedade est\u00e1 fomentando?\", provocou. O excesso de burocracia, a quantidade de processos e a baixa toler\u00e2ncia ao erro s\u00e3o, conforme o neurologista, alguns dos motivos do esgotamento cerebral de muitos trabalhadores. Nessa realidade, combater o preconceito com rela\u00e7\u00e3o a doen\u00e7as mentais \u00e9 fundamental, afirmou Teles.\r\n\r\nO conferencista chamou a aten\u00e7\u00e3o do p\u00fablico para o preju\u00edzo provocado pelo <em>burnout<\/em>: o profissional tem a sa\u00fade deteriorada; a institui\u00e7\u00e3o perde os bons funcion\u00e1rios do quadro e a sociedade passa a ser mal atendida, haja vista o contexto de estresse em que se encontram os servidores p\u00fablicos. \"O melhor para a produtividade \u00e9 um c\u00e9rebro saud\u00e1vel.\" Na vis\u00e3o de Leandro Teles, muitos profissionais v\u00eam trabalhando em um ritmo insustent\u00e1vel e exigindo do c\u00e9rebro mais do que o \u00f3rg\u00e3o pode entregar. Por isso \u00e9 falsa a tese de que \"ningu\u00e9m morre de trabalhar\". \"O trabalho, hoje, est\u00e1 no centro das nossas vidas e da vida dos que infartam, que t\u00eam arritmia, que t\u00eam um derrame\", concluiu o neurologista.\r\n\r\nTeles ressaltou o fato de o trabalho consumir os anos de maior vitalidade de uma pessoa, assim como as horas mais produtivas do dia dela. Da\u00ed o <em>burnout<\/em> ser o desfecho de meses, anos ou d\u00e9cadas de dedica\u00e7\u00e3o a uma rela\u00e7\u00e3o laboral prec\u00e1ria. \"O estresse faz parte da vida, mas com intensidade, frequ\u00eancia e gatilhos aceit\u00e1veis. Ele deve surgir em momentos fora da curva. O estresse laboral cr\u00f4nico leva ao esgotamento mental\", sintetizou. De acordo com o especialista, a baixa autoestima, a impulsividade, a compuls\u00e3o, a irritabilidade e o sofrimento antecipado s\u00e3o sintomas ps\u00edquicos do estresse descompensado, que antecede o completo esgotamento. \"Se tudo est\u00e1 no prisma da melancolia, do ritmo fren\u00e9tico, da fadiga e da ansiedade, \u00e9 bem poss\u00edvel que j\u00e1 exista um problema de sa\u00fade.\"\r\n\r\nA \u00edntegra da palestra est\u00e1 dispon\u00edvel em: <a href=\"https:\/\/www.youtube.com\/watch?v=anuf8yBCEnc\">bit.ly\/SetembroAmareloSINPROFAZ<\/a>\r\n\r\n[gallery link=\"file\" ids=\"15168\"]","_links":{"self":[{"href":"https:\/\/sinprofaz.org.br\/2024\/wp-json\/wp\/v2\/posts\/15166"}],"collection":[{"href":"https:\/\/sinprofaz.org.br\/2024\/wp-json\/wp\/v2\/posts"}],"about":[{"href":"https:\/\/sinprofaz.org.br\/2024\/wp-json\/wp\/v2\/types\/post"}],"author":[{"embeddable":true,"href":"https:\/\/sinprofaz.org.br\/2024\/wp-json\/wp\/v2\/users\/2"}],"replies":[{"embeddable":true,"href":"https:\/\/sinprofaz.org.br\/2024\/wp-json\/wp\/v2\/comments?post=15166"}],"version-history":[{"count":3,"href":"https:\/\/sinprofaz.org.br\/2024\/wp-json\/wp\/v2\/posts\/15166\/revisions"}],"predecessor-version":[{"id":15175,"href":"https:\/\/sinprofaz.org.br\/2024\/wp-json\/wp\/v2\/posts\/15166\/revisions\/15175"}],"wp:featuredmedia":[{"embeddable":true,"href":"https:\/\/sinprofaz.org.br\/2024\/wp-json\/wp\/v2\/media\/15167"}],"wp:attachment":[{"href":"https:\/\/sinprofaz.org.br\/2024\/wp-json\/wp\/v2\/media?parent=15166"}],"wp:term":[{"taxonomy":"category","embeddable":true,"href":"https:\/\/sinprofaz.org.br\/2024\/wp-json\/wp\/v2\/categories?post=15166"},{"taxonomy":"post_tag","embeddable":true,"href":"https:\/\/sinprofaz.org.br\/2024\/wp-json\/wp\/v2\/tags?post=15166"}],"curies":[{"name":"wp","href":"https:\/\/api.w.org\/{rel}","templated":true}]}}