{"id":15120,"date":"2022-09-28T10:51:34","date_gmt":"2022-09-28T13:51:34","guid":{"rendered":"http:\/\/www.sinprofaz.org.br\/?p=15120"},"modified":"2022-09-29T10:12:50","modified_gmt":"2022-09-29T13:12:50","slug":"sinprofaz-se-reune-com-ccha-em-encontro-na-sede-da-agu","status":"publish","type":"post","link":"https:\/\/sinprofaz.org.br\/2024\/noticias\/sinprofaz-se-reune-com-ccha-em-encontro-na-sede-da-agu\/","title":{"rendered":"SINPROFAZ SE RE\u00daNE COM CCHA EM ENCONTRO NA SEDE DA AGU"},"content":{"rendered":"<p>O SINPROFAZ, representado pelo presidente Achilles Frias, compareceu ontem (27) \u00e0 reuni\u00e3o de apresenta\u00e7\u00e3o dos novos integrantes do CCHA. O encontro, que contou com a presen\u00e7a dos filiados Rog\u00e9rio Campos e Rafael Colembergue &#8211; representantes da Carreira no CCHA e no Conselho Fiscal do \u00f3rg\u00e3o -, foi conduzido pelo vice-advogado-geral da Uni\u00e3o, Adler Anaximandro.<\/p>\n<p>A reuni\u00e3o na sede da Advocacia-Geral da Uni\u00e3o, em Bras\u00edlia\/DF, representou a retomada do di\u00e1logo entre as entidades, o Conselho e a Institui\u00e7\u00e3o. Na oportunidade, os novos representantes, cujos mandatos tiveram in\u00edcio no dia 1\u00ba de setembro, apresentaram as diretrizes que nortear\u00e3o a gest\u00e3o e reafirmaram a disponibilidade do Conselho para receber sugest\u00f5es das carreiras, de modo a conferir ainda mais transpar\u00eancia ao trabalho realizado.<\/p>\n<p>Ao fazer uso da fala, o presidente do SINPROFAZ parabenizou os integrantes do Conselho pela disposi\u00e7\u00e3o em representar os Membros da AGU e pelo empenho desde sempre demonstrado. A congratula\u00e7\u00e3o foi dirigida especialmente ao Colega Rog\u00e9rio Campos, cuja dedica\u00e7\u00e3o e excel\u00eancia do trabalho, desde a cria\u00e7\u00e3o do CCHA, merece o reconhecimento de toda a Advocacia P\u00fablica.<\/p>\n\n\t\t<style type=\"text\/css\">\n\t\t\t#gallery-1 {\n\t\t\t\tmargin: auto;\n\t\t\t}\n\t\t\t#gallery-1 .gallery-item {\n\t\t\t\tfloat: left;\n\t\t\t\tmargin-top: 10px;\n\t\t\t\ttext-align: center;\n\t\t\t\twidth: 33%;\n\t\t\t}\n\t\t\t#gallery-1 img {\n\t\t\t\tborder: 2px solid #cfcfcf;\n\t\t\t}\n\t\t\t#gallery-1 .gallery-caption {\n\t\t\t\tmargin-left: 0;\n\t\t\t}\n\t\t\t\/* see gallery_shortcode() in wp-includes\/media.php *\/\n\t\t<\/style>\n\t\t<div id='gallery-1' class='gallery galleryid-15120 gallery-columns-3 gallery-size-thumbnail'><dl class='gallery-item'>\n\t\t\t<dt class='gallery-icon landscape'>\n\t\t\t\t<a href='https:\/\/sinprofaz.org.br\/2024\/wp-content\/uploads\/2022\/09\/AGU-2.jpg'><img loading=\"lazy\" decoding=\"async\" width=\"150\" height=\"150\" src=\"https:\/\/sinprofaz.org.br\/2024\/wp-content\/uploads\/2022\/09\/AGU-2-150x150.jpg\" class=\"attachment-thumbnail size-thumbnail\" alt=\"\" aria-describedby=\"gallery-1-15122\" \/><\/a>\n\t\t\t<\/dt>\n\t\t\t\t<dd class='wp-caption-text gallery-caption' id='gallery-1-15122'>\n\t\t\t\tPresidente faz uso da palavra\n\t\t\t\t<\/dd><\/dl><dl class='gallery-item'>\n\t\t\t<dt class='gallery-icon landscape'>\n\t\t\t\t<a href='https:\/\/sinprofaz.org.br\/2024\/wp-content\/uploads\/2022\/09\/AGU-3.jpg'><img loading=\"lazy\" decoding=\"async\" width=\"150\" height=\"150\" src=\"https:\/\/sinprofaz.org.br\/2024\/wp-content\/uploads\/2022\/09\/AGU-3-150x150.jpg\" class=\"attachment-thumbnail size-thumbnail\" alt=\"\" aria-describedby=\"gallery-1-15123\" \/><\/a>\n\t\t\t<\/dt>\n\t\t\t\t<dd class='wp-caption-text gallery-caption' id='gallery-1-15123'>\n\t\t\t\tAchilles Frias\n\t\t\t\t<\/dd><\/dl><dl class='gallery-item'>\n\t\t\t<dt class='gallery-icon landscape'>\n\t\t\t\t<a href='https:\/\/sinprofaz.org.br\/2024\/wp-content\/uploads\/2022\/09\/AGU-4.jpg'><img loading=\"lazy\" decoding=\"async\" width=\"150\" height=\"150\" src=\"https:\/\/sinprofaz.org.br\/2024\/wp-content\/uploads\/2022\/09\/AGU-4-150x150.jpg\" class=\"attachment-thumbnail size-thumbnail\" alt=\"\" aria-describedby=\"gallery-1-15124\" \/><\/a>\n\t\t\t<\/dt>\n\t\t\t\t<dd class='wp-caption-text gallery-caption' id='gallery-1-15124'>\n\t\t\t\tRog\u00e9rio Campos\n\t\t\t\t<\/dd><\/dl><br style=\"clear: both\" \/><dl class='gallery-item'>\n\t\t\t<dt class='gallery-icon landscape'>\n\t\t\t\t<a href='https:\/\/sinprofaz.org.br\/2024\/wp-content\/uploads\/2022\/09\/AGU-5.jpg'><img loading=\"lazy\" decoding=\"async\" width=\"150\" height=\"150\" src=\"https:\/\/sinprofaz.org.br\/2024\/wp-content\/uploads\/2022\/09\/AGU-5-150x150.jpg\" class=\"attachment-thumbnail size-thumbnail\" alt=\"\" aria-describedby=\"gallery-1-15125\" \/><\/a>\n\t\t\t<\/dt>\n\t\t\t\t<dd class='wp-caption-text gallery-caption' id='gallery-1-15125'>\n\t\t\t\tRafael Colembergue\n\t\t\t\t<\/dd><\/dl><dl class='gallery-item'>\n\t\t\t<dt class='gallery-icon landscape'>\n\t\t\t\t<a href='https:\/\/sinprofaz.org.br\/2024\/wp-content\/uploads\/2022\/09\/AGU-6.jpg'><img loading=\"lazy\" decoding=\"async\" width=\"150\" height=\"150\" src=\"https:\/\/sinprofaz.org.br\/2024\/wp-content\/uploads\/2022\/09\/AGU-6-150x150.jpg\" class=\"attachment-thumbnail size-thumbnail\" alt=\"\" aria-describedby=\"gallery-1-15126\" \/><\/a>\n\t\t\t<\/dt>\n\t\t\t\t<dd class='wp-caption-text gallery-caption' id='gallery-1-15126'>\n\t\t\t\tSede da AGU em Bras\u00edlia\/DF\n\t\t\t\t<\/dd><\/dl>\n\t\t\t<br style='clear: both' \/>\n\t\t<\/div>\n\n","protected":false},"excerpt":{"rendered":"<p>O SINPROFAZ, representado pelo presidente Achilles Frias, compareceu \u00e0 reuni\u00e3o com os integrantes do CCHA. O encontro contou com a presen\u00e7a de Rog\u00e9rio Campos e Rafael Colembergue, representantes da Carreira no CCHA e no Conselho Fiscal do \u00f3rg\u00e3o.<\/p>\n","protected":false},"author":2,"featured_media":15121,"comment_status":"open","ping_status":"open","sticky":false,"template":"","format":"standard","meta":{"footnotes":""},"categories":[8],"tags":[43,71,25],"featured_image_url":"https:\/\/sinprofaz.org.br\/2024\/wp-content\/uploads\/2022\/09\/AGU-1.jpg","character_count":895,"formatted_date":"28\/09\/2022 - 10:51","contentNovo":"O SINPROFAZ, representado pelo presidente Achilles Frias, compareceu ontem (27) \u00e0 reuni\u00e3o de apresenta\u00e7\u00e3o dos novos integrantes do CCHA. O encontro, que contou com a presen\u00e7a dos filiados Rog\u00e9rio Campos e Rafael Colembergue - representantes da Carreira no CCHA e no Conselho Fiscal do \u00f3rg\u00e3o -, foi conduzido pelo vice-advogado-geral da Uni\u00e3o, Adler Anaximandro.\r\n\r\nA reuni\u00e3o na sede da Advocacia-Geral da Uni\u00e3o, em Bras\u00edlia\/DF, representou a retomada do di\u00e1logo entre as entidades, o Conselho e a Institui\u00e7\u00e3o. Na oportunidade, os novos representantes, cujos mandatos tiveram in\u00edcio no dia 1\u00ba de setembro, apresentaram as diretrizes que nortear\u00e3o a gest\u00e3o e reafirmaram a disponibilidade do Conselho para receber sugest\u00f5es das carreiras, de modo a conferir ainda mais transpar\u00eancia ao trabalho realizado.\r\n\r\nAo fazer uso da fala, o presidente do SINPROFAZ parabenizou os integrantes do Conselho pela disposi\u00e7\u00e3o em representar os Membros da AGU e pelo empenho desde sempre demonstrado. A congratula\u00e7\u00e3o foi dirigida especialmente ao Colega Rog\u00e9rio Campos, cuja dedica\u00e7\u00e3o e excel\u00eancia do trabalho, desde a cria\u00e7\u00e3o do CCHA, merece o reconhecimento de toda a Advocacia P\u00fablica.\r\n\r\n[gallery link=\"file\" ids=\"15122,15123,15124,15125,15126\"]","_links":{"self":[{"href":"https:\/\/sinprofaz.org.br\/2024\/wp-json\/wp\/v2\/posts\/15120"}],"collection":[{"href":"https:\/\/sinprofaz.org.br\/2024\/wp-json\/wp\/v2\/posts"}],"about":[{"href":"https:\/\/sinprofaz.org.br\/2024\/wp-json\/wp\/v2\/types\/post"}],"author":[{"embeddable":true,"href":"https:\/\/sinprofaz.org.br\/2024\/wp-json\/wp\/v2\/users\/2"}],"replies":[{"embeddable":true,"href":"https:\/\/sinprofaz.org.br\/2024\/wp-json\/wp\/v2\/comments?post=15120"}],"version-history":[{"count":4,"href":"https:\/\/sinprofaz.org.br\/2024\/wp-json\/wp\/v2\/posts\/15120\/revisions"}],"predecessor-version":[{"id":15138,"href":"https:\/\/sinprofaz.org.br\/2024\/wp-json\/wp\/v2\/posts\/15120\/revisions\/15138"}],"wp:featuredmedia":[{"embeddable":true,"href":"https:\/\/sinprofaz.org.br\/2024\/wp-json\/wp\/v2\/media\/15121"}],"wp:attachment":[{"href":"https:\/\/sinprofaz.org.br\/2024\/wp-json\/wp\/v2\/media?parent=15120"}],"wp:term":[{"taxonomy":"category","embeddable":true,"href":"https:\/\/sinprofaz.org.br\/2024\/wp-json\/wp\/v2\/categories?post=15120"},{"taxonomy":"post_tag","embeddable":true,"href":"https:\/\/sinprofaz.org.br\/2024\/wp-json\/wp\/v2\/tags?post=15120"}],"curies":[{"name":"wp","href":"https:\/\/api.w.org\/{rel}","templated":true}]}}