{"id":15113,"date":"2022-09-27T08:35:01","date_gmt":"2022-09-27T11:35:01","guid":{"rendered":"http:\/\/www.sinprofaz.org.br\/?p=15113"},"modified":"2022-09-27T09:02:13","modified_gmt":"2022-09-27T12:02:13","slug":"entidades-conhecem-candidatos-que-se-comprometeram-com-o-servico-publico","status":"publish","type":"post","link":"https:\/\/sinprofaz.org.br\/2024\/noticias\/entidades-conhecem-candidatos-que-se-comprometeram-com-o-servico-publico\/","title":{"rendered":"ENTIDADES CONHECEM CANDIDATOS QUE SE COMPROMETERAM COM O SERVI\u00c7O P\u00daBLICO"},"content":{"rendered":"<p>O SINPROFAZ, representado pelo diretor S\u00e9rgio Carneiro, participou de assembleia geral do F\u00f3rum Nacional Permanente de Carreiras T\u00edpicas de Estado &#8211; Fonacate. Ao longo da reuni\u00e3o, os dirigentes associativos tomaram conhecimento dos nomes dos candidatos \u00e0s elei\u00e7\u00f5es gerais que subscreveram a Carta de Princ\u00edpios e que se comprometeram com os servidores p\u00fablicos. Entre os que assinaram o documento, est\u00e3o tr\u00eas filiados ao SINPROFAZ. Confira a lista completa de candidatos: <a href=\"https:\/\/www.sinprofaz.org.br\/pdfs\/lista-candidatos-eleicoes2022-6.pdf\">bit.ly\/3dh8679<\/a><\/p>\n<p>Ao tratar da medida provis\u00f3ria relativa \u00e0 Funpresp, o presidente do Fonacate informou a conquista de um avan\u00e7o relativo \u00e0 f\u00f3rmula de c\u00e1lculo do benef\u00edcio especial. O texto final da MP foi aprovado pela C\u00e2mara dos Deputados e aguarda delibera\u00e7\u00e3o do Senado Federal, onde provavelmente n\u00e3o sofrer\u00e1 altera\u00e7\u00f5es. Por fim, os presentes discutiram a tramita\u00e7\u00e3o do PL 252\/2003, referente \u00e0 Lei Geral dos Concursos. Aprovado na C\u00e2mara, o projeto seguiu para o Senado &#8211; Casa em que o Fonacate atuar\u00e1 com vistas a modifica\u00e7\u00f5es do texto.<\/p>\n","protected":false},"excerpt":{"rendered":"<p>Os dirigentes associativos tomaram conhecimento dos nomes dos candidatos \u00e0s elei\u00e7\u00f5es gerais que subscreveram a Carta de Princ\u00edpios e se comprometeram com os servidores. Entre os que assinaram o documento, est\u00e3o tr\u00eas filiados ao SINPROFAZ.<\/p>\n","protected":false},"author":2,"featured_media":15114,"comment_status":"open","ping_status":"open","sticky":false,"template":"","format":"standard","meta":{"footnotes":""},"categories":[8],"tags":[122,76,25],"featured_image_url":"https:\/\/sinprofaz.org.br\/2024\/wp-content\/uploads\/2022\/09\/ENTIDADES-CONHECEM-CANDIDATOS.png","character_count":528,"formatted_date":"27\/09\/2022 - 08:35","contentNovo":"O SINPROFAZ, representado pelo diretor S\u00e9rgio Carneiro, participou de assembleia geral do F\u00f3rum Nacional Permanente de Carreiras T\u00edpicas de Estado - Fonacate. Ao longo da reuni\u00e3o, os dirigentes associativos tomaram conhecimento dos nomes dos candidatos \u00e0s elei\u00e7\u00f5es gerais que subscreveram a Carta de Princ\u00edpios e que se comprometeram com os servidores p\u00fablicos. Entre os que assinaram o documento, est\u00e3o tr\u00eas filiados ao SINPROFAZ. Confira a lista completa de candidatos: <a href=\"https:\/\/www.sinprofaz.org.br\/pdfs\/lista-candidatos-eleicoes2022-6.pdf\">bit.ly\/3dh8679<\/a>\r\n\r\nAo tratar da medida provis\u00f3ria relativa \u00e0 Funpresp, o presidente do Fonacate informou a conquista de um avan\u00e7o relativo \u00e0 f\u00f3rmula de c\u00e1lculo do benef\u00edcio especial. O texto final da MP foi aprovado pela C\u00e2mara dos Deputados e aguarda delibera\u00e7\u00e3o do Senado Federal, onde provavelmente n\u00e3o sofrer\u00e1 altera\u00e7\u00f5es. Por fim, os presentes discutiram a tramita\u00e7\u00e3o do PL 252\/2003, referente \u00e0 Lei Geral dos Concursos. Aprovado na C\u00e2mara, o projeto seguiu para o Senado - Casa em que o Fonacate atuar\u00e1 com vistas a modifica\u00e7\u00f5es do texto.","_links":{"self":[{"href":"https:\/\/sinprofaz.org.br\/2024\/wp-json\/wp\/v2\/posts\/15113"}],"collection":[{"href":"https:\/\/sinprofaz.org.br\/2024\/wp-json\/wp\/v2\/posts"}],"about":[{"href":"https:\/\/sinprofaz.org.br\/2024\/wp-json\/wp\/v2\/types\/post"}],"author":[{"embeddable":true,"href":"https:\/\/sinprofaz.org.br\/2024\/wp-json\/wp\/v2\/users\/2"}],"replies":[{"embeddable":true,"href":"https:\/\/sinprofaz.org.br\/2024\/wp-json\/wp\/v2\/comments?post=15113"}],"version-history":[{"count":2,"href":"https:\/\/sinprofaz.org.br\/2024\/wp-json\/wp\/v2\/posts\/15113\/revisions"}],"predecessor-version":[{"id":15116,"href":"https:\/\/sinprofaz.org.br\/2024\/wp-json\/wp\/v2\/posts\/15113\/revisions\/15116"}],"wp:featuredmedia":[{"embeddable":true,"href":"https:\/\/sinprofaz.org.br\/2024\/wp-json\/wp\/v2\/media\/15114"}],"wp:attachment":[{"href":"https:\/\/sinprofaz.org.br\/2024\/wp-json\/wp\/v2\/media?parent=15113"}],"wp:term":[{"taxonomy":"category","embeddable":true,"href":"https:\/\/sinprofaz.org.br\/2024\/wp-json\/wp\/v2\/categories?post=15113"},{"taxonomy":"post_tag","embeddable":true,"href":"https:\/\/sinprofaz.org.br\/2024\/wp-json\/wp\/v2\/tags?post=15113"}],"curies":[{"name":"wp","href":"https:\/\/api.w.org\/{rel}","templated":true}]}}