{"id":1511,"date":"2013-10-24T12:53:31","date_gmt":"2013-10-24T12:53:31","guid":{"rendered":""},"modified":"-0001-11-30T00:00:00","modified_gmt":"-0001-11-30T03:00:00","slug":"pfns-participam-da-mobilizacao-pela-aprovacao-dos-honorarios-no-cpc","status":"publish","type":"post","link":"https:\/\/sinprofaz.org.br\/2024\/noticias\/pfns-participam-da-mobilizacao-pela-aprovacao-dos-honorarios-no-cpc\/","title":{"rendered":"PFNs participam da mobiliza\u00e7\u00e3o pela aprova\u00e7\u00e3o dos Honor\u00e1rios no CPC"},"content":{"rendered":"<p><img loading=\"lazy\" decoding=\"async\" style=\"border: 1px solid #000000; margin-right: 10px; float: left;\" alt=\"\" src=\"images\/noticias\/pfns-participam-da-mobilizacao-pela-aprovacao\/foto-24-10-2013.jpg\" height=\"154\" width=\"218\" \/>Na tarde desta quarta-feira (23), v\u00e1rios PFNs marcaram presen\u00e7a e se mobilizaram pela aprova\u00e7\u00e3o dos honor\u00e1rios no relat\u00f3rio do novo C\u00f3digo de Processo Civil.<\/p>\n<p>Os \u00faltimos dois dias foram de intensas atividades no Congresso Nacional no acompanhamento de mat\u00e9rias de interesse da Carreira. Havia acordo entre os l\u00edderes partid\u00e1rios para vota\u00e7\u00e3o do relat\u00f3rio do deputado Paulo Teixeira (PT-SP) ao PL 8046\/10 (apensado ao PL 6025\/05), que institui novo C\u00f3digo de Processo Civil.<\/p>\n<p>E mais: como parte do acordo, ficou assegurada a inclus\u00e3o dos honor\u00e1rios sucumbenciais, conforme est\u00e1 disciplinado no par\u00e1grafo 20 do art. 85 do relat\u00f3rio de Teixeira.<\/p>\n<p>A vota\u00e7\u00e3o ocorreria ontem (23) na terceira reuni\u00e3o extraordin\u00e1ria agendada pelo presidente da C\u00e2mara, deputado Henrique Eduardo Alves (PMDB-RN). Contudo, a falta de acordo para vota\u00e7\u00e3o de outras mat\u00e9rias em sess\u00f5es anteriores acabou impedindo o plen\u00e1rio de deliberar sobre o novo CPC.<\/p>\n<p>Ao final da sess\u00e3o, depois das 23h, o coordenador da Frente Parlamentar Mista em Defesa da Advocacia P\u00fablica, deputado F\u00e1bio Trad (PMDB-MS), lembrou o presidente da Casa sobre o compromisso firmado esta semana com os advogados p\u00fablicos, e a vota\u00e7\u00e3o da mat\u00e9ria dever\u00e1 retornar \u00e0 pauta do plen\u00e1rio na pr\u00f3xima ter\u00e7a-feira, 29 de outubro.<\/p>\n","protected":false},"excerpt":{"rendered":"<p>Na tarde desta quarta-feira (23), v\u00e1rios PFNs marcaram presen\u00e7a e se mobilizaram pela aprova\u00e7\u00e3o dos honor\u00e1rios no relat\u00f3rio do novo C\u00f3digo de Processo Civil.<\/p>\n","protected":false},"author":1,"featured_media":0,"comment_status":"closed","ping_status":"open","sticky":false,"template":"","format":"standard","meta":{"footnotes":""},"categories":[8],"tags":[],"featured_image_url":"https:\/\/dummyimage.com\/720x400","character_count":652,"formatted_date":"24\/10\/2013 - 12:53","contentNovo":"\r\n<p>Na tarde desta quarta-feira (23), v\u00e1rios PFNs marcaram presen\u00e7a e se mobilizaram pela aprova\u00e7\u00e3o dos honor\u00e1rios no relat\u00f3rio do novo C\u00f3digo de Processo Civil.<\/p>\r\n<p>Os \u00faltimos dois dias foram de intensas atividades no Congresso Nacional no acompanhamento de mat\u00e9rias de interesse da Carreira. Havia acordo entre os l\u00edderes partid\u00e1rios para vota\u00e7\u00e3o do relat\u00f3rio do deputado Paulo Teixeira (PT-SP) ao PL 8046\/10 (apensado ao PL 6025\/05), que institui novo C\u00f3digo de Processo Civil.<\/p>\r\n<p>E mais: como parte do acordo, ficou assegurada a inclus\u00e3o dos honor\u00e1rios sucumbenciais, conforme est\u00e1 disciplinado no par\u00e1grafo 20 do art. 85 do relat\u00f3rio de Teixeira.<\/p>\r\n<p>A vota\u00e7\u00e3o ocorreria ontem (23) na terceira reuni\u00e3o extraordin\u00e1ria agendada pelo presidente da C\u00e2mara, deputado Henrique Eduardo Alves (PMDB-RN). Contudo, a falta de acordo para vota\u00e7\u00e3o de outras mat\u00e9rias em sess\u00f5es anteriores acabou impedindo o plen\u00e1rio de deliberar sobre o novo CPC.<\/p>\r\n<p>Ao final da sess\u00e3o, depois das 23h, o coordenador da Frente Parlamentar Mista em Defesa da Advocacia P\u00fablica, deputado F\u00e1bio Trad (PMDB-MS), lembrou o presidente da Casa sobre o compromisso firmado esta semana com os advogados p\u00fablicos, e a vota\u00e7\u00e3o da mat\u00e9ria dever\u00e1 retornar \u00e0 pauta do plen\u00e1rio na pr\u00f3xima ter\u00e7a-feira, 29 de outubro.<\/p>","_links":{"self":[{"href":"https:\/\/sinprofaz.org.br\/2024\/wp-json\/wp\/v2\/posts\/1511"}],"collection":[{"href":"https:\/\/sinprofaz.org.br\/2024\/wp-json\/wp\/v2\/posts"}],"about":[{"href":"https:\/\/sinprofaz.org.br\/2024\/wp-json\/wp\/v2\/types\/post"}],"author":[{"embeddable":true,"href":"https:\/\/sinprofaz.org.br\/2024\/wp-json\/wp\/v2\/users\/1"}],"replies":[{"embeddable":true,"href":"https:\/\/sinprofaz.org.br\/2024\/wp-json\/wp\/v2\/comments?post=1511"}],"version-history":[{"count":0,"href":"https:\/\/sinprofaz.org.br\/2024\/wp-json\/wp\/v2\/posts\/1511\/revisions"}],"wp:attachment":[{"href":"https:\/\/sinprofaz.org.br\/2024\/wp-json\/wp\/v2\/media?parent=1511"}],"wp:term":[{"taxonomy":"category","embeddable":true,"href":"https:\/\/sinprofaz.org.br\/2024\/wp-json\/wp\/v2\/categories?post=1511"},{"taxonomy":"post_tag","embeddable":true,"href":"https:\/\/sinprofaz.org.br\/2024\/wp-json\/wp\/v2\/tags?post=1511"}],"curies":[{"name":"wp","href":"https:\/\/api.w.org\/{rel}","templated":true}]}}