{"id":15109,"date":"2022-09-26T08:50:08","date_gmt":"2022-09-26T11:50:08","guid":{"rendered":"http:\/\/www.sinprofaz.org.br\/?p=15109"},"modified":"2022-09-27T09:24:50","modified_gmt":"2022-09-27T12:24:50","slug":"sinprofaz-se-reune-com-filiadas-eleitas-para-representar-a-carreira-no-csagu","status":"publish","type":"post","link":"https:\/\/sinprofaz.org.br\/2024\/noticias\/sinprofaz-se-reune-com-filiadas-eleitas-para-representar-a-carreira-no-csagu\/","title":{"rendered":"SINPROFAZ SE RE\u00daNE COM FILIADAS ELEITAS PARA REPRESENTAR A CARREIRA NO CSAGU"},"content":{"rendered":"<p>O SINPROFAZ, representado pelo presidente Achilles Frias, esteve reunido na quinta-feira (22) com as filiadas Fernanda Santiago e Herta Rani, representantes da Carreira no Conselho Superior da AGU.<\/p>\n<p>Ao dar in\u00edcio \u00e0 reuni\u00e3o, o presidente do Sindicato reiterou, \u00e0s Colegas, as congratula\u00e7\u00f5es pela disponibilidade de assumirem a representa\u00e7\u00e3o das procuradoras e dos procuradores da Fazenda Nacional. Na vis\u00e3o da Diretoria do SINPROFAZ, o CSAGU exerce papel fundamental ao conectar os pleitos das carreiras \u00e0s decis\u00f5es tomadas pela c\u00fapula da Advocacia-Geral da Uni\u00e3o.<\/p>\n<p>Ao longo do encontro, presidente e representantes abordaram as principais pautas dos PFNs. Entre as quest\u00f5es discutidas, estiveram as estrat\u00e9gias pol\u00edticas relacionadas \u00e0 promo\u00e7\u00e3o e ao pagamento de verbas devidas pela Administra\u00e7\u00e3o. Alinhados, presidente e filiadas tamb\u00e9m debateram o aprimoramento institucional da AGU.<\/p>\n","protected":false},"excerpt":{"rendered":"<p>O SINPROFAZ, representado pelo presidente Achilles Frias, esteve reunido com Fernanda Santiago e Herta Rani, representantes da Carreira no Conselho Superior da AGU. O presidente reiterou, \u00e0s Colegas, as congratula\u00e7\u00f5es pela disponibilidade de assumirem a representa\u00e7\u00e3o.<\/p>\n","protected":false},"author":2,"featured_media":15110,"comment_status":"open","ping_status":"open","sticky":false,"template":"","format":"standard","meta":{"footnotes":""},"categories":[8],"tags":[43,32,25],"featured_image_url":"https:\/\/sinprofaz.org.br\/2024\/wp-content\/uploads\/2022\/09\/sinprofaz-reune-com-filiadas.png","character_count":453,"formatted_date":"26\/09\/2022 - 08:50","contentNovo":"O SINPROFAZ, representado pelo presidente Achilles Frias, esteve reunido na quinta-feira (22) com as filiadas Fernanda Santiago e Herta Rani, representantes da Carreira no Conselho Superior da AGU.\r\n\r\nAo dar in\u00edcio \u00e0 reuni\u00e3o, o presidente do Sindicato reiterou, \u00e0s Colegas, as congratula\u00e7\u00f5es pela disponibilidade de assumirem a representa\u00e7\u00e3o das procuradoras e dos procuradores da Fazenda Nacional. Na vis\u00e3o da Diretoria do SINPROFAZ, o CSAGU exerce papel fundamental ao conectar os pleitos das carreiras \u00e0s decis\u00f5es tomadas pela c\u00fapula da Advocacia-Geral da Uni\u00e3o.\r\n\r\nAo longo do encontro, presidente e representantes abordaram as principais pautas dos PFNs. Entre as quest\u00f5es discutidas, estiveram as estrat\u00e9gias pol\u00edticas relacionadas \u00e0 promo\u00e7\u00e3o e ao pagamento de verbas devidas pela Administra\u00e7\u00e3o. Alinhados, presidente e filiadas tamb\u00e9m debateram o aprimoramento institucional da AGU.","_links":{"self":[{"href":"https:\/\/sinprofaz.org.br\/2024\/wp-json\/wp\/v2\/posts\/15109"}],"collection":[{"href":"https:\/\/sinprofaz.org.br\/2024\/wp-json\/wp\/v2\/posts"}],"about":[{"href":"https:\/\/sinprofaz.org.br\/2024\/wp-json\/wp\/v2\/types\/post"}],"author":[{"embeddable":true,"href":"https:\/\/sinprofaz.org.br\/2024\/wp-json\/wp\/v2\/users\/2"}],"replies":[{"embeddable":true,"href":"https:\/\/sinprofaz.org.br\/2024\/wp-json\/wp\/v2\/comments?post=15109"}],"version-history":[{"count":3,"href":"https:\/\/sinprofaz.org.br\/2024\/wp-json\/wp\/v2\/posts\/15109\/revisions"}],"predecessor-version":[{"id":15118,"href":"https:\/\/sinprofaz.org.br\/2024\/wp-json\/wp\/v2\/posts\/15109\/revisions\/15118"}],"wp:featuredmedia":[{"embeddable":true,"href":"https:\/\/sinprofaz.org.br\/2024\/wp-json\/wp\/v2\/media\/15110"}],"wp:attachment":[{"href":"https:\/\/sinprofaz.org.br\/2024\/wp-json\/wp\/v2\/media?parent=15109"}],"wp:term":[{"taxonomy":"category","embeddable":true,"href":"https:\/\/sinprofaz.org.br\/2024\/wp-json\/wp\/v2\/categories?post=15109"},{"taxonomy":"post_tag","embeddable":true,"href":"https:\/\/sinprofaz.org.br\/2024\/wp-json\/wp\/v2\/tags?post=15109"}],"curies":[{"name":"wp","href":"https:\/\/api.w.org\/{rel}","templated":true}]}}