{"id":1509,"date":"2013-10-23T14:01:41","date_gmt":"2013-10-23T14:01:41","guid":{"rendered":""},"modified":"-0001-11-30T00:00:00","modified_gmt":"-0001-11-30T03:00:00","slug":"novo-cpc-votacao-foi-remarcada-para-hoje-23-as-15h","status":"publish","type":"post","link":"https:\/\/sinprofaz.org.br\/2024\/noticias\/novo-cpc-votacao-foi-remarcada-para-hoje-23-as-15h\/","title":{"rendered":"Novo CPC: vota\u00e7\u00e3o foi remarcada para hoje (23) \u00e0s 15h"},"content":{"rendered":"<p>Toda a press\u00e3o de advogados p\u00fablicos ontem, presentes nos corredores da C\u00e2mara, com maior concentra\u00e7\u00e3o no Sal\u00e3o Verde e nas galerias do plen\u00e1rio, foi muito importante para que o presidente da Casa, deputado Henrique Eduardo Alves (PMDB-RN), mantivesse o acordo firmado na reuni\u00e3o de l\u00edderes partid\u00e1rios.<\/p>\n<p>Por causa de outros acordos de mat\u00e9rias tamb\u00e9m relevantes na ordem do dia da C\u00e2mara, n\u00e3o foi poss\u00edvel colocar em vota\u00e7\u00e3o o relat\u00f3rio ao PL 8046\/10 (apensado ao PL 6025\/05), que institui novo C\u00f3digo de Processo Civil, na noite de ontem (22). Contudo, a vota\u00e7\u00e3o foi remarcada para a sess\u00e3o extraordin\u00e1ria que ocorrer\u00e1 logo mais, no in\u00edcio da tarde.<\/p>\n<p>O SINPROFAZ informa \u00e0 Carreira que tanto o relator, deputado Paulo Teixeira (PT-SP), quanto o presidente da C\u00e2mara asseguraram que o texto que ir\u00e1 a votos nesta tarde contemplar\u00e1 a inclus\u00e3o dos honor\u00e1rios, conforme est\u00e1 disciplinado no par\u00e1grafo 20 do art. 85 do referido relat\u00f3rio.<\/p>\n","protected":false},"excerpt":{"rendered":"<p>Na terceira sess\u00e3o extraordin\u00e1ria desta quarta-feira, o plen\u00e1rio da C\u00e2mara pode votar o novo C\u00f3digo de Processo Civil. SINPROFAZ conclama PFNs a comparecerem \u00e0 Casa legislativa.<\/p>\n","protected":false},"author":1,"featured_media":0,"comment_status":"closed","ping_status":"open","sticky":false,"template":"","format":"standard","meta":{"footnotes":""},"categories":[8],"tags":[],"featured_image_url":"https:\/\/dummyimage.com\/720x400","character_count":484,"formatted_date":"23\/10\/2013 - 14:01","contentNovo":"\r\n<p>Toda a press\u00e3o de advogados p\u00fablicos ontem, presentes nos corredores da C\u00e2mara, com maior concentra\u00e7\u00e3o no Sal\u00e3o Verde e nas galerias do plen\u00e1rio, foi muito importante para que o presidente da Casa, deputado Henrique Eduardo Alves (PMDB-RN), mantivesse o acordo firmado na reuni\u00e3o de l\u00edderes partid\u00e1rios.<\/p>\r\n<p>Por causa de outros acordos de mat\u00e9rias tamb\u00e9m relevantes na ordem do dia da C\u00e2mara, n\u00e3o foi poss\u00edvel colocar em vota\u00e7\u00e3o o relat\u00f3rio ao PL 8046\/10 (apensado ao PL 6025\/05), que institui novo C\u00f3digo de Processo Civil, na noite de ontem (22). Contudo, a vota\u00e7\u00e3o foi remarcada para a sess\u00e3o extraordin\u00e1ria que ocorrer\u00e1 logo mais, no in\u00edcio da tarde.<\/p>\r\n<p>O SINPROFAZ informa \u00e0 Carreira que tanto o relator, deputado Paulo Teixeira (PT-SP), quanto o presidente da C\u00e2mara asseguraram que o texto que ir\u00e1 a votos nesta tarde contemplar\u00e1 a inclus\u00e3o dos honor\u00e1rios, conforme est\u00e1 disciplinado no par\u00e1grafo 20 do art. 85 do referido relat\u00f3rio.<\/p>","_links":{"self":[{"href":"https:\/\/sinprofaz.org.br\/2024\/wp-json\/wp\/v2\/posts\/1509"}],"collection":[{"href":"https:\/\/sinprofaz.org.br\/2024\/wp-json\/wp\/v2\/posts"}],"about":[{"href":"https:\/\/sinprofaz.org.br\/2024\/wp-json\/wp\/v2\/types\/post"}],"author":[{"embeddable":true,"href":"https:\/\/sinprofaz.org.br\/2024\/wp-json\/wp\/v2\/users\/1"}],"replies":[{"embeddable":true,"href":"https:\/\/sinprofaz.org.br\/2024\/wp-json\/wp\/v2\/comments?post=1509"}],"version-history":[{"count":0,"href":"https:\/\/sinprofaz.org.br\/2024\/wp-json\/wp\/v2\/posts\/1509\/revisions"}],"wp:attachment":[{"href":"https:\/\/sinprofaz.org.br\/2024\/wp-json\/wp\/v2\/media?parent=1509"}],"wp:term":[{"taxonomy":"category","embeddable":true,"href":"https:\/\/sinprofaz.org.br\/2024\/wp-json\/wp\/v2\/categories?post=1509"},{"taxonomy":"post_tag","embeddable":true,"href":"https:\/\/sinprofaz.org.br\/2024\/wp-json\/wp\/v2\/tags?post=1509"}],"curies":[{"name":"wp","href":"https:\/\/api.w.org\/{rel}","templated":true}]}}