{"id":1506,"date":"2013-10-22T19:28:38","date_gmt":"2013-10-22T19:28:38","guid":{"rendered":""},"modified":"-0001-11-30T00:00:00","modified_gmt":"-0001-11-30T03:00:00","slug":"sinprofaz-presente-na-reuniao-da-comissao-especial-da-pec-44309","status":"publish","type":"post","link":"https:\/\/sinprofaz.org.br\/2024\/noticias\/sinprofaz-presente-na-reuniao-da-comissao-especial-da-pec-44309\/","title":{"rendered":"SINPROFAZ presente na reuni\u00e3o da comiss\u00e3o especial da PEC 443\/09"},"content":{"rendered":"<p><img loading=\"lazy\" decoding=\"async\" style=\"margin-right: 10px; margin-bottom: 10px; border: 1px solid #000000; float: left;\" alt=\"\" src=\"images\/noticias\/sinprofaz-presente-reuniao\/22-10-2013.jpg\" height=\"154\" width=\"218\" \/>Diretores do Sindicato acompanharam a reuni\u00e3o em que o relator, deputado Mauro Benevides (PMDB-CE), apresentaria parecer \u00e0 mat\u00e9ria. No entanto, falta de acordo transferiu a discuss\u00e3o para daqui a 15 dias.<\/p>\n<p>Advogados P\u00fablicos lotaram o plen\u00e1rio 9 do Anexo II da C\u00e2mara dos Deputados para assistir \u00e0 reuni\u00e3o da comiss\u00e3o especial da PEC 443\/09, que junto com a PEC 452\/09, promovem a reforma da Advocacia P\u00fablica para garantir prerrogativas e remunera\u00e7\u00e3o condizentes com suas atribui\u00e7\u00f5es.<\/p>\n<p><img loading=\"lazy\" decoding=\"async\" style=\"margin-left: 10px; margin-bottom: 10px; border: 1px solid #000000; float: right;\" alt=\"\" src=\"images\/noticias\/sinprofaz-presente-reuniao\/22-10-2013-2.jpg\" height=\"154\" width=\"218\" \/>Na oportunidade, o presidente do SINPROFAZ, Her\u00e1clio Camargo, conversou com o presidente do colegiado, deputado Jos\u00e9 Mentor (PT-SP), e tamb\u00e9m com o relator, deputado Mauro Benevides (PMDB-CE), sobre a import\u00e2ncia da aprova\u00e7\u00e3o desta mat\u00e9ria para garantir isonomia entre \u00e0s Fun\u00e7\u00f5es Essenciais \u00e0 Justi\u00e7a (Advocacia P\u00fablica, Magistratura e Minist\u00e9rio P\u00fablico).<\/p>\n<p>Na pr\u00f3xima semana, os membros da comiss\u00e3o v\u00e3o se reunir na tentativa de chegarem a um consenso em torno do relat\u00f3rio do deputado Benevides. Nova reuni\u00e3o do colegiado para vota\u00e7\u00e3o da PEC 443\/09 ficou pr\u00e9-agendada para daqui a 15 dias.<\/p>\n","protected":false},"excerpt":{"rendered":"<p>Diretores do Sindicato acompanharam a reuni\u00e3o em que o relator, deputado Mauro Benevides (PMDB-CE), apresentaria parecer \u00e0 mat\u00e9ria. No entanto, falta de acordo transferiu a discuss\u00e3o para daqui a 15 dias.<\/p>\n","protected":false},"author":1,"featured_media":0,"comment_status":"closed","ping_status":"open","sticky":false,"template":"","format":"standard","meta":{"footnotes":""},"categories":[8],"tags":[],"featured_image_url":"https:\/\/dummyimage.com\/720x400","character_count":557,"formatted_date":"22\/10\/2013 - 19:28","contentNovo":"\r\n<p>Diretores do Sindicato acompanharam a reuni\u00e3o em que o relator, deputado Mauro Benevides (PMDB-CE), apresentaria parecer \u00e0 mat\u00e9ria. No entanto, falta de acordo transferiu a discuss\u00e3o para daqui a 15 dias.<\/p>\r\n<p>Advogados P\u00fablicos lotaram o plen\u00e1rio 9 do Anexo II da C\u00e2mara dos Deputados para assistir \u00e0 reuni\u00e3o da comiss\u00e3o especial da PEC 443\/09, que junto com a PEC 452\/09, promovem a reforma da Advocacia P\u00fablica para garantir prerrogativas e remunera\u00e7\u00e3o condizentes com suas atribui\u00e7\u00f5es.<\/p>\r\n<p>Na oportunidade, o presidente do SINPROFAZ, Her\u00e1clio Camargo, conversou com o presidente do colegiado, deputado Jos\u00e9 Mentor (PT-SP), e tamb\u00e9m com o relator, deputado Mauro Benevides (PMDB-CE), sobre a import\u00e2ncia da aprova\u00e7\u00e3o desta mat\u00e9ria para garantir isonomia entre \u00e0s Fun\u00e7\u00f5es Essenciais \u00e0 Justi\u00e7a (Advocacia P\u00fablica, Magistratura e Minist\u00e9rio P\u00fablico).<\/p>\r\n<p>Na pr\u00f3xima semana, os membros da comiss\u00e3o v\u00e3o se reunir na tentativa de chegarem a um consenso em torno do relat\u00f3rio do deputado Benevides. Nova reuni\u00e3o do colegiado para vota\u00e7\u00e3o da PEC 443\/09 ficou pr\u00e9-agendada para daqui a 15 dias.<\/p>","_links":{"self":[{"href":"https:\/\/sinprofaz.org.br\/2024\/wp-json\/wp\/v2\/posts\/1506"}],"collection":[{"href":"https:\/\/sinprofaz.org.br\/2024\/wp-json\/wp\/v2\/posts"}],"about":[{"href":"https:\/\/sinprofaz.org.br\/2024\/wp-json\/wp\/v2\/types\/post"}],"author":[{"embeddable":true,"href":"https:\/\/sinprofaz.org.br\/2024\/wp-json\/wp\/v2\/users\/1"}],"replies":[{"embeddable":true,"href":"https:\/\/sinprofaz.org.br\/2024\/wp-json\/wp\/v2\/comments?post=1506"}],"version-history":[{"count":0,"href":"https:\/\/sinprofaz.org.br\/2024\/wp-json\/wp\/v2\/posts\/1506\/revisions"}],"wp:attachment":[{"href":"https:\/\/sinprofaz.org.br\/2024\/wp-json\/wp\/v2\/media?parent=1506"}],"wp:term":[{"taxonomy":"category","embeddable":true,"href":"https:\/\/sinprofaz.org.br\/2024\/wp-json\/wp\/v2\/categories?post=1506"},{"taxonomy":"post_tag","embeddable":true,"href":"https:\/\/sinprofaz.org.br\/2024\/wp-json\/wp\/v2\/tags?post=1506"}],"curies":[{"name":"wp","href":"https:\/\/api.w.org\/{rel}","templated":true}]}}