{"id":15050,"date":"2022-09-12T08:31:58","date_gmt":"2022-09-12T11:31:58","guid":{"rendered":"http:\/\/www.sinprofaz.org.br\/?p=15050"},"modified":"2022-09-12T08:31:58","modified_gmt":"2022-09-12T11:31:58","slug":"pesquisas-do-pfn-daniel-giotti-sobre-ministro-hermes-lima-integram-coletanea-do-stf","status":"publish","type":"post","link":"https:\/\/sinprofaz.org.br\/2024\/noticias\/pesquisas-do-pfn-daniel-giotti-sobre-ministro-hermes-lima-integram-coletanea-do-stf\/","title":{"rendered":"PESQUISAS DO PFN DANIEL GIOTTI SOBRE MINISTRO HERMES LIMA INTEGRAM COLET\u00c2NEA DO STF"},"content":{"rendered":"<p>O filiado Daniel Giotti de Paula \u00e9 o novo autor a contribuir com a cole\u00e7\u00e3o Mem\u00f3ria Jurisprudencial, editada pelo Supremo Tribunal Federal. Coube ao procurador da Fazenda Nacional organizar o volume dedicado ao ministro Hermes Lima, que ingressou no STF em 1963 e foi aposentado tr\u00eas anos depois, por decreto baseado no Ato Institucional (AI) n\u00b0 5. A colet\u00e2nea do STF visa recuperar relevantes fatos institucionais e jur\u00eddicos da Suprema Corte por meio do resgate da vida e da obra de ministros que marcaram a hist\u00f3ria do Tribunal.<\/p>\n<p><strong>Sobre o homenageado<\/strong><br \/>\nHermes Lima nasceu em 22 de dezembro de 1902, em Livramento\/BA, e ingressou na Faculdade de Direito da Bahia aos 20 anos, onde bacharelou-se em Ci\u00eancias Jur\u00eddicas e Sociais. Dedicou-se ao magist\u00e9rio e ao jornalismo. Foi deputado estadual e, como deputado federal, participou da Assembleia Constituinte de 1946. Exerceu a chefia da Casa Civil da Presid\u00eancia da Rep\u00fablica no governo Jo\u00e3o Goulart. Foi ministro do Trabalho e Previd\u00eancia Social e ministro das Rela\u00e7\u00f5es Exteriores.<\/p>\n<p><strong>Sobre o autor<\/strong><br \/>\nDaniel Giotti de Paula \u00e9 doutor em Finan\u00e7as P\u00fablicas, Tributa\u00e7\u00e3o e Desenvolvimento pela Universidade Estadual do Rio de Janeiro (UERJ). Preside o Instituto de Estudos Tribut\u00e1rios e de Finan\u00e7as P\u00fablicas de Juiz de Fora e Regi\u00e3o (IDT-JF). \u00c9 professor de Direito Financeiro e de Direito Tribut\u00e1rio. Atualmente, disputa as elei\u00e7\u00f5es para deputado federal pelo Estado de Minas Gerais (PSDB\/MG).<\/p>\n<p>A s\u00e9rie Mem\u00f3ria Jurisprudencial est\u00e1 dispon\u00edvel em: <a href=\"http:\/\/bit.ly\/MemoriaJurisprudencial\">bit.ly\/MemoriaJurisprudencial<\/a><\/p>\n","protected":false},"excerpt":{"rendered":"<p>O filiado Daniel Giotti de Paula \u00e9 o novo autor a contribuir com a cole\u00e7\u00e3o Mem\u00f3ria Jurisprudencial, editada pelo Supremo Tribunal Federal. Coube ao procurador da Fazenda Nacional organizar o volume dedicado ao ministro Hermes Lima.<\/p>\n","protected":false},"author":2,"featured_media":15051,"comment_status":"open","ping_status":"open","sticky":false,"template":"","format":"standard","meta":{"footnotes":""},"categories":[8],"tags":[32,121,25],"featured_image_url":"https:\/\/sinprofaz.org.br\/2024\/wp-content\/uploads\/2022\/09\/memoria-jurisprudencial.jpg","character_count":774,"formatted_date":"12\/09\/2022 - 08:31","contentNovo":"O filiado Daniel Giotti de Paula \u00e9 o novo autor a contribuir com a cole\u00e7\u00e3o Mem\u00f3ria Jurisprudencial, editada pelo Supremo Tribunal Federal. Coube ao procurador da Fazenda Nacional organizar o volume dedicado ao ministro Hermes Lima, que ingressou no STF em 1963 e foi aposentado tr\u00eas anos depois, por decreto baseado no Ato Institucional (AI) n\u00b0 5. A colet\u00e2nea do STF visa recuperar relevantes fatos institucionais e jur\u00eddicos da Suprema Corte por meio do resgate da vida e da obra de ministros que marcaram a hist\u00f3ria do Tribunal.\r\n\r\n<strong>Sobre o homenageado<\/strong>\r\nHermes Lima nasceu em 22 de dezembro de 1902, em Livramento\/BA, e ingressou na Faculdade de Direito da Bahia aos 20 anos, onde bacharelou-se em Ci\u00eancias Jur\u00eddicas e Sociais. Dedicou-se ao magist\u00e9rio e ao jornalismo. Foi deputado estadual e, como deputado federal, participou da Assembleia Constituinte de 1946. Exerceu a chefia da Casa Civil da Presid\u00eancia da Rep\u00fablica no governo Jo\u00e3o Goulart. Foi ministro do Trabalho e Previd\u00eancia Social e ministro das Rela\u00e7\u00f5es Exteriores.\r\n\r\n<strong>Sobre o autor<\/strong>\r\nDaniel Giotti de Paula \u00e9 doutor em Finan\u00e7as P\u00fablicas, Tributa\u00e7\u00e3o e Desenvolvimento pela Universidade Estadual do Rio de Janeiro (UERJ). Preside o Instituto de Estudos Tribut\u00e1rios e de Finan\u00e7as P\u00fablicas de Juiz de Fora e Regi\u00e3o (IDT-JF). \u00c9 professor de Direito Financeiro e de Direito Tribut\u00e1rio. Atualmente, disputa as elei\u00e7\u00f5es para deputado federal pelo Estado de Minas Gerais (PSDB\/MG).\r\n\r\nA s\u00e9rie Mem\u00f3ria Jurisprudencial est\u00e1 dispon\u00edvel em: <a href=\"http:\/\/bit.ly\/MemoriaJurisprudencial\">bit.ly\/MemoriaJurisprudencial<\/a>","_links":{"self":[{"href":"https:\/\/sinprofaz.org.br\/2024\/wp-json\/wp\/v2\/posts\/15050"}],"collection":[{"href":"https:\/\/sinprofaz.org.br\/2024\/wp-json\/wp\/v2\/posts"}],"about":[{"href":"https:\/\/sinprofaz.org.br\/2024\/wp-json\/wp\/v2\/types\/post"}],"author":[{"embeddable":true,"href":"https:\/\/sinprofaz.org.br\/2024\/wp-json\/wp\/v2\/users\/2"}],"replies":[{"embeddable":true,"href":"https:\/\/sinprofaz.org.br\/2024\/wp-json\/wp\/v2\/comments?post=15050"}],"version-history":[{"count":1,"href":"https:\/\/sinprofaz.org.br\/2024\/wp-json\/wp\/v2\/posts\/15050\/revisions"}],"predecessor-version":[{"id":15052,"href":"https:\/\/sinprofaz.org.br\/2024\/wp-json\/wp\/v2\/posts\/15050\/revisions\/15052"}],"wp:featuredmedia":[{"embeddable":true,"href":"https:\/\/sinprofaz.org.br\/2024\/wp-json\/wp\/v2\/media\/15051"}],"wp:attachment":[{"href":"https:\/\/sinprofaz.org.br\/2024\/wp-json\/wp\/v2\/media?parent=15050"}],"wp:term":[{"taxonomy":"category","embeddable":true,"href":"https:\/\/sinprofaz.org.br\/2024\/wp-json\/wp\/v2\/categories?post=15050"},{"taxonomy":"post_tag","embeddable":true,"href":"https:\/\/sinprofaz.org.br\/2024\/wp-json\/wp\/v2\/tags?post=15050"}],"curies":[{"name":"wp","href":"https:\/\/api.w.org\/{rel}","templated":true}]}}